{"id":656,"date":"2025-04-07T12:41:26","date_gmt":"2025-04-07T12:41:26","guid":{"rendered":"https:\/\/blog.universofamilia.com\/?p=656"},"modified":"2025-04-07T12:41:27","modified_gmt":"2025-04-07T12:41:27","slug":"estas-siendo-observado-y-no-lo-sabes","status":"publish","type":"post","link":"https:\/\/blog.universofamilia.com\/tr\/estas-siendo-observado-y-no-lo-sabes\/","title":{"rendered":"\u0130zleniyorsunuz ve bundan haberiniz yok mu?"},"content":{"rendered":"<h3 class=\"wp-block-heading has-text-align-center\">Profilinizi kimlerin kontrol etti\u011fini merak edin.<\/h3>\n\n\n\n<p><\/p>\n\n\n\n<h5 class=\"wp-block-heading has-text-align-center\"><strong><mark class=\"has-inline-color has-vivid-cyan-blue-color\">Se\u00e7eneklerden birini se\u00e7in!<\/mark><\/strong><\/h5>\n\n\n    <section class=\"mx-1 my-10\">\n                                                <a href=\"https:\/\/blog.universofamilia.com\/tr\/aplicativo-para-saber-quien-visita-mi-perfil\/\" class=\"text-white\" data-analytics-label=\"optionsButton\"\n                    data-action=\"analytics#trackCTA\">\n                    <div data-options-target=\"option\"\n                        class=\"custom-section rounded-xl border p-3 shadow-md w-full bg-green-700 my-3\">\n                        <div class=\"flex w-full items-center justify-between\">\n                            <div class=\"flex items-center space-x-3\">\n                                <div class=\"text-lg font-bold\">\n                                    Profilimi kimin ziyaret etti\u011fini bilmek i\u00e7in uygulama? \u279d\n                                <\/div>\n                            <\/div>\n                        <\/div>\n                    <\/div>\n                <\/a>\n                                                            <a href=\"https:\/\/blog.universofamilia.com\/tr\/aplicativo-google-mensaje\/\" class=\"text-white\" data-analytics-label=\"optionsButton\"\n                    data-action=\"analytics#trackCTA\">\n                    <div data-options-target=\"option\"\n                        class=\"custom-section rounded-xl border p-3 shadow-md w-full bg-green-700 my-3\">\n                        <div class=\"flex w-full items-center justify-between\">\n                            <div class=\"flex items-center space-x-3\">\n                                <div class=\"text-lg font-bold\">\n                                    Aile sohbetlerinin izlenmesi \u279d\n                                <\/div>\n                            <\/div>\n                        <\/div>\n                    <\/div>\n                <\/a>\n                                                            <a href=\"https:\/\/blog.universofamilia.com\/tr\/app-para-localizar-celular-perdido-en-cualquier-lugar\/\" class=\"text-white\" data-analytics-label=\"optionsButton\"\n                    data-action=\"analytics#trackCTA\">\n                    <div data-options-target=\"option\"\n                        class=\"custom-section rounded-xl border p-3 shadow-md w-full bg-green-700 my-3\">\n                        <div class=\"flex w-full items-center justify-between\">\n                            <div class=\"flex items-center space-x-3\">\n                                <div class=\"text-lg font-bold\">\n                                    Herhangi bir mobil cihaz\u0131 bulun \u279d\n                                <\/div>\n                            <\/div>\n                        <\/div>\n                    <\/div>\n                <\/a>\n                            <p class=\"text-xs text-gray-500 text-right hidden\"\n            style=\"margin-left: 50%; margin-bottom: 50px; margin-top: 5px;\">\n            <!-- You will be redirected to another website -->\n        <\/p>\n    <\/section>\n\n\n\n\n<p><\/p>\n\n\n\n<p><strong><a href=\"https:\/\/blog.universofamilia.com\/tr\/descubre-quien-ve-tu-perfil-en-instagram-y-facebook\/\">Profilimi kimler ziyaret ediyor?<\/a><\/strong> E\u011fer kendinize bu soruyu hi\u00e7 sorduysan\u0131z, yaln\u0131z de\u011filsiniz.<\/p>\n\n\n\n<p>Bir\u00e7ok insan, sosyal medya hesaplar\u0131n\u0131 kimlerin takip etti\u011fini ve hi\u00e7bir iz b\u0131rakmad\u0131\u011f\u0131n\u0131 merak ediyor.<\/p>\n\n\n\n<p>Payla\u015f\u0131m\u0131n\u0131zdan hemen sonra baz\u0131 ki\u015filerin ortaya \u00e7\u0131kt\u0131\u011f\u0131n\u0131 fark ettiniz mi? Belki de bu bir tesad\u00fcf de\u011fildir.<\/p>\n\n\n\n<p>Bu makale, baz\u0131 uygulamalar\u0131n sosyal medyada sizi kimin g\u00f6zetledi\u011fini nas\u0131l ortaya \u00e7\u0131karabilece\u011fini ve gizlili\u011finizi nas\u0131l koruyabilece\u011finizi anlaman\u0131za yard\u0131mc\u0131 olacakt\u0131r.<\/p>\n\n\n\n<p>G\u00f6zlerinizi a\u00e7acak inan\u0131lmaz ara\u00e7lar\u0131 ke\u015ffetmeye haz\u0131r olun. Ba\u015flamaya haz\u0131r m\u0131s\u0131n\u0131z?<\/p>\n\n\n\n<p><\/p>\n\n\n\n<hr class=\"wp-block-separator has-alpha-channel-opacity is-style-wide\" \/>\n\n\n\n<h2 class=\"wp-block-heading has-text-align-center\"><mark class=\"has-inline-color has-luminous-vivid-orange-color\"><a href=\"https:\/\/blog.universofamilia.com\/tr\/zumba-en-casa-descubre-la-diversion-de-bailar\/\">Ayr\u0131ca okuyun<\/a><\/mark><\/h2>\n\n\n    <section class=\"mx-1 my-10\">\n                                                <a href=\"https:\/\/blog.universofamilia.com\/tr\/aplicaciones-de-citas\/\" class=\"text-white\" data-analytics-label=\"optionsButton\"\n                    data-action=\"analytics#trackCTA\">\n                    <div data-options-target=\"option\"\n                        class=\"custom-section rounded-xl border p-3 shadow-md w-full bg-green-700 my-3\">\n                        <div class=\"flex w-full items-center justify-between\">\n                            <div class=\"flex items-center space-x-3\">\n                                <div class=\"text-lg font-bold\">\n                                    Arkada\u015fl\u0131k uygulamalar\u0131 \u279d\n                                <\/div>\n                            <\/div>\n                        <\/div>\n                    <\/div>\n                <\/a>\n                                                            <a href=\"https:\/\/blog.universofamilia.com\/tr\/descubre-quien-ve-tu-perfil-en-instagram-y-facebook\/\" class=\"text-white\" data-analytics-label=\"optionsButton\"\n                    data-action=\"analytics#trackCTA\">\n                    <div data-options-target=\"option\"\n                        class=\"custom-section rounded-xl border p-3 shadow-md w-full bg-green-700 my-3\">\n                        <div class=\"flex w-full items-center justify-between\">\n                            <div class=\"flex items-center space-x-3\">\n                                <div class=\"text-lg font-bold\">\n                                    Profilinizi kimlerin g\u00f6r\u00fcnt\u00fcledi\u011fini \u00f6\u011frenin \u279d\n                                <\/div>\n                            <\/div>\n                        <\/div>\n                    <\/div>\n                <\/a>\n                                                            <a href=\"https:\/\/blog.universofamilia.com\/tr\/santa-biblia-ave-maria\/\" class=\"text-white\" data-analytics-label=\"optionsButton\"\n                    data-action=\"analytics#trackCTA\">\n                    <div data-options-target=\"option\"\n                        class=\"custom-section rounded-xl border p-3 shadow-md w-full bg-green-700 my-3\">\n                        <div class=\"flex w-full items-center justify-between\">\n                            <div class=\"flex items-center space-x-3\">\n                                <div class=\"text-lg font-bold\">\n                                    Kutsal \u0130ncil Meryem Ana \u279d\n                                <\/div>\n                            <\/div>\n                        <\/div>\n                    <\/div>\n                <\/a>\n                            <p class=\"text-xs text-gray-500 text-right hidden\"\n            style=\"margin-left: 50%; margin-bottom: 50px; margin-top: 5px;\">\n            <!-- You will be redirected to another website -->\n        <\/p>\n    <\/section>\n\n\n\n\n<p class=\"has-text-align-right\"><em><strong><em><strong><em><strong><em><strong><em><strong>Ayn\u0131 yerde kalacak!<\/strong><\/em><\/strong><\/em><\/strong><\/em><\/strong><\/em><\/strong><\/em><\/p>\n\n\n\n<hr class=\"wp-block-separator has-alpha-channel-opacity is-style-wide\" \/>\n\n\n\n<p><\/p>\n\n\n\n<h2 class=\"wp-block-heading\">\ud83d\udd75\ufe0f\u200d\u2640\ufe0f Profilimi kimler ziyaret ediyor? Bunu \u00f6\u011frenmem m\u00fcmk\u00fcn m\u00fc?<\/h2>\n\n\n\n<h3 class=\"wp-block-heading\">Sessiz g\u00f6rselle\u015ftirmelerin ard\u0131ndaki gizem<\/h3>\n\n\n\n<p>\u00c7o\u011fu sosyal a\u011f, profilinizi kimlerin g\u00f6r\u00fcnt\u00fcledi\u011fini do\u011frudan g\u00f6rmenize izin vermese de, baz\u0131 y\u00f6ntemler mevcuttur. <strong>Profilinizi kimlerin ziyaret etti\u011fini \u00f6\u011frenmenizi sa\u011flayan uygulamalar<\/strong> Davran\u0131\u015f kal\u0131plar\u0131n\u0131, etkile\u015fimleri, hikayelerinize dair g\u00f6r\u00fc\u015fleri ve di\u011fer verileri analiz eden ara\u00e7lar.<\/p>\n\n\n\n<p>Bu uygulamalar sihir yapmaz, ancak size olduk\u00e7a do\u011fru ipu\u00e7lar\u0131 vermek i\u00e7in algoritmalar kullan\u0131rlar. \u00d6rne\u011fin:<\/p>\n\n\n\n<ul>\n<li>Her payla\u015f\u0131m\u0131n hemen ard\u0131ndan &quot;be\u011fen&quot;e kim t\u0131kl\u0131yor?<\/li>\n\n\n\n<li>Hikayelerinizi g\u00f6ren ama asla etkile\u015fime girmeyenler kimler?<\/li>\n\n\n\n<li>Eski g\u00f6nderilere bile s\u0131k s\u0131k yorum yapan ki\u015fi kim?<\/li>\n<\/ul>\n\n\n\n<h3 class=\"wp-block-heading\">Birinin sizi neden g\u00f6zetlemek isteyece\u011fini anlam\u0131yorum?<\/h3>\n\n\n\n<p>Bunun bir\u00e7ok sebebi olabilir:<\/p>\n\n\n\n<ul>\n<li><strong>Merak<\/strong> (Eski partnerler, ge\u00e7mi\u015ften arkada\u015flar\u2026)<\/li>\n\n\n\n<li><strong>Mesleki yeterlilik<\/strong><\/li>\n\n\n\n<li><strong>Romantik ilgisi olan insanlar<\/strong><\/li>\n\n\n\n<li>Ya da k\u0131saca\u2026 bolca bo\u015f zaman\u0131 olan insanlar<\/li>\n<\/ul>\n\n\n\n<p>Do\u011fru ara\u00e7larla, bu gizli davran\u0131\u015flar\u0131 tespit edebilir ve bu bilgilerle ne yapaca\u011f\u0131n\u0131za karar verebilirsiniz.<\/p>\n\n\n\n<h2 class=\"wp-block-heading\">\ud83d\udcf1 Profilinizi kimlerin g\u00f6r\u00fcnt\u00fcledi\u011fini \u00f6\u011frenmek i\u00e7in en iyi uygulamalar<\/h2>\n\n\n\n<p>\u015eimdi size sunuyoruz <strong>3 g\u00fcvenilir uygulama<\/strong> Sosyal medyada sizi kimlerin takip etti\u011fini \u00f6\u011frenmek i\u00e7in. Hepsi Google Play&#039;de mevcut ve pop\u00fclerlikleri, olumlu yorumlar\u0131 ve kullan\u0131m kolayl\u0131klar\u0131 g\u00f6z \u00f6n\u00fcnde bulundurularak se\u00e7ildi.<\/p>\n\n\n\n<h3 class=\"wp-block-heading\">1. <strong>Meter&#039;\u0131 Instagram&#039;da takip edin.<\/strong><\/h3>\n\n\n\n<p><a href=\"https:\/\/followers-unfollowers.en.softonic.com\/android\">\ud83d\udd17 FollowMeter&#039;\u0131 \u0130ndirin<\/a><\/p>\n\n\n\n<p>FollowMeter, Instagram i\u00e7in en kapsaml\u0131 uygulamalardan biridir. Detayl\u0131 istatistikleri analiz eder ve size \u015fu \u00f6zelliklere sahip kullan\u0131c\u0131lar\u0131 g\u00f6sterir:<\/p>\n\n\n\n<ul>\n<li>Sizi takip etmeden hikayelerinizi g\u00f6rmeye gelin.<\/li>\n\n\n\n<li>Sizi takip etmeyi b\u0131rak\u0131yorlar.<\/li>\n\n\n\n<li>\u00c7ok fazla etkile\u015fimde bulunurlar (ya da hi\u00e7!).<\/li>\n<\/ul>\n\n\n\n<p>Hayalet takip\u00e7ilerinizi de g\u00f6rebilir ve ke\u015ffedebilirsiniz. <strong>Sosyal medyada sizi kim g\u00f6zetliyor?<\/strong> Sen bilmeden.<\/p>\n\n\n\n<p>\u2705 Aktif Instagram kullan\u0131c\u0131lar\u0131 i\u00e7in ideal<br><strong><mark class=\"has-inline-color has-luminous-vivid-amber-color\"><strong><mark class=\"has-inline-color has-luminous-vivid-amber-color\"><a>\ud83d\udc49 <\/a><\/mark><\/strong><\/mark><\/strong>Sezgisel ve h\u0131zl\u0131 aray\u00fcz<br>\u2705 Ger\u00e7ek zamanl\u0131 analiz<\/p>\n\n\n\n<p><\/p>\n\n\n\n<hr class=\"wp-block-separator has-alpha-channel-opacity is-style-wide\" \/>\n\n\n\n<h5 class=\"wp-block-heading has-text-align-left\"><strong><mark class=\"has-inline-color has-luminous-vivid-amber-color\"><strong><mark class=\"has-inline-color has-luminous-vivid-amber-color\"><a>\ud83d\udc49 <\/a><strong><mark class=\"has-inline-color has-luminous-vivid-amber-color\"><strong>Uygulamay\u0131 indirin:<\/strong><\/mark><\/strong><\/mark><\/strong><\/mark><\/strong><\/h5>\n\n\n    <section class=\"mx-1 my-10\">\n                                                <a href=\"https:\/\/followers-unfollowers.en.softonic.com\/android\" class=\"text-white\" data-analytics-label=\"optionsButton\"\n                    data-action=\"analytics#trackCTA\">\n                    <div data-options-target=\"option\"\n                        class=\"custom-section rounded-xl border p-3 shadow-md w-full bg-green-700 my-3\">\n                        <div class=\"flex w-full items-center justify-between\">\n                            <div class=\"flex items-center space-x-3\">\n                                <div class=\"text-lg font-bold\">\n                                    Instagram i\u00e7in FollowMeter \u279d\n                                <\/div>\n                            <\/div>\n                        <\/div>\n                    <\/div>\n                <\/a>\n                            <p class=\"text-xs text-gray-500 text-right\"\n            style=\"margin-left: 50%; margin-bottom: 50px; margin-top: 5px;\">\n            <!-- You will be redirected to another website -->\n        <\/p>\n    <\/section>\n\n\n\n\n<p class=\"has-text-align-right\"><em><strong><em><strong><em><strong><em><strong><em><strong><em><strong><em><strong><em><strong><em><strong><em><strong>Ba\u015fka bir siteye y\u00f6nlendirileceksiniz!<\/strong><\/em><\/strong><\/em><\/strong><\/em><\/strong><\/em><\/strong><\/em><\/strong><\/em><\/strong><\/em><\/strong><\/em><\/strong><\/em><\/strong><\/em><\/p>\n\n\n\n<hr class=\"wp-block-separator has-alpha-channel-opacity is-style-wide\" \/>\n\n\n\n<p><\/p>\n\n\n\n<h3 class=\"wp-block-heading\">2. <strong>WhatsApp i\u00e7in Profil Takip Uygulamas\u0131<\/strong><\/h3>\n\n\n\n<p>WhatsApp&#039;ta profil resminizi veya durumunuzu birinin g\u00f6r\u00fcnt\u00fcleyip g\u00f6r\u00fcnt\u00fclemedi\u011fini merak m\u0131 ediyorsunuz? Bu uygulama size yard\u0131mc\u0131 olabilir.<\/p>\n\n\n\n<p>WhatsApp profilinizi kimlerin g\u00f6r\u00fcnt\u00fcledi\u011fini g\u00f6stermese de, \u015fu gibi kal\u0131plar\u0131 tespit ediyor:<\/p>\n\n\n\n<ul>\n<li>Profilinizi s\u0131k s\u0131k g\u00f6r\u00fcnt\u00fcleyen kullan\u0131c\u0131lar<\/li>\n\n\n\n<li>Ekran de\u011fi\u015fiklikleri<\/li>\n\n\n\n<li>Durumlar\u0131n\u0131z\u0131n h\u0131zl\u0131 g\u00f6rselle\u015ftirmeleri<\/li>\n<\/ul>\n\n\n\n<p>\u2705 WhatsApp&#039;\u0131n\u0131z\u0131 takip etmek i\u00e7in m\u00fckemmel<br><strong><mark class=\"has-inline-color has-luminous-vivid-amber-color\"><strong><mark class=\"has-inline-color has-luminous-vivid-amber-color\"><a>\ud83d\udc49 <\/a><\/mark><\/strong><\/mark><\/strong>Her ya\u015f i\u00e7in kullan\u0131m\u0131 kolay.<br>\u2705 G\u00fcvenli ve \u00f6zel veriler<\/p>\n\n\n\n<p><\/p>\n\n\n\n<hr class=\"wp-block-separator has-alpha-channel-opacity is-style-wide\" \/>\n\n\n\n<h5 class=\"wp-block-heading has-text-align-left\"><strong><mark class=\"has-inline-color has-luminous-vivid-amber-color\"><strong><mark class=\"has-inline-color has-luminous-vivid-amber-color\"><a>\ud83d\udc49 <\/a><strong><mark class=\"has-inline-color has-luminous-vivid-amber-color\"><strong>Uygulamay\u0131 indirin:<\/strong><\/mark><\/strong><\/mark><\/strong><\/mark><\/strong><\/h5>\n\n\n    <section class=\"mx-1 my-10\">\n                                                <a href=\"https:\/\/who-visited-my-watsapp-profile-whats-track-pro.en.uptodown.com\/android\/download\" class=\"text-white\" data-analytics-label=\"optionsButton\"\n                    data-action=\"analytics#trackCTA\">\n                    <div data-options-target=\"option\"\n                        class=\"custom-section rounded-xl border p-3 shadow-md w-full bg-green-700 my-3\">\n                        <div class=\"flex w-full items-center justify-between\">\n                            <div class=\"flex items-center space-x-3\">\n                                <div class=\"text-lg font-bold\">\n                                    WhatsApp i\u00e7in Profil Takip Uygulamas\u0131 \u279d\n                                <\/div>\n                            <\/div>\n                        <\/div>\n                    <\/div>\n                <\/a>\n                            <p class=\"text-xs text-gray-500 text-right\"\n            style=\"margin-left: 50%; margin-bottom: 50px; margin-top: 5px;\">\n            <!-- You will be redirected to another website -->\n        <\/p>\n    <\/section>\n\n\n\n\n<p class=\"has-text-align-right\"><em><strong><em><strong><em><strong><em><strong><em><strong><em><strong><em><strong><em><strong><em><strong><em><strong>Ba\u015fka bir siteye y\u00f6nlendirileceksiniz!<\/strong><\/em><\/strong><\/em><\/strong><\/em><\/strong><\/em><\/strong><\/em><\/strong><\/em><\/strong><\/em><\/strong><\/em><\/strong><\/em><\/strong><\/em><\/p>\n\n\n\n<hr class=\"wp-block-separator has-alpha-channel-opacity is-style-wide\" \/>\n\n\n\n<p><\/p>\n\n\n\n<h3 class=\"wp-block-heading\">3. <strong>Facebook i\u00e7in SocialView<\/strong><\/h3>\n\n\n\n<p>SocialView ile tespit edebilirsiniz. <strong>Facebook profilinizi kimler g\u00f6r\u00fcnt\u00fcl\u00fcyor?<\/strong> ve payla\u015f\u0131mlar\u0131n\u0131za en \u00e7ok kim dikkat ediyor.<\/p>\n\n\n\n<p>Size \u015funlar\u0131 g\u00f6steriyor:<\/p>\n\n\n\n<ul>\n<li>S\u0131k s\u0131k size bakan ama asla etkile\u015fime girmeyen biri<\/li>\n\n\n\n<li>\u201cEn iyi takip\u00e7iler\u201d<\/li>\n\n\n\n<li>Sessiz &quot;takip\u00e7iler&quot;<\/li>\n<\/ul>\n\n\n\n<p>\u2705 Facebook hesab\u0131n\u0131z\u0131n limiti s\u0131n\u0131rl\u0131 olsa bile \u00e7al\u0131\u015f\u0131r.<br><strong><mark class=\"has-inline-color has-luminous-vivid-amber-color\"><strong><mark class=\"has-inline-color has-luminous-vivid-amber-color\"><a>\ud83d\udc49 <\/a><\/mark><\/strong><\/mark><\/strong>Gizliliklerine \u00f6nem veren kullan\u0131c\u0131lar i\u00e7in ideal.<br>\u2705 Hafif ve h\u0131zl\u0131<\/p>\n\n\n\n<p><\/p>\n\n\n\n<hr class=\"wp-block-separator has-alpha-channel-opacity is-style-wide\" \/>\n\n\n\n<h5 class=\"wp-block-heading has-text-align-left\"><strong><mark class=\"has-inline-color has-luminous-vivid-amber-color\"><strong><mark class=\"has-inline-color has-luminous-vivid-amber-color\"><a>\ud83d\udc49 <\/a><strong><mark class=\"has-inline-color has-luminous-vivid-amber-color\"><strong>Uygulamay\u0131 indirin:<\/strong><\/mark><\/strong><\/mark><\/strong><\/mark><\/strong><\/h5>\n\n\n    <section class=\"mx-1 my-10\">\n                                                <a href=\"https:\/\/social-view.softonic.com.br\/android\" class=\"text-white\" data-analytics-label=\"optionsButton\"\n                    data-action=\"analytics#trackCTA\">\n                    <div data-options-target=\"option\"\n                        class=\"custom-section rounded-xl border p-3 shadow-md w-full bg-green-700 my-3\">\n                        <div class=\"flex w-full items-center justify-between\">\n                            <div class=\"flex items-center space-x-3\">\n                                <div class=\"text-lg font-bold\">\n                                    Facebook i\u00e7in SocialView \u279d\n                                <\/div>\n                            <\/div>\n                        <\/div>\n                    <\/div>\n                <\/a>\n                            <p class=\"text-xs text-gray-500 text-right\"\n            style=\"margin-left: 50%; margin-bottom: 50px; margin-top: 5px;\">\n            <!-- You will be redirected to another website -->\n        <\/p>\n    <\/section>\n\n\n\n\n<p class=\"has-text-align-right\"><em><strong><em><strong><em><strong><em><strong><em><strong><em><strong><em><strong><em><strong><em><strong><em><strong>Ba\u015fka bir siteye y\u00f6nlendirileceksiniz!<\/strong><\/em><\/strong><\/em><\/strong><\/em><\/strong><\/em><\/strong><\/em><\/strong><\/em><\/strong><\/em><\/strong><\/em><\/strong><\/em><\/strong><\/em><\/p>\n\n\n\n<hr class=\"wp-block-separator has-alpha-channel-opacity is-style-wide\" \/>\n\n\n\n<p><\/p>\n\n\n\n<h2 class=\"wp-block-heading\">\ud83d\udd12 Bu uygulamalar g\u00fcvenli mi?<\/h2>\n\n\n\n<h3 class=\"wp-block-heading\">Bu aletleri g\u00fcvenli bir \u015fekilde nas\u0131l kullanabilirsiniz?<\/h3>\n\n\n\n<p>\u0130yi bir soru. Bu uygulamalar kamuya a\u00e7\u0131k veya kullan\u0131m verilerini kullan\u0131yor olsa da, \u015funlara dikkat etmek \u00f6nemlidir:<\/p>\n\n\n\n<ul>\n<li>Sadece buradan indirin <strong>resmi kaynaklar<\/strong> Google Play gibi<\/li>\n\n\n\n<li>Yorumlar\u0131 ve de\u011ferlendirmeleri okuyun.<\/li>\n\n\n\n<li>Gereksiz izinler vermeyin (mesajlar\u0131n\u0131za eri\u015fim gibi).<\/li>\n<\/ul>\n\n\n\n<p>\u00d6nerilen bu 3 uygulama \u015funlard\u0131r: <strong>g\u00fcvenli ve g\u00fcvenilir<\/strong>Milyonlarca indirme ve s\u00fcrekli g\u00fcncellemelerle.<\/p>\n\n\n\n<h3 class=\"wp-block-heading\">Hangi izinler gerekli (ve hangilerinden ka\u00e7\u0131n\u0131lmal\u0131)?<\/h3>\n\n\n\n<p>Baz\u0131 uygulamalar \u015fu bilgilere eri\u015fim izni ister:<\/p>\n\n\n\n<ul>\n<li>Etkinlik istatistikleri (g\u00f6r\u00fcnt\u00fclemeler, etkile\u015fimler)<\/li>\n\n\n\n<li>Profile eri\u015fim s\u0131n\u0131rl\u0131<\/li>\n\n\n\n<li>De\u011fi\u015fiklik bildirimleri<\/li>\n<\/ul>\n\n\n\n<p>\u015eu bilgileri isteyen uygulamalardan ka\u00e7\u0131n\u0131n:<\/p>\n\n\n\n<ul>\n<li>\u00d6zel mesajlar\u0131n\u0131za tam eri\u015fim<\/li>\n\n\n\n<li>Sizin ad\u0131n\u0131za yay\u0131nlama izni<\/li>\n\n\n\n<li>Gerek\u00e7e g\u00f6sterilmeden bankac\u0131l\u0131k veya ki\u015fisel bilgilerin kullan\u0131m\u0131<\/li>\n<\/ul>\n\n\n\n<h2 class=\"wp-block-heading\">\ud83e\udde0 Gizlili\u011finizi korumak i\u00e7in ek ipu\u00e7lar\u0131<\/h2>\n\n\n\n<p>Sizi kimlerin g\u00f6rd\u00fc\u011f\u00fcn\u00fc bilmek faydal\u0131 olsa da, dijital varl\u0131\u011f\u0131n\u0131z\u0131 korumak da \u00f6nemlidir. \u0130\u015fte baz\u0131 ipu\u00e7lar\u0131:<\/p>\n\n\n\n<ul>\n<li><strong>Gizlilik ayarlar\u0131n\u0131z\u0131 g\u00f6zden ge\u00e7irin.<\/strong> d\u00fczenli olarak<\/li>\n\n\n\n<li><strong>Bloklar<\/strong> veya \u015f\u00fcpheli kullan\u0131c\u0131lar\u0131 k\u0131s\u0131tlar<\/li>\n\n\n\n<li><strong>Tan\u0131mad\u0131\u011f\u0131n\u0131z ki\u015filerden gelen arkada\u015fl\u0131k isteklerini kabul etmeyin.<\/strong><\/li>\n\n\n\n<li><strong>G\u00fc\u00e7l\u00fc \u015fifreler kullan\u0131n.<\/strong> ve iki ad\u0131ml\u0131 do\u011frulamay\u0131 etkinle\u015ftirin<\/li>\n<\/ul>\n\n\n\n<h3 class=\"wp-block-heading\">B\u00fcy\u00fck sosyal a\u011flarda gizlilik ayarlar\u0131 nas\u0131l yap\u0131l\u0131r?<\/h3>\n\n\n\n<p><strong>Instagram<\/strong>Ayarlar &gt; Gizlilik &gt; \u00d6zel Hesap b\u00f6l\u00fcm\u00fcne gidin.<br><strong>Facebook<\/strong>Ayarlar &gt; Gizlilik &gt; G\u00f6nderilerinizi kimler g\u00f6rebilir?<br><strong>WhatsApp<\/strong>Ayarlar &gt; Gizlilik &gt; Profil resmi \/ Durum<\/p>\n\n\n\n<p>K\u00fc\u00e7\u00fck de\u011fi\u015fiklikler b\u00fcy\u00fck fark yaratabilir.<\/p>\n\n\n<div class=\"wp-block-image\">\n<figure class=\"aligncenter size-full\"><img loading=\"lazy\" decoding=\"async\" width=\"500\" height=\"350\" src=\"https:\/\/blog.universofamilia.com\/wp-content\/uploads\/sites\/154\/2025\/04\/DESTAQUE-BLOG-UNIVERSO-550-x-350-25.jpg\" alt=\"\" class=\"wp-image-660\" srcset=\"https:\/\/blog.universofamilia.com\/wp-content\/uploads\/sites\/154\/2025\/04\/DESTAQUE-BLOG-UNIVERSO-550-x-350-25.jpg 500w, https:\/\/blog.universofamilia.com\/wp-content\/uploads\/sites\/154\/2025\/04\/DESTAQUE-BLOG-UNIVERSO-550-x-350-25-300x210.jpg 300w, https:\/\/blog.universofamilia.com\/wp-content\/uploads\/sites\/154\/2025\/04\/DESTAQUE-BLOG-UNIVERSO-550-x-350-25-18x12.jpg 18w\" sizes=\"(max-width: 500px) 100vw, 500px\" \/><figcaption class=\"wp-element-caption\">\u0130zleniyorsunuz ve bundan haberiniz yok mu?<\/figcaption><\/figure><\/div>\n\n\n<h2 class=\"wp-block-heading\">\ud83d\udd0d A\u011f izleme uygulamalar\u0131 hakk\u0131ndaki yanl\u0131\u015f inan\u0131\u015flar<\/h2>\n\n\n\n<h3 class=\"wp-block-heading\">Ger\u00e7ekten i\u015fe yar\u0131yorlar m\u0131?<\/h3>\n\n\n\n<p>Bir\u00e7ok insan bu uygulamalar\u0131n i\u015fe yaramad\u0131\u011f\u0131na inan\u0131yor, ancak ger\u00e7ek \u015fu ki, arkalar\u0131ndaki algoritmalar \u00f6nemli \u00f6l\u00e7\u00fcde geli\u015fti. Size tam olarak 100% listesi g\u00f6stermeyecekler, ancak sizi d\u00fc\u015f\u00fcnd\u00fcrecek kal\u0131plar\u0131 belirleyecekler.<\/p>\n\n\n\n<h3 class=\"wp-block-heading\">Peki ya &quot;sihirli uygulamalar&quot;?<\/h3>\n\n\n\n<p>&quot;Profilinizi kimlerin ziyaret etti\u011fini tam olarak g\u00f6rmeyi&quot; vaat eden uygulamalara kar\u015f\u0131 dikkatli olun. Bunlar genellikle sahte uygulamalard\u0131r veya verilerinizi gizli ama\u00e7lar i\u00e7in toplarlar. \u0130yi yorumlara sahip ve abart\u0131l\u0131 vaatlerde bulunmayan uygulamalar\u0131 tercih edin.<\/p>\n\n\n\n<h2 class=\"wp-block-heading\">\ud83d\udcc8 Bu uygulamalar kimler i\u00e7in?<\/h2>\n\n\n\n<ul>\n<li><strong>Gen\u00e7ler<\/strong> Ho\u015fland\u0131klar\u0131 ki\u015finin kendilerine bak\u0131p bakmad\u0131\u011f\u0131n\u0131 \u00f6\u011frenmek isteyenler<\/li>\n\n\n\n<li><strong>Ya\u015fl\u0131 yeti\u015fkinler<\/strong> gizlilikleri konusunda endi\u015feli<\/li>\n\n\n\n<li><strong>Giri\u015fimciler ve yarat\u0131c\u0131lar<\/strong> izleyicilerini analiz etmeye \u00e7al\u0131\u015fanlar<\/li>\n\n\n\n<li><strong>Ebeveynler<\/strong> \u00e7ocuklar\u0131n\u0131 internette korumak isteyenler<\/li>\n<\/ul>\n\n\n\n<p>Basit ve g\u00f6rsel bir aray\u00fcz sayesinde, teknolojiye a\u015fina olmayanlar bile sorunsuz bir \u015fekilde kullanabilecekler.<\/p>\n\n\n\n<h2 class=\"wp-block-heading\">\ud83d\udcca Bu uygulamalar taraf\u0131ndan sa\u011flanan verileri nas\u0131l yorumlayabilirsiniz?<\/h2>\n\n\n\n<p>Bu uygulamalar sadece profilinizi kimlerin g\u00f6r\u00fcnt\u00fcledi\u011fini bilmekle ilgili de\u011fil. Uygulamalar ayr\u0131ca \u015funlar\u0131 da sunuyor:<\/p>\n\n\n\n<ul>\n<li>En yo\u011fun etkile\u015fim zamanlar\u0131<\/li>\n\n\n\n<li>En \u00e7ok ilgi \u00e7eken i\u00e7erik t\u00fcr\u00fc<\/li>\n\n\n\n<li>Sessiz takip\u00e7iler ve aktif takip\u00e7iler<\/li>\n<\/ul>\n\n\n\n<p>Bu veriler, neyi, ne zaman ve hangi yakla\u015f\u0131mla yay\u0131nlayaca\u011f\u0131n\u0131za karar vermenize yard\u0131mc\u0131 olabilir.<\/p>\n\n\n\n<h2 class=\"wp-block-heading\">\ud83d\udcac Ger\u00e7ek kullan\u0131c\u0131 deneyimleri<\/h2>\n\n\n\n<p>Bir\u00e7ok kullan\u0131c\u0131 \u015fu ke\u015fifleri yapt\u0131\u011f\u0131n\u0131 bildiriyor:<\/p>\n\n\n\n<ul>\n<li>Eski partnerler ge\u00e7mi\u015flerini g\u00f6zden ge\u00e7iriyorlar.<\/li>\n\n\n\n<li>\u0130\u015f arkada\u015flar\u0131 payla\u015f\u0131mlar\u0131n\u0131 takip ediyor.<\/li>\n\n\n\n<li>Etkile\u015fimde bulunmayan yeni &quot;\u015f\u00fcpheli&quot; takip\u00e7iler<\/li>\n<\/ul>\n\n\n\n<p>&quot;FollowMeter uygulamas\u0131n\u0131 kulland\u0131m ve eski sevgilimin t\u00fcm hikayelerimi izledi\u011fini ke\u015ffettim. \u015eok oldum!&quot; diyor 24 ya\u015f\u0131ndaki Mariana.<\/p>\n\n\n\n<h2 class=\"wp-block-heading\">\ud83d\udd01 Bu bilgiyi arkada\u015flar\u0131n\u0131zla payla\u015f\u0131n<\/h2>\n\n\n\n<p>Bu makaleyi faydal\u0131 buldunuz mu? Belki de &quot;Profilimi kim ziyaret ediyor?&quot; diye merak eden bir arkada\u015f\u0131n\u0131z veya aile \u00fcyeniz vard\u0131r? Onlara WhatsApp \u00fczerinden g\u00f6nderin!<\/p>\n\n\n\n<h2 class=\"wp-block-heading\">\ud83d\ude80 Hemen harekete ge\u00e7in!<\/h2>\n\n\n\n<p>En iyilerini zaten biliyorsunuz. <strong>Profilinizi kimlerin ziyaret etti\u011fini \u00f6\u011frenmenizi sa\u011flayan uygulamalar<\/strong>Onlar\u0131n nas\u0131l \u00e7al\u0131\u015ft\u0131\u011f\u0131n\u0131, ne gibi faydalar sa\u011flad\u0131\u011f\u0131n\u0131 ve nas\u0131l g\u00fcvenli bir \u015fekilde kullan\u0131laca\u011f\u0131n\u0131 \u00f6\u011frendiniz.<\/p>\n\n\n\n<p>Merak\u0131n seni cevaps\u0131z b\u0131rakmas\u0131na izin verme.<\/p>\n\n\n\n<p><strong>\u00d6nerilen uygulamalar\u0131 \u015fimdi indirin<\/strong> ve sosyal a\u011flar\u0131n\u0131z \u00fczerinde tam kontrol sahibi olmaya ba\u015flay\u0131n.<\/p>\n\n\n\n<p>Sizi kimin izledi\u011fini \u00f6\u011frenmeye haz\u0131r m\u0131s\u0131n\u0131z?<\/p>","protected":false},"excerpt":{"rendered":"<p>Siente curiosidad por saber qui\u00e9n revisa tu perfil \u00a1Elija una de las opciones! \u00bfQui\u00e9n visita mi perfil? Si alguna vez te has hecho esta pregunta, no est\u00e1s solo. Muchas personas sienten curiosidad por saber qui\u00e9n observa sus redes sociales sin dejar rastro. \u00bfHas notado que ciertas personas siempre aparecen justo despu\u00e9s de que t\u00fa publicas [&hellip;]<\/p>","protected":false},"author":139,"featured_media":660,"comment_status":"closed","ping_status":"open","sticky":false,"template":"","format":"standard","meta":{"footnotes":""},"categories":[4],"tags":[417,416,415,119,125],"yoast_head":"<!-- This site is optimized with the Yoast SEO plugin v23.3 - https:\/\/yoast.com\/wordpress\/plugins\/seo\/ -->\n<title>\u00bfEst\u00e1s siendo observado y no lo sabes? - Blog Universo Fam\u00edlia<\/title>\n<meta name=\"description\" content=\"\u00bfEst\u00e1s siendo observado y no lo sabes?. \u00bfQui\u00e9n visita mi perfil? Si alguna vez te has hecho esta pregunta, no est\u00e1s solo.Muchas personas\" \/>\n<meta name=\"robots\" content=\"index, follow, max-snippet:-1, max-image-preview:large, max-video-preview:-1\" \/>\n<link rel=\"canonical\" href=\"https:\/\/blog.universofamilia.com\/tr\/estas-siendo-observado-y-no-lo-sabes\/\" \/>\n<meta property=\"og:locale\" content=\"tr_TR\" \/>\n<meta property=\"og:type\" content=\"article\" \/>\n<meta property=\"og:title\" content=\"\u00bfEst\u00e1s siendo observado y no lo sabes? - Blog Universo Fam\u00edlia\" \/>\n<meta property=\"og:description\" content=\"\u00bfEst\u00e1s siendo observado y no lo sabes?. \u00bfQui\u00e9n visita mi perfil? Si alguna vez te has hecho esta pregunta, no est\u00e1s solo.Muchas personas\" \/>\n<meta property=\"og:url\" content=\"https:\/\/blog.universofamilia.com\/tr\/estas-siendo-observado-y-no-lo-sabes\/\" \/>\n<meta property=\"og:site_name\" content=\"Blog Universo Fam\u00edlia\" \/>\n<meta property=\"article:published_time\" content=\"2025-04-07T12:41:26+00:00\" \/>\n<meta property=\"article:modified_time\" content=\"2025-04-07T12:41:27+00:00\" \/>\n<meta property=\"og:image\" content=\"https:\/\/blog.universofamilia.com\/wp-content\/uploads\/sites\/154\/2025\/04\/DESTAQUE-BLOG-UNIVERSO-550-x-350-25.jpg\" \/>\n\t<meta property=\"og:image:width\" content=\"500\" \/>\n\t<meta property=\"og:image:height\" content=\"350\" \/>\n\t<meta property=\"og:image:type\" content=\"image\/jpeg\" \/>\n<meta name=\"author\" content=\"Pedro Henrique\" \/>\n<meta name=\"twitter:card\" content=\"summary_large_image\" \/>\n<meta name=\"twitter:label1\" content=\"Written by\" \/>\n\t<meta name=\"twitter:data1\" content=\"Pedro Henrique\" \/>\n\t<meta name=\"twitter:label2\" content=\"Est. reading time\" \/>\n\t<meta name=\"twitter:data2\" content=\"7 dakika\" \/>\n<script type=\"application\/ld+json\" class=\"yoast-schema-graph\">{\"@context\":\"https:\/\/schema.org\",\"@graph\":[{\"@type\":\"WebPage\",\"@id\":\"https:\/\/blog.universofamilia.com\/ro\/estas-siendo-observado-y-no-lo-sabes\/\",\"url\":\"https:\/\/blog.universofamilia.com\/ro\/estas-siendo-observado-y-no-lo-sabes\/\",\"name\":\"\u00bfEst\u00e1s siendo observado y no lo sabes? - Blog Universo Fam\u00edlia\",\"isPartOf\":{\"@id\":\"https:\/\/blog.universofamilia.com\/ko\/#website\"},\"primaryImageOfPage\":{\"@id\":\"https:\/\/blog.universofamilia.com\/ro\/estas-siendo-observado-y-no-lo-sabes\/#primaryimage\"},\"image\":{\"@id\":\"https:\/\/blog.universofamilia.com\/ro\/estas-siendo-observado-y-no-lo-sabes\/#primaryimage\"},\"thumbnailUrl\":\"https:\/\/blog.universofamilia.com\/wp-content\/uploads\/sites\/154\/2025\/04\/DESTAQUE-BLOG-UNIVERSO-550-x-350-25.jpg\",\"datePublished\":\"2025-04-07T12:41:26+00:00\",\"dateModified\":\"2025-04-07T12:41:27+00:00\",\"author\":{\"@id\":\"https:\/\/blog.universofamilia.com\/ko\/#\/schema\/person\/f07ce98187dd84d31154262e79b3b7ca\"},\"description\":\"\u00bfEst\u00e1s siendo observado y no lo sabes?. \u00bfQui\u00e9n visita mi perfil? Si alguna vez te has hecho esta pregunta, no est\u00e1s solo.Muchas personas\",\"breadcrumb\":{\"@id\":\"https:\/\/blog.universofamilia.com\/ro\/estas-siendo-observado-y-no-lo-sabes\/#breadcrumb\"},\"inLanguage\":\"tr\",\"potentialAction\":[{\"@type\":\"ReadAction\",\"target\":[\"https:\/\/blog.universofamilia.com\/ro\/estas-siendo-observado-y-no-lo-sabes\/\"]}]},{\"@type\":\"ImageObject\",\"inLanguage\":\"tr\",\"@id\":\"https:\/\/blog.universofamilia.com\/ro\/estas-siendo-observado-y-no-lo-sabes\/#primaryimage\",\"url\":\"https:\/\/blog.universofamilia.com\/wp-content\/uploads\/sites\/154\/2025\/04\/DESTAQUE-BLOG-UNIVERSO-550-x-350-25.jpg\",\"contentUrl\":\"https:\/\/blog.universofamilia.com\/wp-content\/uploads\/sites\/154\/2025\/04\/DESTAQUE-BLOG-UNIVERSO-550-x-350-25.jpg\",\"width\":500,\"height\":350,\"caption\":\"\u00bfEst\u00e1s siendo observado y no lo sabes?\"},{\"@type\":\"BreadcrumbList\",\"@id\":\"https:\/\/blog.universofamilia.com\/ro\/estas-siendo-observado-y-no-lo-sabes\/#breadcrumb\",\"itemListElement\":[{\"@type\":\"ListItem\",\"position\":1,\"name\":\"Home\",\"item\":\"https:\/\/blog.universofamilia.com\/ko\/\"},{\"@type\":\"ListItem\",\"position\":2,\"name\":\"\u00bfEst\u00e1s siendo observado y no lo sabes?\"}]},{\"@type\":\"WebSite\",\"@id\":\"https:\/\/blog.universofamilia.com\/ko\/#website\",\"url\":\"https:\/\/blog.universofamilia.com\/ko\/\",\"name\":\"Blog Universo Fam\u00edlia\",\"description\":\"\",\"potentialAction\":[{\"@type\":\"SearchAction\",\"target\":{\"@type\":\"EntryPoint\",\"urlTemplate\":\"https:\/\/blog.universofamilia.com\/ko\/?s={search_term_string}\"},\"query-input\":\"required name=search_term_string\"}],\"inLanguage\":\"tr\"},{\"@type\":\"Person\",\"@id\":\"https:\/\/blog.universofamilia.com\/ko\/#\/schema\/person\/f07ce98187dd84d31154262e79b3b7ca\",\"name\":\"Pedro Henrique\",\"image\":{\"@type\":\"ImageObject\",\"inLanguage\":\"tr\",\"@id\":\"https:\/\/blog.universofamilia.com\/ko\/#\/schema\/person\/image\/\",\"url\":\"https:\/\/secure.gravatar.com\/avatar\/9edfeb808cb4e1599f64d6e45b130154?s=96&d=mm&r=g\",\"contentUrl\":\"https:\/\/secure.gravatar.com\/avatar\/9edfeb808cb4e1599f64d6e45b130154?s=96&d=mm&r=g\",\"caption\":\"Pedro Henrique\"},\"url\":\"https:\/\/blog.universofamilia.com\/tr\/author\/editor01\/\"}]}<\/script>\n<!-- \/ Yoast SEO plugin. -->","yoast_head_json":{"title":"\u00bfEst\u00e1s siendo observado y no lo sabes? - Blog Universo Fam\u00edlia","description":"\u00bfEst\u00e1s siendo observado y no lo sabes?. \u00bfQui\u00e9n visita mi perfil? Si alguna vez te has hecho esta pregunta, no est\u00e1s solo.Muchas personas","robots":{"index":"index","follow":"follow","max-snippet":"max-snippet:-1","max-image-preview":"max-image-preview:large","max-video-preview":"max-video-preview:-1"},"canonical":"https:\/\/blog.universofamilia.com\/tr\/estas-siendo-observado-y-no-lo-sabes\/","og_locale":"tr_TR","og_type":"article","og_title":"\u00bfEst\u00e1s siendo observado y no lo sabes? - Blog Universo Fam\u00edlia","og_description":"\u00bfEst\u00e1s siendo observado y no lo sabes?. \u00bfQui\u00e9n visita mi perfil? Si alguna vez te has hecho esta pregunta, no est\u00e1s solo.Muchas personas","og_url":"https:\/\/blog.universofamilia.com\/tr\/estas-siendo-observado-y-no-lo-sabes\/","og_site_name":"Blog Universo Fam\u00edlia","article_published_time":"2025-04-07T12:41:26+00:00","article_modified_time":"2025-04-07T12:41:27+00:00","og_image":[{"width":500,"height":350,"url":"https:\/\/blog.universofamilia.com\/wp-content\/uploads\/sites\/154\/2025\/04\/DESTAQUE-BLOG-UNIVERSO-550-x-350-25.jpg","type":"image\/jpeg"}],"author":"Pedro Henrique","twitter_card":"summary_large_image","twitter_misc":{"Written by":"Pedro Henrique","Est. reading time":"7 dakika"},"schema":{"@context":"https:\/\/schema.org","@graph":[{"@type":"WebPage","@id":"https:\/\/blog.universofamilia.com\/ro\/estas-siendo-observado-y-no-lo-sabes\/","url":"https:\/\/blog.universofamilia.com\/ro\/estas-siendo-observado-y-no-lo-sabes\/","name":"\u00bfEst\u00e1s siendo observado y no lo sabes? - Blog Universo Fam\u00edlia","isPartOf":{"@id":"https:\/\/blog.universofamilia.com\/ko\/#website"},"primaryImageOfPage":{"@id":"https:\/\/blog.universofamilia.com\/ro\/estas-siendo-observado-y-no-lo-sabes\/#primaryimage"},"image":{"@id":"https:\/\/blog.universofamilia.com\/ro\/estas-siendo-observado-y-no-lo-sabes\/#primaryimage"},"thumbnailUrl":"https:\/\/blog.universofamilia.com\/wp-content\/uploads\/sites\/154\/2025\/04\/DESTAQUE-BLOG-UNIVERSO-550-x-350-25.jpg","datePublished":"2025-04-07T12:41:26+00:00","dateModified":"2025-04-07T12:41:27+00:00","author":{"@id":"https:\/\/blog.universofamilia.com\/ko\/#\/schema\/person\/f07ce98187dd84d31154262e79b3b7ca"},"description":"\u00bfEst\u00e1s siendo observado y no lo sabes?. \u00bfQui\u00e9n visita mi perfil? Si alguna vez te has hecho esta pregunta, no est\u00e1s solo.Muchas personas","breadcrumb":{"@id":"https:\/\/blog.universofamilia.com\/ro\/estas-siendo-observado-y-no-lo-sabes\/#breadcrumb"},"inLanguage":"tr","potentialAction":[{"@type":"ReadAction","target":["https:\/\/blog.universofamilia.com\/ro\/estas-siendo-observado-y-no-lo-sabes\/"]}]},{"@type":"ImageObject","inLanguage":"tr","@id":"https:\/\/blog.universofamilia.com\/ro\/estas-siendo-observado-y-no-lo-sabes\/#primaryimage","url":"https:\/\/blog.universofamilia.com\/wp-content\/uploads\/sites\/154\/2025\/04\/DESTAQUE-BLOG-UNIVERSO-550-x-350-25.jpg","contentUrl":"https:\/\/blog.universofamilia.com\/wp-content\/uploads\/sites\/154\/2025\/04\/DESTAQUE-BLOG-UNIVERSO-550-x-350-25.jpg","width":500,"height":350,"caption":"\u00bfEst\u00e1s siendo observado y no lo sabes?"},{"@type":"BreadcrumbList","@id":"https:\/\/blog.universofamilia.com\/ro\/estas-siendo-observado-y-no-lo-sabes\/#breadcrumb","itemListElement":[{"@type":"ListItem","position":1,"name":"Home","item":"https:\/\/blog.universofamilia.com\/ko\/"},{"@type":"ListItem","position":2,"name":"\u00bfEst\u00e1s siendo observado y no lo sabes?"}]},{"@type":"WebSite","@id":"https:\/\/blog.universofamilia.com\/ko\/#website","url":"https:\/\/blog.universofamilia.com\/ko\/","name":"Blog Universo Fam\u00edlia","description":"","potentialAction":[{"@type":"SearchAction","target":{"@type":"EntryPoint","urlTemplate":"https:\/\/blog.universofamilia.com\/ko\/?s={search_term_string}"},"query-input":"required name=search_term_string"}],"inLanguage":"tr"},{"@type":"Person","@id":"https:\/\/blog.universofamilia.com\/ko\/#\/schema\/person\/f07ce98187dd84d31154262e79b3b7ca","name":"Pedro Henrique","image":{"@type":"ImageObject","inLanguage":"tr","@id":"https:\/\/blog.universofamilia.com\/ko\/#\/schema\/person\/image\/","url":"https:\/\/secure.gravatar.com\/avatar\/9edfeb808cb4e1599f64d6e45b130154?s=96&d=mm&r=g","contentUrl":"https:\/\/secure.gravatar.com\/avatar\/9edfeb808cb4e1599f64d6e45b130154?s=96&d=mm&r=g","caption":"Pedro Henrique"},"url":"https:\/\/blog.universofamilia.com\/tr\/author\/editor01\/"}]}},"_links":{"self":[{"href":"https:\/\/blog.universofamilia.com\/tr\/wp-json\/wp\/v2\/posts\/656"}],"collection":[{"href":"https:\/\/blog.universofamilia.com\/tr\/wp-json\/wp\/v2\/posts"}],"about":[{"href":"https:\/\/blog.universofamilia.com\/tr\/wp-json\/wp\/v2\/types\/post"}],"author":[{"embeddable":true,"href":"https:\/\/blog.universofamilia.com\/tr\/wp-json\/wp\/v2\/users\/139"}],"replies":[{"embeddable":true,"href":"https:\/\/blog.universofamilia.com\/tr\/wp-json\/wp\/v2\/comments?post=656"}],"version-history":[{"count":2,"href":"https:\/\/blog.universofamilia.com\/tr\/wp-json\/wp\/v2\/posts\/656\/revisions"}],"predecessor-version":[{"id":703,"href":"https:\/\/blog.universofamilia.com\/tr\/wp-json\/wp\/v2\/posts\/656\/revisions\/703"}],"wp:featuredmedia":[{"embeddable":true,"href":"https:\/\/blog.universofamilia.com\/tr\/wp-json\/wp\/v2\/media\/660"}],"wp:attachment":[{"href":"https:\/\/blog.universofamilia.com\/tr\/wp-json\/wp\/v2\/media?parent=656"}],"wp:term":[{"taxonomy":"category","embeddable":true,"href":"https:\/\/blog.universofamilia.com\/tr\/wp-json\/wp\/v2\/categories?post=656"},{"taxonomy":"post_tag","embeddable":true,"href":"https:\/\/blog.universofamilia.com\/tr\/wp-json\/wp\/v2\/tags?post=656"}],"curies":[{"name":"wp","href":"https:\/\/api.w.org\/{rel}","templated":true}]}}