{"id":168,"date":"2024-12-26T14:21:50","date_gmt":"2024-12-26T14:21:50","guid":{"rendered":"https:\/\/blog.universofamilia.com\/?p=168"},"modified":"2025-12-12T18:24:11","modified_gmt":"2025-12-12T18:24:11","slug":"advenimiento-de-los-coches-y-camiones-autonomos","status":"publish","type":"post","link":"https:\/\/blog.universofamilia.com\/tr\/advenimiento-de-los-coches-y-camiones-autonomos\/","title":{"rendered":"Otonom Araba ve Kamyonlar\u0131n Geli\u015fi"},"content":{"rendered":"<p>Otonom ara\u00e7lar ve kamyonlar art\u0131k bilim kurgu filmlerinden uzak bir vizyon de\u011fil, elle tutulur bir ger\u00e7eklik.<\/p>\n\n\n\n<p>Etkileyici teknolojik ilerlemeleriyle bu makineler, ula\u015f\u0131mda devrim yarat\u0131yor ve daha fazla g\u00fcvenlik, verimlilik ve rahatl\u0131k vaat ediyor. Peki bu noktaya nas\u0131l geldik?<\/p>\n\n\n\n<p>Peki gelecekte bizi neler bekliyor? Bu yaz\u0131da, d\u00fcnyay\u0131 de\u011fi\u015ftiren bu teknolojinin tarihini, zorluklar\u0131n\u0131, son geli\u015fmelerini ve sonraki ad\u0131mlar\u0131n\u0131 inceleyece\u011fiz.<\/p>\n\n\n\n<h2 class=\"wp-block-heading\"><strong>Tarih\u00e7e ve \u0130lk Prototipler<\/strong><\/h2>\n\n\n\n<p>Otonom s\u00fcr\u00fc\u015fl\u00fc ara\u00e7 fikri g\u00f6r\u00fcnd\u00fc\u011f\u00fc kadar yeni de\u011fil. 20. y\u00fczy\u0131l\u0131n ba\u015flar\u0131ndan beri m\u00fchendisler, insan s\u00fcr\u00fc\u015f\u00fcn\u00fcn yerini alabilecek sistemler yaratmay\u0131 hayal ediyor.<\/p>\n\n\n\n<p>1925 y\u0131l\u0131nda m\u00fchendis Francis Houdina, New York sokaklar\u0131nda ilk radyo kontroll\u00fc &quot;s\u00fcr\u00fcc\u00fcs\u00fcz arabay\u0131&quot; tan\u0131tt\u0131.<\/p>\n\n\n\n<p>Her ne kadar ilkel olsa da bu giri\u015fim, modern otonom otomobillerin geli\u015ftirilmesinin \u00f6n\u00fcn\u00fc a\u00e7t\u0131.<\/p>\n\n\n\n<p>1980&#039;lerde Carnegie Mellon \u00dcniversitesi&#039;nin Navlab Projesi ilk \u00f6nemli geli\u015fmeleri getirdi.<\/p>\n\n\n\n<p>Bu prototipler, kontroll\u00fc ortamlarda gezinmek i\u00e7in kameralar ve sens\u00f6rler kullan\u0131yordu.<\/p>\n\n\n\n<p>Bir di\u011fer \u00f6nemli d\u00f6n\u00fcm noktas\u0131 ise \u015firketleri ve \u00fcniversiteleri, karma\u015f\u0131k \u00e7\u00f6l rotalar\u0131nda gidebilen otonom ara\u00e7lar geli\u015ftirmeye te\u015fvik eden DARPA Grand Challenge program\u0131yd\u0131.<\/p>\n\n\n\n<h2 class=\"wp-block-heading\"><strong>\u0130lk Testler ve \u0130lk Engeller<\/strong><\/h2>\n\n\n\n<p>Otonom ara\u00e7lar\u0131n ilk testleri \u00fcniversite kamp\u00fcsleri ve test pistleri gibi kapal\u0131, kontroll\u00fc ortamlarda ger\u00e7ekle\u015ftirildi.<\/p>\n\n\n\n<p>O d\u00f6nemde kar\u015f\u0131la\u015f\u0131lan en b\u00fcy\u00fck zorluk sens\u00f6rlerin do\u011frulu\u011fu ve verilerin ger\u00e7ek zamanl\u0131 i\u015flenebilmesiydi.<\/p>\n\n\n\n<p>Ayr\u0131ca, bu teknolojiye uygun altyap\u0131n\u0131n eksikli\u011fi, teknolojinin geni\u015f \u00e7apta benimsenmesini engelledi.<\/p>\n\n\n\n<p>Ancak ger\u00e7ek trafik ko\u015fullar\u0131nda ilk testleri 2010&#039;lu y\u0131llarda g\u00f6rd\u00fck.<\/p>\n\n\n\n<p>Google (\u015fimdi Waymo) ve Tesla gibi \u015firketler, LiDAR, y\u00fcksek \u00e7\u00f6z\u00fcn\u00fcrl\u00fckl\u00fc kameralar ve \u00e7evreyi yorumlamak i\u00e7in makine \u00f6\u011frenme algoritmalar\u0131 gibi teknolojileri kullanarak otonom ara\u00e7lar\u0131 yollarda test etmeye ba\u015flad\u0131.<\/p>\n\n\n\n<h2 class=\"wp-block-heading\"><strong>Otonom Ara\u00e7lar\u0131n G\u00fcncel Ger\u00e7ekli\u011fi<\/strong><\/h2>\n\n\n\n<p>G\u00fcn\u00fcm\u00fczde otonom otomobiller ve kamyonlar d\u00fcnyan\u0131n \u00e7e\u015fitli \u015fehirlerinde ger\u00e7e\u011fe d\u00f6n\u00fc\u015fm\u00fc\u015f durumda.<\/p>\n\n\n\n<p>Waymo, Tesla, Uber ve Mercedes-Benz gibi \u015firketler, yar\u0131 otonom sistemlerden tam otonom ara\u00e7lara kadar uzanan \u00e7\u00f6z\u00fcmler sunarak pazara \u00f6nc\u00fcl\u00fck ediyor.<\/p>\n\n\n\n<p>Pratikte bu teknoloji \u015fu sekt\u00f6rlerde kullan\u0131lmaktad\u0131r:<\/p>\n\n\n\n<ul class=\"wp-block-list\">\n<li><strong>Yolcu Ta\u015f\u0131mac\u0131l\u0131\u011f\u0131:<\/strong> ABD&#039;nin Phoenix gibi \u015fehirlerinde s\u00fcr\u00fcc\u00fcs\u00fcz ara\u00e7 filolar\u0131 i\u015fleten Waymo One gibi hizmetler.<\/li>\n\n\n\n<li><strong>Lojistik ve Kargo:<\/strong> TuSimple&#039;\u0131n otonom kamyonlar\u0131 \u015fimdiden binlerce kilometre yol kat ederek y\u00fck ta\u015f\u0131yor.<\/li>\n\n\n\n<li><strong>Test Ara\u00e7lar\u0131:<\/strong> Tesla&#039;n\u0131n Autopilot&#039;u gibi k\u0131smi otopilot sistemine sahip otomobiller, s\u00fcr\u00fcc\u00fclerin otoyollarda rahat bir s\u00fcr\u00fc\u015f deneyimi ya\u015famas\u0131n\u0131 sa\u011fl\u0131yor.<\/li>\n<\/ul>\n\n\n\n<h2 class=\"wp-block-heading\"><strong>\u00dcreticiler ve Son Teknolojiler<\/strong><\/h2>\n\n\n\n<p>Bu pazarda rekabet \u00e7ok \u015fiddetli ve bir\u00e7ok \u015firket liderlik i\u00e7in yar\u0131\u015f\u0131yor.<\/p>\n\n\n\n<p>\u0130\u015fte \u00f6nde gelen \u00fcreticilerden baz\u0131lar\u0131 ve teknolojileri:<\/p>\n\n\n\n<ol class=\"wp-block-list\">\n<li><strong>Waymo:<\/strong> Sekt\u00f6rde \u00f6nc\u00fc olan bu sistem, LiDAR teknolojisini kullanarak nesneleri tespit ediyor ve \u00e7evrenin detayl\u0131 haritalar\u0131n\u0131 olu\u015fturuyor.<\/li>\n\n\n\n<li><strong>Tesla:<\/strong> Eri\u015filebilir \u00e7\u00f6z\u00fcmlere odaklanan sistemde, geli\u015fmi\u015f yapay zekan\u0131n yan\u0131 s\u0131ra kameralar ve ultrasonik sens\u00f6rler kullan\u0131l\u0131yor.<\/li>\n\n\n\n<li><strong>Mercedes-Benz:<\/strong> L\u00fcks ara\u00e7lar\u0131nda Drive Pilot gibi yar\u0131 otonom sistemler sunuyor.<\/li>\n\n\n\n<li><strong>Aurora \u0130novasyonu:<\/strong> Otonom kamyon sistemleri konusunda uzmanla\u015fm\u0131\u015f, lojistik sekt\u00f6r\u00fcnde g\u00fc\u00e7l\u00fc bir varl\u0131\u011fa sahip.<\/li>\n<\/ol>\n\n\n\n<h2 class=\"wp-block-heading\"><strong>Zorluklar ve Sonraki Ad\u0131mlar<\/strong><\/h2>\n\n\n\n<p>\u0130lerleme etkileyici olsa da, \u00f6nemli zorluklar devam ediyor. Bunlardan biri de mevzuat sorunu, \u00e7\u00fcnk\u00fc bir\u00e7ok \u00fclke h\u00e2l\u00e2 otonom ara\u00e7lar i\u00e7in net standartlardan yoksun.<\/p>\n\n\n\n<p>Dahas\u0131, g\u00fcvenlik s\u00fcrekli bir endi\u015fe kayna\u011f\u0131d\u0131r. Otonom ara\u00e7lar\u0131n kar\u0131\u015ft\u0131\u011f\u0131 m\u00fcnferit kaza vakalar\u0131, bu sistemlerin g\u00fcvenilirli\u011fi konusunda soru i\u015faretleri yaratm\u0131\u015ft\u0131r.<\/p>\n\n\n\n<p>Bir di\u011fer \u00f6nemli nokta ise kamuoyunun kabul\u00fcd\u00fcr. Ne de olsa bir\u00e7ok insan, arac\u0131n\u0131n kontrol\u00fcn\u00fc bir makineye devretme fikrinden h\u00e2l\u00e2 rahats\u0131z.<\/p>\n\n\n\n<p>Bu zorluklar\u0131n \u00fcstesinden gelmek i\u00e7in \u015firketler \u015fu alanlara yat\u0131r\u0131m yap\u0131yor:<\/p>\n\n\n\n<ul class=\"wp-block-list\">\n<li><strong>Geli\u015ftirilmi\u015f G\u00fcvenlik:<\/strong> Ar\u0131zalar\u0131 \u00f6nlemek i\u00e7in yedekliliklerin uygulanmas\u0131.<\/li>\n\n\n\n<li><strong>T\u00fcketici E\u011fitimi:<\/strong> Teknolojinin faydalar\u0131 ve g\u00fcvenli\u011fi konusunda kamuoyunu bilgilendirmeye y\u00f6nelik kampanyalar.<\/li>\n\n\n\n<li><strong>H\u00fck\u00fcmetlerle \u0130\u015fbirlikleri:<\/strong> Ak\u0131ll\u0131 trafik \u0131\u015f\u0131klar\u0131 gibi uyarlanm\u0131\u015f altyap\u0131n\u0131n geli\u015ftirilmesi.<\/li>\n<\/ul>\n\n\n<div class=\"wp-block-image\">\n<figure class=\"aligncenter size-large\"><img loading=\"lazy\" decoding=\"async\" width=\"1024\" height=\"585\" src=\"http:\/\/blog.universofamilia.com\/wp-content\/uploads\/sites\/154\/2024\/12\/DALL\u00b7E-2024-12-26-11.20.34-A-realistic-depiction-of-a-futuristic-highway-with-autonomous-cars-and-trucks-in-operation.-The-scene-should-showcase-modern-technology-such-as-self-d-1024x585.webp\" alt=\"\" class=\"wp-image-174\" srcset=\"https:\/\/blog.universofamilia.com\/wp-content\/uploads\/sites\/154\/2024\/12\/DALL\u00b7E-2024-12-26-11.20.34-A-realistic-depiction-of-a-futuristic-highway-with-autonomous-cars-and-trucks-in-operation.-The-scene-should-showcase-modern-technology-such-as-self-d-1024x585.webp 1024w, https:\/\/blog.universofamilia.com\/wp-content\/uploads\/sites\/154\/2024\/12\/DALL\u00b7E-2024-12-26-11.20.34-A-realistic-depiction-of-a-futuristic-highway-with-autonomous-cars-and-trucks-in-operation.-The-scene-should-showcase-modern-technology-such-as-self-d-300x171.webp 300w, https:\/\/blog.universofamilia.com\/wp-content\/uploads\/sites\/154\/2024\/12\/DALL\u00b7E-2024-12-26-11.20.34-A-realistic-depiction-of-a-futuristic-highway-with-autonomous-cars-and-trucks-in-operation.-The-scene-should-showcase-modern-technology-such-as-self-d-768x439.webp 768w, https:\/\/blog.universofamilia.com\/wp-content\/uploads\/sites\/154\/2024\/12\/DALL\u00b7E-2024-12-26-11.20.34-A-realistic-depiction-of-a-futuristic-highway-with-autonomous-cars-and-trucks-in-operation.-The-scene-should-showcase-modern-technology-such-as-self-d-1536x878.webp 1536w, https:\/\/blog.universofamilia.com\/wp-content\/uploads\/sites\/154\/2024\/12\/DALL\u00b7E-2024-12-26-11.20.34-A-realistic-depiction-of-a-futuristic-highway-with-autonomous-cars-and-trucks-in-operation.-The-scene-should-showcase-modern-technology-such-as-self-d-18x10.webp 18w, https:\/\/blog.universofamilia.com\/wp-content\/uploads\/sites\/154\/2024\/12\/DALL\u00b7E-2024-12-26-11.20.34-A-realistic-depiction-of-a-futuristic-highway-with-autonomous-cars-and-trucks-in-operation.-The-scene-should-showcase-modern-technology-such-as-self-d.webp 1792w\" sizes=\"(max-width: 1024px) 100vw, 1024px\" \/><figcaption class=\"wp-element-caption\">Otonom Araba ve Kamyonlar\u0131n Geli\u015fi<\/figcaption><\/figure><\/div>\n\n\n<h2 class=\"wp-block-heading\"><strong>Toplum ve Ekonomi \u00dczerindeki Etkileri<\/strong><\/h2>\n\n\n\n<p>Otonom ara\u00e7lar\u0131n faydalar\u0131 yads\u0131namaz. En \u00f6nemli etkileri aras\u0131nda \u015funlar\u0131 vurgulayabiliriz:<\/p>\n\n\n\n<ul class=\"wp-block-list\">\n<li><strong>Kaza Azaltma:<\/strong> Yap\u0131lan ara\u015ft\u0131rmalar, otonom ara\u00e7larla trafik kazalar\u0131n\u0131n y\u00fczde 90&#039;\u0131n\u0131n \u00f6nlenebilece\u011fini g\u00f6steriyor.<\/li>\n\n\n\n<li><strong>Daha Az Trafik S\u0131k\u0131\u015f\u0131kl\u0131\u011f\u0131:<\/strong> Otonom s\u00fcr\u00fc\u015f sistemleri trafik ak\u0131\u015f\u0131n\u0131 optimize ediyor.<\/li>\n\n\n\n<li><strong>Sosyal Kat\u0131l\u0131m:<\/strong> Engelli ve ya\u015fl\u0131 bireyler bu teknolojiden b\u00fcy\u00fck \u00f6l\u00e7\u00fcde faydalanacak.<\/li>\n\n\n\n<li><strong>\u0130\u015fg\u00fcc\u00fc Piyasas\u0131nda D\u00f6n\u00fc\u015f\u00fcm:<\/strong> Y\u00fcksek teknoloji sekt\u00f6rlerinde f\u0131rsatlar yarat\u0131rken, ayn\u0131 zamanda \u015fof\u00f6rl\u00fck gibi geleneksel i\u015flerin de yerini alabilir.<\/li>\n<\/ul>\n\n\n\n<h2 class=\"wp-block-heading\"><strong>\u00c7\u00f6z\u00fcm<\/strong><\/h2>\n\n\n\n<p>Otonom s\u00fcr\u00fc\u015fl\u00fc otomobil ve kamyonlar\u0131n ortaya \u00e7\u0131k\u0131\u015f\u0131 \u00e7a\u011f\u0131m\u0131z\u0131n en b\u00fcy\u00fck yeniliklerinden biridir.<\/p>\n\n\n\n<p>Seyahat etme ve mal ta\u015f\u0131ma \u015feklimizi de\u011fi\u015ftirmeyi vaat eden bir devrime tan\u0131k oluyoruz.<\/p>\n\n\n\n<p>Ancak bu yolculuk h\u00e2l\u00e2 devam ediyor ve zorluklarla ve f\u0131rsatlarla dolu. Bu teknoloji hakk\u0131nda ne d\u00fc\u015f\u00fcn\u00fcyorsunuz?<\/p>\n\n\n\n<p>Otonom bir arabaya binmeye g\u00f6n\u00fcll\u00fc olur muydunuz? Yorumunuzu b\u0131rak\u0131n ve fikrinizi payla\u015f\u0131n!<\/p>\n\n\n\n<p>Kim bilir, belki de siz ba\u015fkalar\u0131na, ba\u015flam\u0131\u015f olan bu gelecek hakk\u0131nda d\u00fc\u015f\u00fcnmeleri i\u00e7in ilham verirsiniz.<\/p>","protected":false},"excerpt":{"rendered":"<p>Los coches y camiones aut\u00f3nomos ya no son una visi\u00f3n lejana de las pel\u00edculas de ciencia ficci\u00f3n, sino una realidad tangible. Con avances tecnol\u00f3gicos impresionantes, estas m\u00e1quinas est\u00e1n revolucionando el transporte, prometiendo mayor seguridad, eficiencia y conveniencia. Pero, \u00bfc\u00f3mo llegamos hasta aqu\u00ed? \u00bfY qu\u00e9 nos depara el futuro? En este art\u00edculo, exploraremos la historia, los [&hellip;]<\/p>","protected":false},"author":139,"featured_media":174,"comment_status":"closed","ping_status":"open","sticky":false,"template":"","format":"standard","meta":{"footnotes":""},"categories":[4],"tags":[35,76,133],"yoast_head":"<!-- This site is optimized with the Yoast SEO plugin v23.3 - https:\/\/yoast.com\/wordpress\/plugins\/seo\/ -->\n<title>Advenimiento de los Coches y Camiones Aut\u00f3nomos - Blog Universo Fam\u00edlia<\/title>\n<meta name=\"description\" content=\"Advenimiento de los Coches y Camiones Aut\u00f3nomos. Los coches y camiones aut\u00f3nomos ya no son una visi\u00f3n lejana de las pel\u00edculas de ciencia ficci\u00f3n...\" \/>\n<meta name=\"robots\" content=\"index, follow, max-snippet:-1, max-image-preview:large, max-video-preview:-1\" \/>\n<link rel=\"canonical\" href=\"http:\/\/blog.universofamilia.com\/tr\/advenimiento-de-los-coches-y-camiones-autonomos\/\" \/>\n<meta property=\"og:locale\" content=\"tr_TR\" \/>\n<meta property=\"og:type\" content=\"article\" \/>\n<meta property=\"og:title\" content=\"Advenimiento de los Coches y Camiones Aut\u00f3nomos - Blog Universo Fam\u00edlia\" \/>\n<meta property=\"og:description\" content=\"Advenimiento de los Coches y Camiones Aut\u00f3nomos. Los coches y camiones aut\u00f3nomos ya no son una visi\u00f3n lejana de las pel\u00edculas de ciencia ficci\u00f3n...\" \/>\n<meta property=\"og:url\" content=\"http:\/\/blog.universofamilia.com\/tr\/advenimiento-de-los-coches-y-camiones-autonomos\/\" \/>\n<meta property=\"og:site_name\" content=\"Blog Universo Fam\u00edlia\" \/>\n<meta property=\"article:published_time\" content=\"2024-12-26T14:21:50+00:00\" \/>\n<meta property=\"article:modified_time\" content=\"2025-12-12T18:24:11+00:00\" \/>\n<meta property=\"og:image\" content=\"http:\/\/blog.universofamilia.com\/wp-content\/uploads\/sites\/154\/2024\/12\/DALL\u00b7E-2024-12-26-11.20.34-A-realistic-depiction-of-a-futuristic-highway-with-autonomous-cars-and-trucks-in-operation.-The-scene-should-showcase-modern-technology-such-as-self-d.webp\" \/>\n\t<meta property=\"og:image:width\" content=\"1792\" \/>\n\t<meta property=\"og:image:height\" content=\"1024\" \/>\n\t<meta property=\"og:image:type\" content=\"image\/webp\" \/>\n<meta name=\"author\" content=\"Pedro Henrique\" \/>\n<meta name=\"twitter:card\" content=\"summary_large_image\" \/>\n<meta name=\"twitter:label1\" content=\"Written by\" \/>\n\t<meta name=\"twitter:data1\" content=\"Pedro Henrique\" \/>\n\t<meta name=\"twitter:label2\" content=\"Est. reading time\" \/>\n\t<meta name=\"twitter:data2\" content=\"6 dakika\" \/>\n<script type=\"application\/ld+json\" class=\"yoast-schema-graph\">{\"@context\":\"https:\/\/schema.org\",\"@graph\":[{\"@type\":\"WebPage\",\"@id\":\"http:\/\/blog.universofamilia.com\/zh_hk\/advenimiento-de-los-coches-y-camiones-autonomos\/\",\"url\":\"http:\/\/blog.universofamilia.com\/zh_hk\/advenimiento-de-los-coches-y-camiones-autonomos\/\",\"name\":\"Advenimiento de los Coches y Camiones Aut\u00f3nomos - Blog Universo Fam\u00edlia\",\"isPartOf\":{\"@id\":\"https:\/\/blog.universofamilia.com\/ko\/#website\"},\"primaryImageOfPage\":{\"@id\":\"http:\/\/blog.universofamilia.com\/zh_hk\/advenimiento-de-los-coches-y-camiones-autonomos\/#primaryimage\"},\"image\":{\"@id\":\"http:\/\/blog.universofamilia.com\/zh_hk\/advenimiento-de-los-coches-y-camiones-autonomos\/#primaryimage\"},\"thumbnailUrl\":\"https:\/\/blog.universofamilia.com\/wp-content\/uploads\/sites\/154\/2024\/12\/DALL\u00b7E-2024-12-26-11.20.34-A-realistic-depiction-of-a-futuristic-highway-with-autonomous-cars-and-trucks-in-operation.-The-scene-should-showcase-modern-technology-such-as-self-d.webp\",\"datePublished\":\"2024-12-26T14:21:50+00:00\",\"dateModified\":\"2025-12-12T18:24:11+00:00\",\"author\":{\"@id\":\"https:\/\/blog.universofamilia.com\/ko\/#\/schema\/person\/f07ce98187dd84d31154262e79b3b7ca\"},\"description\":\"Advenimiento de los Coches y Camiones Aut\u00f3nomos. Los coches y camiones aut\u00f3nomos ya no son una visi\u00f3n lejana de las pel\u00edculas de ciencia ficci\u00f3n...\",\"breadcrumb\":{\"@id\":\"http:\/\/blog.universofamilia.com\/zh_hk\/advenimiento-de-los-coches-y-camiones-autonomos\/#breadcrumb\"},\"inLanguage\":\"tr\",\"potentialAction\":[{\"@type\":\"ReadAction\",\"target\":[\"http:\/\/blog.universofamilia.com\/zh_hk\/advenimiento-de-los-coches-y-camiones-autonomos\/\"]}]},{\"@type\":\"ImageObject\",\"inLanguage\":\"tr\",\"@id\":\"http:\/\/blog.universofamilia.com\/zh_hk\/advenimiento-de-los-coches-y-camiones-autonomos\/#primaryimage\",\"url\":\"https:\/\/blog.universofamilia.com\/wp-content\/uploads\/sites\/154\/2024\/12\/DALL\u00b7E-2024-12-26-11.20.34-A-realistic-depiction-of-a-futuristic-highway-with-autonomous-cars-and-trucks-in-operation.-The-scene-should-showcase-modern-technology-such-as-self-d.webp\",\"contentUrl\":\"https:\/\/blog.universofamilia.com\/wp-content\/uploads\/sites\/154\/2024\/12\/DALL\u00b7E-2024-12-26-11.20.34-A-realistic-depiction-of-a-futuristic-highway-with-autonomous-cars-and-trucks-in-operation.-The-scene-should-showcase-modern-technology-such-as-self-d.webp\",\"width\":1792,\"height\":1024,\"caption\":\"Advenimiento de los Coches y Camiones Aut\u00f3nomos\"},{\"@type\":\"BreadcrumbList\",\"@id\":\"http:\/\/blog.universofamilia.com\/zh_hk\/advenimiento-de-los-coches-y-camiones-autonomos\/#breadcrumb\",\"itemListElement\":[{\"@type\":\"ListItem\",\"position\":1,\"name\":\"Home\",\"item\":\"https:\/\/blog.universofamilia.com\/ko\/\"},{\"@type\":\"ListItem\",\"position\":2,\"name\":\"Advenimiento de los Coches y Camiones Aut\u00f3nomos\"}]},{\"@type\":\"WebSite\",\"@id\":\"https:\/\/blog.universofamilia.com\/ko\/#website\",\"url\":\"https:\/\/blog.universofamilia.com\/ko\/\",\"name\":\"Blog Universo Fam\u00edlia\",\"description\":\"\",\"potentialAction\":[{\"@type\":\"SearchAction\",\"target\":{\"@type\":\"EntryPoint\",\"urlTemplate\":\"https:\/\/blog.universofamilia.com\/ko\/?s={search_term_string}\"},\"query-input\":\"required name=search_term_string\"}],\"inLanguage\":\"tr\"},{\"@type\":\"Person\",\"@id\":\"https:\/\/blog.universofamilia.com\/ko\/#\/schema\/person\/f07ce98187dd84d31154262e79b3b7ca\",\"name\":\"Pedro Henrique\",\"image\":{\"@type\":\"ImageObject\",\"inLanguage\":\"tr\",\"@id\":\"https:\/\/blog.universofamilia.com\/ko\/#\/schema\/person\/image\/\",\"url\":\"https:\/\/secure.gravatar.com\/avatar\/9edfeb808cb4e1599f64d6e45b130154?s=96&d=mm&r=g\",\"contentUrl\":\"https:\/\/secure.gravatar.com\/avatar\/9edfeb808cb4e1599f64d6e45b130154?s=96&d=mm&r=g\",\"caption\":\"Pedro Henrique\"},\"url\":\"https:\/\/blog.universofamilia.com\/tr\/author\/editor01\/\"}]}<\/script>\n<!-- \/ Yoast SEO plugin. -->","yoast_head_json":{"title":"Advenimiento de los Coches y Camiones Aut\u00f3nomos - Blog Universo Fam\u00edlia","description":"Advenimiento de los Coches y Camiones Aut\u00f3nomos. Los coches y camiones aut\u00f3nomos ya no son una visi\u00f3n lejana de las pel\u00edculas de ciencia ficci\u00f3n...","robots":{"index":"index","follow":"follow","max-snippet":"max-snippet:-1","max-image-preview":"max-image-preview:large","max-video-preview":"max-video-preview:-1"},"canonical":"http:\/\/blog.universofamilia.com\/tr\/advenimiento-de-los-coches-y-camiones-autonomos\/","og_locale":"tr_TR","og_type":"article","og_title":"Advenimiento de los Coches y Camiones Aut\u00f3nomos - Blog Universo Fam\u00edlia","og_description":"Advenimiento de los Coches y Camiones Aut\u00f3nomos. Los coches y camiones aut\u00f3nomos ya no son una visi\u00f3n lejana de las pel\u00edculas de ciencia ficci\u00f3n...","og_url":"http:\/\/blog.universofamilia.com\/tr\/advenimiento-de-los-coches-y-camiones-autonomos\/","og_site_name":"Blog Universo Fam\u00edlia","article_published_time":"2024-12-26T14:21:50+00:00","article_modified_time":"2025-12-12T18:24:11+00:00","og_image":[{"width":1792,"height":1024,"url":"http:\/\/blog.universofamilia.com\/wp-content\/uploads\/sites\/154\/2024\/12\/DALL\u00b7E-2024-12-26-11.20.34-A-realistic-depiction-of-a-futuristic-highway-with-autonomous-cars-and-trucks-in-operation.-The-scene-should-showcase-modern-technology-such-as-self-d.webp","type":"image\/webp"}],"author":"Pedro Henrique","twitter_card":"summary_large_image","twitter_misc":{"Written by":"Pedro Henrique","Est. reading time":"6 dakika"},"schema":{"@context":"https:\/\/schema.org","@graph":[{"@type":"WebPage","@id":"http:\/\/blog.universofamilia.com\/zh_hk\/advenimiento-de-los-coches-y-camiones-autonomos\/","url":"http:\/\/blog.universofamilia.com\/zh_hk\/advenimiento-de-los-coches-y-camiones-autonomos\/","name":"Advenimiento de los Coches y Camiones Aut\u00f3nomos - Blog Universo Fam\u00edlia","isPartOf":{"@id":"https:\/\/blog.universofamilia.com\/ko\/#website"},"primaryImageOfPage":{"@id":"http:\/\/blog.universofamilia.com\/zh_hk\/advenimiento-de-los-coches-y-camiones-autonomos\/#primaryimage"},"image":{"@id":"http:\/\/blog.universofamilia.com\/zh_hk\/advenimiento-de-los-coches-y-camiones-autonomos\/#primaryimage"},"thumbnailUrl":"https:\/\/blog.universofamilia.com\/wp-content\/uploads\/sites\/154\/2024\/12\/DALL\u00b7E-2024-12-26-11.20.34-A-realistic-depiction-of-a-futuristic-highway-with-autonomous-cars-and-trucks-in-operation.-The-scene-should-showcase-modern-technology-such-as-self-d.webp","datePublished":"2024-12-26T14:21:50+00:00","dateModified":"2025-12-12T18:24:11+00:00","author":{"@id":"https:\/\/blog.universofamilia.com\/ko\/#\/schema\/person\/f07ce98187dd84d31154262e79b3b7ca"},"description":"Advenimiento de los Coches y Camiones Aut\u00f3nomos. Los coches y camiones aut\u00f3nomos ya no son una visi\u00f3n lejana de las pel\u00edculas de ciencia ficci\u00f3n...","breadcrumb":{"@id":"http:\/\/blog.universofamilia.com\/zh_hk\/advenimiento-de-los-coches-y-camiones-autonomos\/#breadcrumb"},"inLanguage":"tr","potentialAction":[{"@type":"ReadAction","target":["http:\/\/blog.universofamilia.com\/zh_hk\/advenimiento-de-los-coches-y-camiones-autonomos\/"]}]},{"@type":"ImageObject","inLanguage":"tr","@id":"http:\/\/blog.universofamilia.com\/zh_hk\/advenimiento-de-los-coches-y-camiones-autonomos\/#primaryimage","url":"https:\/\/blog.universofamilia.com\/wp-content\/uploads\/sites\/154\/2024\/12\/DALL\u00b7E-2024-12-26-11.20.34-A-realistic-depiction-of-a-futuristic-highway-with-autonomous-cars-and-trucks-in-operation.-The-scene-should-showcase-modern-technology-such-as-self-d.webp","contentUrl":"https:\/\/blog.universofamilia.com\/wp-content\/uploads\/sites\/154\/2024\/12\/DALL\u00b7E-2024-12-26-11.20.34-A-realistic-depiction-of-a-futuristic-highway-with-autonomous-cars-and-trucks-in-operation.-The-scene-should-showcase-modern-technology-such-as-self-d.webp","width":1792,"height":1024,"caption":"Advenimiento de los Coches y Camiones Aut\u00f3nomos"},{"@type":"BreadcrumbList","@id":"http:\/\/blog.universofamilia.com\/zh_hk\/advenimiento-de-los-coches-y-camiones-autonomos\/#breadcrumb","itemListElement":[{"@type":"ListItem","position":1,"name":"Home","item":"https:\/\/blog.universofamilia.com\/ko\/"},{"@type":"ListItem","position":2,"name":"Advenimiento de los Coches y Camiones Aut\u00f3nomos"}]},{"@type":"WebSite","@id":"https:\/\/blog.universofamilia.com\/ko\/#website","url":"https:\/\/blog.universofamilia.com\/ko\/","name":"Blog Universo Fam\u00edlia","description":"","potentialAction":[{"@type":"SearchAction","target":{"@type":"EntryPoint","urlTemplate":"https:\/\/blog.universofamilia.com\/ko\/?s={search_term_string}"},"query-input":"required name=search_term_string"}],"inLanguage":"tr"},{"@type":"Person","@id":"https:\/\/blog.universofamilia.com\/ko\/#\/schema\/person\/f07ce98187dd84d31154262e79b3b7ca","name":"Pedro Henrique","image":{"@type":"ImageObject","inLanguage":"tr","@id":"https:\/\/blog.universofamilia.com\/ko\/#\/schema\/person\/image\/","url":"https:\/\/secure.gravatar.com\/avatar\/9edfeb808cb4e1599f64d6e45b130154?s=96&d=mm&r=g","contentUrl":"https:\/\/secure.gravatar.com\/avatar\/9edfeb808cb4e1599f64d6e45b130154?s=96&d=mm&r=g","caption":"Pedro Henrique"},"url":"https:\/\/blog.universofamilia.com\/tr\/author\/editor01\/"}]}},"_links":{"self":[{"href":"https:\/\/blog.universofamilia.com\/tr\/wp-json\/wp\/v2\/posts\/168"}],"collection":[{"href":"https:\/\/blog.universofamilia.com\/tr\/wp-json\/wp\/v2\/posts"}],"about":[{"href":"https:\/\/blog.universofamilia.com\/tr\/wp-json\/wp\/v2\/types\/post"}],"author":[{"embeddable":true,"href":"https:\/\/blog.universofamilia.com\/tr\/wp-json\/wp\/v2\/users\/139"}],"replies":[{"embeddable":true,"href":"https:\/\/blog.universofamilia.com\/tr\/wp-json\/wp\/v2\/comments?post=168"}],"version-history":[{"count":1,"href":"https:\/\/blog.universofamilia.com\/tr\/wp-json\/wp\/v2\/posts\/168\/revisions"}],"predecessor-version":[{"id":1459,"href":"https:\/\/blog.universofamilia.com\/tr\/wp-json\/wp\/v2\/posts\/168\/revisions\/1459"}],"wp:featuredmedia":[{"embeddable":true,"href":"https:\/\/blog.universofamilia.com\/tr\/wp-json\/wp\/v2\/media\/174"}],"wp:attachment":[{"href":"https:\/\/blog.universofamilia.com\/tr\/wp-json\/wp\/v2\/media?parent=168"}],"wp:term":[{"taxonomy":"category","embeddable":true,"href":"https:\/\/blog.universofamilia.com\/tr\/wp-json\/wp\/v2\/categories?post=168"},{"taxonomy":"post_tag","embeddable":true,"href":"https:\/\/blog.universofamilia.com\/tr\/wp-json\/wp\/v2\/tags?post=168"}],"curies":[{"name":"wp","href":"https:\/\/api.w.org\/{rel}","templated":true}]}}