{"id":656,"date":"2025-04-07T12:41:26","date_gmt":"2025-04-07T12:41:26","guid":{"rendered":"https:\/\/blog.universofamilia.com\/?p=656"},"modified":"2025-04-07T12:41:27","modified_gmt":"2025-04-07T12:41:27","slug":"estas-siendo-observado-y-no-lo-sabes","status":"publish","type":"post","link":"https:\/\/blog.universofamilia.com\/sk\/estas-siendo-observado-y-no-lo-sabes\/","title":{"rendered":"Sleduj\u00fa \u0165a a ty o tom nevie\u0161?"},"content":{"rendered":"<h3 class=\"wp-block-heading has-text-align-center\">Bu\u010fte zvedav\u00ed, kto kontroluje v\u00e1\u0161 profil<\/h3>\n\n\n\n<p><\/p>\n\n\n\n<h5 class=\"wp-block-heading has-text-align-center\"><strong><mark class=\"has-inline-color has-vivid-cyan-blue-color\">Vyberte si jednu z mo\u017enost\u00ed!<\/mark><\/strong><\/h5>\n\n\n    <section class=\"mx-1 my-10\">\n                                                <a href=\"https:\/\/blog.universofamilia.com\/sk\/aplicativo-para-saber-quien-visita-mi-perfil\/\" class=\"text-white\" data-analytics-label=\"optionsButton\"\n                    data-action=\"analytics#trackCTA\">\n                    <div data-options-target=\"option\"\n                        class=\"custom-section rounded-xl border p-3 shadow-md w-full bg-green-700 my-3\">\n                        <div class=\"flex w-full items-center justify-between\">\n                            <div class=\"flex items-center space-x-3\">\n                                <div class=\"text-lg font-bold\">\n                                    Aplik\u00e1cia, aby som vedela, kto nav\u0161tevuje m\u00f4j profil? \u279d\n                                <\/div>\n                            <\/div>\n                        <\/div>\n                    <\/div>\n                <\/a>\n                                                            <a href=\"https:\/\/blog.universofamilia.com\/sk\/aplicativo-google-mensaje\/\" class=\"text-white\" data-analytics-label=\"optionsButton\"\n                    data-action=\"analytics#trackCTA\">\n                    <div data-options-target=\"option\"\n                        class=\"custom-section rounded-xl border p-3 shadow-md w-full bg-green-700 my-3\">\n                        <div class=\"flex w-full items-center justify-between\">\n                            <div class=\"flex items-center space-x-3\">\n                                <div class=\"text-lg font-bold\">\n                                    Monitorovanie rodinn\u00fdch rozhovorov \u279d\n                                <\/div>\n                            <\/div>\n                        <\/div>\n                    <\/div>\n                <\/a>\n                                                            <a href=\"https:\/\/blog.universofamilia.com\/sk\/app-para-localizar-celular-perdido-en-cualquier-lugar\/\" class=\"text-white\" data-analytics-label=\"optionsButton\"\n                    data-action=\"analytics#trackCTA\">\n                    <div data-options-target=\"option\"\n                        class=\"custom-section rounded-xl border p-3 shadow-md w-full bg-green-700 my-3\">\n                        <div class=\"flex w-full items-center justify-between\">\n                            <div class=\"flex items-center space-x-3\">\n                                <div class=\"text-lg font-bold\">\n                                    N\u00e1jdite ak\u00fdko\u013evek mobil \u279d\n                                <\/div>\n                            <\/div>\n                        <\/div>\n                    <\/div>\n                <\/a>\n                            <p class=\"text-xs text-gray-500 text-right hidden\"\n            style=\"margin-left: 50%; margin-bottom: 50px; margin-top: 5px;\">\n            <!-- You will be redirected to another website -->\n        <\/p>\n    <\/section>\n\n\n\n\n<p><\/p>\n\n\n\n<p><strong><a href=\"https:\/\/blog.universofamilia.com\/sk\/descubre-quien-ve-tu-perfil-en-instagram-y-facebook\/\">Kto nav\u0161tevuje m\u00f4j profil?<\/a><\/strong> Ak ste si niekedy polo\u017eili t\u00fato ot\u00e1zku, nie ste sami.<\/p>\n\n\n\n<p>Mnoho \u013eud\u00ed je zvedav\u00fdch, kto sleduje ich soci\u00e1lne siete bez toho, aby po sebe zanechal stopu.<\/p>\n\n\n\n<p>V\u0161imli ste si, \u017ee sa v\u00e1m zd\u00e1, \u017ee hne\u010f po tom, \u010do nie\u010do uverejn\u00edte, sa objavia ur\u010dit\u00ed \u013eudia? Mo\u017eno to nie je n\u00e1hoda.<\/p>\n\n\n\n<p>Tento \u010dl\u00e1nok v\u00e1m pom\u00f4\u017ee pochopi\u0165, ako niektor\u00e9 aplik\u00e1cie m\u00f4\u017eu odhali\u0165, kto v\u00e1s \u0161pehuje na soci\u00e1lnych sie\u0165ach\u2026 a ako chr\u00e1ni\u0165 aj va\u0161e s\u00fakromie.<\/p>\n\n\n\n<p>Pripravte sa objavi\u0165 neuverite\u013en\u00e9 n\u00e1stroje, ktor\u00e9 v\u00e1m otvoria o\u010di. Ste pripraven\u00ed za\u010da\u0165?<\/p>\n\n\n\n<p><\/p>\n\n\n\n<hr class=\"wp-block-separator has-alpha-channel-opacity is-style-wide\" \/>\n\n\n\n<h2 class=\"wp-block-heading has-text-align-center\"><mark class=\"has-inline-color has-luminous-vivid-orange-color\"><a href=\"https:\/\/blog.universofamilia.com\/sk\/zumba-en-casa-descubre-la-diversion-de-bailar\/\">Pre\u010d\u00edtajte si tie\u017e<\/a><\/mark><\/h2>\n\n\n    <section class=\"mx-1 my-10\">\n                                                <a href=\"https:\/\/blog.universofamilia.com\/sk\/aplicaciones-de-citas\/\" class=\"text-white\" data-analytics-label=\"optionsButton\"\n                    data-action=\"analytics#trackCTA\">\n                    <div data-options-target=\"option\"\n                        class=\"custom-section rounded-xl border p-3 shadow-md w-full bg-green-700 my-3\">\n                        <div class=\"flex w-full items-center justify-between\">\n                            <div class=\"flex items-center space-x-3\">\n                                <div class=\"text-lg font-bold\">\n                                    Zoznamovacie aplik\u00e1cie \u279d\n                                <\/div>\n                            <\/div>\n                        <\/div>\n                    <\/div>\n                <\/a>\n                                                            <a href=\"https:\/\/blog.universofamilia.com\/sk\/descubre-quien-ve-tu-perfil-en-instagram-y-facebook\/\" class=\"text-white\" data-analytics-label=\"optionsButton\"\n                    data-action=\"analytics#trackCTA\">\n                    <div data-options-target=\"option\"\n                        class=\"custom-section rounded-xl border p-3 shadow-md w-full bg-green-700 my-3\">\n                        <div class=\"flex w-full items-center justify-between\">\n                            <div class=\"flex items-center space-x-3\">\n                                <div class=\"text-lg font-bold\">\n                                    Zistite, kto si prezer\u00e1 v\u00e1\u0161 profil \u279d\n                                <\/div>\n                            <\/div>\n                        <\/div>\n                    <\/div>\n                <\/a>\n                                                            <a href=\"https:\/\/blog.universofamilia.com\/sk\/santa-biblia-ave-maria\/\" class=\"text-white\" data-analytics-label=\"optionsButton\"\n                    data-action=\"analytics#trackCTA\">\n                    <div data-options-target=\"option\"\n                        class=\"custom-section rounded-xl border p-3 shadow-md w-full bg-green-700 my-3\">\n                        <div class=\"flex w-full items-center justify-between\">\n                            <div class=\"flex items-center space-x-3\">\n                                <div class=\"text-lg font-bold\">\n                                    Sv\u00e4t\u00e1 Biblia Zdravas M\u00e1ria \u279d\n                                <\/div>\n                            <\/div>\n                        <\/div>\n                    <\/div>\n                <\/a>\n                            <p class=\"text-xs text-gray-500 text-right hidden\"\n            style=\"margin-left: 50%; margin-bottom: 50px; margin-top: 5px;\">\n            <!-- You will be redirected to another website -->\n        <\/p>\n    <\/section>\n\n\n\n\n<p class=\"has-text-align-right\"><em><strong><em><strong><em><strong><em><strong><em><strong>Zostane na tom istom mieste!<\/strong><\/em><\/strong><\/em><\/strong><\/em><\/strong><\/em><\/strong><\/em><\/p>\n\n\n\n<hr class=\"wp-block-separator has-alpha-channel-opacity is-style-wide\" \/>\n\n\n\n<p><\/p>\n\n\n\n<h2 class=\"wp-block-heading\">\ud83d\udd75\ufe0f\u200d\u2640\ufe0f Kto nav\u0161tevuje m\u00f4j profil? Je mo\u017en\u00e9 to vedie\u0165?<\/h2>\n\n\n\n<h3 class=\"wp-block-heading\">Tajomstvo tich\u00fdch vizualiz\u00e1ci\u00ed<\/h3>\n\n\n\n<p>Hoci v\u00e4\u010d\u0161ina soci\u00e1lnych siet\u00ed v\u00e1m neumo\u017e\u0148uje priamo vidie\u0165, kto si prezer\u00e1 v\u00e1\u0161 profil, existuj\u00fa... <strong>Aplik\u00e1cie na zistenie, kto nav\u0161tevuje v\u00e1\u0161 profil<\/strong> ktor\u00e9 analyzuj\u00fa vzorce spr\u00e1vania, interakcie, zobrazenia va\u0161ich pr\u00edbehov a \u010fal\u0161ie \u00fadaje.<\/p>\n\n\n\n<p>Tieto aplik\u00e1cie nevykon\u00e1vaj\u00fa k\u00fazla, ale pou\u017e\u00edvaj\u00fa algoritmy, ktor\u00e9 v\u00e1m poskytn\u00fa pomerne presn\u00e9 ind\u00edcie. Napr\u00edklad:<\/p>\n\n\n\n<ul>\n<li>Kto klikne na \u201ep\u00e1\u010di sa mi to\u201c hne\u010f po ka\u017edom pr\u00edspevku<\/li>\n\n\n\n<li>Kto vid\u00ed va\u0161e pr\u00edbehy, ale nikdy s nimi neinteraguje<\/li>\n\n\n\n<li>Kto \u010dasto komentuje, aj star\u00e9 pr\u00edspevky<\/li>\n<\/ul>\n\n\n\n<h3 class=\"wp-block-heading\">Pre\u010do by \u0165a niekto chcel \u0161pehova\u0165?<\/h3>\n\n\n\n<p>M\u00f4\u017ee existova\u0165 ve\u013ea d\u00f4vodov:<\/p>\n\n\n\n<ul>\n<li><strong>Zvedavos\u0165<\/strong> (b\u00fdval\u00ed partneri, priatelia z minulosti\u2026)<\/li>\n\n\n\n<li><strong>Odborn\u00e1 sp\u00f4sobilos\u0165<\/strong><\/li>\n\n\n\n<li><strong>\u013dudia s romantick\u00fdm z\u00e1ujmom<\/strong><\/li>\n\n\n\n<li>Alebo jednoducho\u2026 \u013eudia s mno\u017estvom vo\u013en\u00e9ho \u010dasu<\/li>\n<\/ul>\n\n\n\n<p>So spr\u00e1vnymi n\u00e1strojmi m\u00f4\u017eete odhali\u0165 tieto skryt\u00e9 spr\u00e1vanie a rozhodn\u00fa\u0165 sa, \u010do s t\u00fdmito inform\u00e1ciami robi\u0165.<\/p>\n\n\n\n<h2 class=\"wp-block-heading\">\ud83d\udcf1 Najlep\u0161ie aplik\u00e1cie na zistenie, kto si prezer\u00e1 v\u00e1\u0161 profil<\/h2>\n\n\n\n<p>\u010ealej v\u00e1m predstavujeme <strong>3 spo\u013eahliv\u00e9 aplik\u00e1cie<\/strong> aby ste zistili, kto si v\u00e1s prezer\u00e1 na soci\u00e1lnych sie\u0165ach. V\u0161etky s\u00fa dostupn\u00e9 v slu\u017ebe Google Play a boli vybran\u00e9 pre svoju popularitu, pozit\u00edvne recenzie a jednoduchos\u0165 pou\u017e\u00edvania.<\/p>\n\n\n\n<h3 class=\"wp-block-heading\">1. <strong>Sledujte Meter na Instagrame<\/strong><\/h3>\n\n\n\n<p><a href=\"https:\/\/followers-unfollowers.en.softonic.com\/android\">\ud83d\udd17 Stiahnite si FollowMeter<\/a><\/p>\n\n\n\n<p>FollowMeter je jedna z najkomplexnej\u0161\u00edch aplik\u00e1ci\u00ed pre Instagram. Analyzuje podrobn\u00e9 \u0161tatistiky a zobrazuje pou\u017e\u00edvate\u013eov, ktor\u00ed:<\/p>\n\n\n\n<ul>\n<li>Pr\u00ed\u010fte si pozrie\u0165 va\u0161e pr\u00edbehy bez toho, aby ste \u0165a sledovali<\/li>\n\n\n\n<li>Prestan\u00fa \u0165a sledova\u0165<\/li>\n\n\n\n<li>Ve\u013ea spolu interaguj\u00fa (alebo v\u00f4bec nie!)<\/li>\n<\/ul>\n\n\n\n<p>M\u00f4\u017eete tie\u017e vidie\u0165 svojich duchovn\u00fdch nasledovn\u00edkov a objavi\u0165 <strong>Kto \u0165a \u0161pehuje na soci\u00e1lnych sie\u0165ach?<\/strong> bez toho, aby si vedel\/a.<\/p>\n\n\n\n<p>\u2705 Ide\u00e1lne pre akt\u00edvnych pou\u017e\u00edvate\u013eov Instagramu<br><strong><mark class=\"has-inline-color has-luminous-vivid-amber-color\"><strong><mark class=\"has-inline-color has-luminous-vivid-amber-color\"><a>\ud83d\udc49 <\/a><\/mark><\/strong><\/mark><\/strong>Intuit\u00edvne a r\u00fdchle rozhranie<br>\u2705 Anal\u00fdza v re\u00e1lnom \u010dase<\/p>\n\n\n\n<p><\/p>\n\n\n\n<hr class=\"wp-block-separator has-alpha-channel-opacity is-style-wide\" \/>\n\n\n\n<h5 class=\"wp-block-heading has-text-align-left\"><strong><mark class=\"has-inline-color has-luminous-vivid-amber-color\"><strong><mark class=\"has-inline-color has-luminous-vivid-amber-color\"><a>\ud83d\udc49 <\/a><strong><mark class=\"has-inline-color has-luminous-vivid-amber-color\"><strong>Stiahnite si aplik\u00e1ciu:<\/strong><\/mark><\/strong><\/mark><\/strong><\/mark><\/strong><\/h5>\n\n\n    <section class=\"mx-1 my-10\">\n                                                <a href=\"https:\/\/followers-unfollowers.en.softonic.com\/android\" class=\"text-white\" data-analytics-label=\"optionsButton\"\n                    data-action=\"analytics#trackCTA\">\n                    <div data-options-target=\"option\"\n                        class=\"custom-section rounded-xl border p-3 shadow-md w-full bg-green-700 my-3\">\n                        <div class=\"flex w-full items-center justify-between\">\n                            <div class=\"flex items-center space-x-3\">\n                                <div class=\"text-lg font-bold\">\n                                    FollowMeter pre Instagram \u279d\n                                <\/div>\n                            <\/div>\n                        <\/div>\n                    <\/div>\n                <\/a>\n                            <p class=\"text-xs text-gray-500 text-right\"\n            style=\"margin-left: 50%; margin-bottom: 50px; margin-top: 5px;\">\n            <!-- You will be redirected to another website -->\n        <\/p>\n    <\/section>\n\n\n\n\n<p class=\"has-text-align-right\"><em><strong><em><strong><em><strong><em><strong><em><strong><em><strong><em><strong><em><strong><em><strong><em><strong>Budete presmerovan\u00ed na in\u00fa str\u00e1nku!<\/strong><\/em><\/strong><\/em><\/strong><\/em><\/strong><\/em><\/strong><\/em><\/strong><\/em><\/strong><\/em><\/strong><\/em><\/strong><\/em><\/strong><\/em><\/p>\n\n\n\n<hr class=\"wp-block-separator has-alpha-channel-opacity is-style-wide\" \/>\n\n\n\n<p><\/p>\n\n\n\n<h3 class=\"wp-block-heading\">2. <strong>Sledova\u010d profilov pre WhatsApp<\/strong><\/h3>\n\n\n\n<p>Zauj\u00edma v\u00e1s, \u010di si niekto prezer\u00e1 v\u00e1\u0161 profilov\u00fd obr\u00e1zok alebo status na WhatsApp? T\u00e1to aplik\u00e1cia v\u00e1m s t\u00fdm m\u00f4\u017ee pom\u00f4c\u0165.<\/p>\n\n\n\n<p>Hoci WhatsApp neodha\u013euje, kto si prezer\u00e1 v\u00e1\u0161 profil, t\u00e1to aplik\u00e1cia identifikuje vzory, ako napr\u00edklad:<\/p>\n\n\n\n<ul>\n<li>Pou\u017e\u00edvatelia, ktor\u00ed si \u010dasto prezeraj\u00fa v\u00e1\u0161 profil<\/li>\n\n\n\n<li>Zmeny zobrazenia<\/li>\n\n\n\n<li>R\u00fdchle vizualiz\u00e1cie va\u0161ich stavov<\/li>\n<\/ul>\n\n\n\n<p>\u2705 Ide\u00e1lne na sledovanie v\u00e1\u0161ho WhatsAppu<br><strong><mark class=\"has-inline-color has-luminous-vivid-amber-color\"><strong><mark class=\"has-inline-color has-luminous-vivid-amber-color\"><a>\ud83d\udc49 <\/a><\/mark><\/strong><\/mark><\/strong>Jednoduch\u00e9 pou\u017eitie pre ak\u00fdko\u013evek vek<br>\u2705 Bezpe\u010dn\u00e9 a s\u00fakromn\u00e9 \u00fadaje<\/p>\n\n\n\n<p><\/p>\n\n\n\n<hr class=\"wp-block-separator has-alpha-channel-opacity is-style-wide\" \/>\n\n\n\n<h5 class=\"wp-block-heading has-text-align-left\"><strong><mark class=\"has-inline-color has-luminous-vivid-amber-color\"><strong><mark class=\"has-inline-color has-luminous-vivid-amber-color\"><a>\ud83d\udc49 <\/a><strong><mark class=\"has-inline-color has-luminous-vivid-amber-color\"><strong>Stiahnite si aplik\u00e1ciu:<\/strong><\/mark><\/strong><\/mark><\/strong><\/mark><\/strong><\/h5>\n\n\n    <section class=\"mx-1 my-10\">\n                                                <a href=\"https:\/\/who-visited-my-watsapp-profile-whats-track-pro.en.uptodown.com\/android\/download\" class=\"text-white\" data-analytics-label=\"optionsButton\"\n                    data-action=\"analytics#trackCTA\">\n                    <div data-options-target=\"option\"\n                        class=\"custom-section rounded-xl border p-3 shadow-md w-full bg-green-700 my-3\">\n                        <div class=\"flex w-full items-center justify-between\">\n                            <div class=\"flex items-center space-x-3\">\n                                <div class=\"text-lg font-bold\">\n                                    Sledova\u010d profilov pre WhatsApp \u279d\n                                <\/div>\n                            <\/div>\n                        <\/div>\n                    <\/div>\n                <\/a>\n                            <p class=\"text-xs text-gray-500 text-right\"\n            style=\"margin-left: 50%; margin-bottom: 50px; margin-top: 5px;\">\n            <!-- You will be redirected to another website -->\n        <\/p>\n    <\/section>\n\n\n\n\n<p class=\"has-text-align-right\"><em><strong><em><strong><em><strong><em><strong><em><strong><em><strong><em><strong><em><strong><em><strong><em><strong>Budete presmerovan\u00ed na in\u00fa str\u00e1nku!<\/strong><\/em><\/strong><\/em><\/strong><\/em><\/strong><\/em><\/strong><\/em><\/strong><\/em><\/strong><\/em><\/strong><\/em><\/strong><\/em><\/strong><\/em><\/p>\n\n\n\n<hr class=\"wp-block-separator has-alpha-channel-opacity is-style-wide\" \/>\n\n\n\n<p><\/p>\n\n\n\n<h3 class=\"wp-block-heading\">3. <strong>SocialView pre Facebook<\/strong><\/h3>\n\n\n\n<p>Pomocou SocialView m\u00f4\u017eete zisti\u0165 <strong>Kto si prezer\u00e1 v\u00e1\u0161 profil na Facebooku<\/strong> a kto najpozornej\u0161ie sleduje va\u0161e pr\u00edspevky.<\/p>\n\n\n\n<p>Ukazuje v\u00e1m to:<\/p>\n\n\n\n<ul>\n<li>Niekto, kto sa na teba \u010dasto pozer\u00e1, ale nikdy s tebou nekomunikuje<\/li>\n\n\n\n<li>\u201eNajlep\u0161\u00ed sledovatelia\u201c<\/li>\n\n\n\n<li>Tich\u00ed \u201estalkeri\u201c<\/li>\n<\/ul>\n\n\n\n<p>\u2705 Funguje to, aj ke\u010f m\u00e1te obmedzen\u00fd \u00fa\u010det na Facebooku.<br><strong><mark class=\"has-inline-color has-luminous-vivid-amber-color\"><strong><mark class=\"has-inline-color has-luminous-vivid-amber-color\"><a>\ud83d\udc49 <\/a><\/mark><\/strong><\/mark><\/strong>Ide\u00e1lne pre pou\u017e\u00edvate\u013eov, ktor\u00ed sa zauj\u00edmaj\u00fa o svoje s\u00fakromie.<br>\u2705 \u013dahk\u00fd a r\u00fdchly<\/p>\n\n\n\n<p><\/p>\n\n\n\n<hr class=\"wp-block-separator has-alpha-channel-opacity is-style-wide\" \/>\n\n\n\n<h5 class=\"wp-block-heading has-text-align-left\"><strong><mark class=\"has-inline-color has-luminous-vivid-amber-color\"><strong><mark class=\"has-inline-color has-luminous-vivid-amber-color\"><a>\ud83d\udc49 <\/a><strong><mark class=\"has-inline-color has-luminous-vivid-amber-color\"><strong>Stiahnite si aplik\u00e1ciu:<\/strong><\/mark><\/strong><\/mark><\/strong><\/mark><\/strong><\/h5>\n\n\n    <section class=\"mx-1 my-10\">\n                                                <a href=\"https:\/\/social-view.softonic.com.br\/android\" class=\"text-white\" data-analytics-label=\"optionsButton\"\n                    data-action=\"analytics#trackCTA\">\n                    <div data-options-target=\"option\"\n                        class=\"custom-section rounded-xl border p-3 shadow-md w-full bg-green-700 my-3\">\n                        <div class=\"flex w-full items-center justify-between\">\n                            <div class=\"flex items-center space-x-3\">\n                                <div class=\"text-lg font-bold\">\n                                    SocialView pre Facebook \u279d\n                                <\/div>\n                            <\/div>\n                        <\/div>\n                    <\/div>\n                <\/a>\n                            <p class=\"text-xs text-gray-500 text-right\"\n            style=\"margin-left: 50%; margin-bottom: 50px; margin-top: 5px;\">\n            <!-- You will be redirected to another website -->\n        <\/p>\n    <\/section>\n\n\n\n\n<p class=\"has-text-align-right\"><em><strong><em><strong><em><strong><em><strong><em><strong><em><strong><em><strong><em><strong><em><strong><em><strong>Budete presmerovan\u00ed na in\u00fa str\u00e1nku!<\/strong><\/em><\/strong><\/em><\/strong><\/em><\/strong><\/em><\/strong><\/em><\/strong><\/em><\/strong><\/em><\/strong><\/em><\/strong><\/em><\/strong><\/em><\/p>\n\n\n\n<hr class=\"wp-block-separator has-alpha-channel-opacity is-style-wide\" \/>\n\n\n\n<p><\/p>\n\n\n\n<h2 class=\"wp-block-heading\">\ud83d\udd12 S\u00fa tieto aplik\u00e1cie bezpe\u010dn\u00e9?<\/h2>\n\n\n\n<h3 class=\"wp-block-heading\">Ako bezpe\u010dne pou\u017e\u00edva\u0165 tieto n\u00e1stroje<\/h3>\n\n\n\n<p>Dobr\u00e1 ot\u00e1zka. Hoci tieto aplik\u00e1cie pou\u017e\u00edvaj\u00fa verejn\u00e9 \u00fadaje alebo \u00fadaje o pou\u017e\u00edvan\u00ed, je d\u00f4le\u017eit\u00e9:<\/p>\n\n\n\n<ul>\n<li>S\u0165ahova\u0165 iba z <strong>ofici\u00e1lne zdroje<\/strong> ako Google Play<\/li>\n\n\n\n<li>Pre\u010d\u00edtajte si recenzie a hodnotenia<\/li>\n\n\n\n<li>Neude\u013eujte zbyto\u010dn\u00e9 povolenia (napr\u00edklad pr\u00edstup k va\u0161im spr\u00e1vam)<\/li>\n<\/ul>\n\n\n\n<p>Tieto 3 odpor\u00fa\u010dan\u00e9 aplik\u00e1cie s\u00fa <strong>bezpe\u010dn\u00e9 a spo\u013eahliv\u00e9<\/strong>s mili\u00f3nmi stiahnut\u00ed a neust\u00e1lymi aktualiz\u00e1ciami.<\/p>\n\n\n\n<h3 class=\"wp-block-heading\">Ktor\u00e9 povolenia s\u00fa potrebn\u00e9 (a ktor\u00fdm sa vyhn\u00fa\u0165)<\/h3>\n\n\n\n<p>Niektor\u00e9 aplik\u00e1cie vy\u017eaduj\u00fa pr\u00edstup k:<\/p>\n\n\n\n<ul>\n<li>\u0160tatistiky aktiv\u00edt (zobrazenia, interakcie)<\/li>\n\n\n\n<li>Obmedzen\u00fd pr\u00edstup k profilu<\/li>\n\n\n\n<li>Upozornenia na zmeny<\/li>\n<\/ul>\n\n\n\n<p>Vyhnite sa aplik\u00e1ci\u00e1m, ktor\u00e9 po\u017eaduj\u00fa:<\/p>\n\n\n\n<ul>\n<li>\u00dapln\u00fd pr\u00edstup k va\u0161im s\u00fakromn\u00fdm spr\u00e1vam<\/li>\n\n\n\n<li>Povolenie na publikovanie vo va\u0161om mene<\/li>\n\n\n\n<li>Bankov\u00e9 alebo osobn\u00e9 \u00fadaje bez od\u00f4vodnenia<\/li>\n<\/ul>\n\n\n\n<h2 class=\"wp-block-heading\">\ud83e\udde0 \u010eal\u0161ie tipy na ochranu v\u00e1\u0161ho s\u00fakromia<\/h2>\n\n\n\n<p>Vedie\u0165, kto v\u00e1s vid\u00ed, je u\u017eito\u010dn\u00e9, ale je tie\u017e d\u00f4le\u017eit\u00e9 chr\u00e1ni\u0165 si svoju digit\u00e1lnu pr\u00edtomnos\u0165. Tu je nieko\u013eko tipov:<\/p>\n\n\n\n<ul>\n<li><strong>Skontrolujte si nastavenia ochrany osobn\u00fdch \u00fadajov<\/strong> pravidelne<\/li>\n\n\n\n<li><strong>Bloky<\/strong> alebo obmedzuje podozriv\u00fdch pou\u017e\u00edvate\u013eov<\/li>\n\n\n\n<li><strong>Neprij\u00edmajte \u017eiadosti o priate\u013estvo od cudz\u00edch \u013eud\u00ed<\/strong><\/li>\n\n\n\n<li><strong>Pou\u017e\u00edvajte siln\u00e9 hesl\u00e1<\/strong> a aktivujte dvojstup\u0148ov\u00e9 overenie<\/li>\n<\/ul>\n\n\n\n<h3 class=\"wp-block-heading\">Ako upravi\u0165 s\u00fakromie na hlavn\u00fdch soci\u00e1lnych sie\u0165ach<\/h3>\n\n\n\n<p><strong>Instagram<\/strong>Prejdite do \u010dasti Nastavenia &gt; S\u00fakromie &gt; S\u00fakromn\u00fd \u00fa\u010det<br><strong>Facebook<\/strong>Nastavenia &gt; S\u00fakromie &gt; Kto m\u00f4\u017ee vidie\u0165 va\u0161e pr\u00edspevky<br><strong>WhatsApp<\/strong>Nastavenia &gt; S\u00fakromie &gt; Profilov\u00fd obr\u00e1zok \/ Stav<\/p>\n\n\n\n<p>Mal\u00e9 zmeny m\u00f4\u017eu ma\u0165 ve\u013ek\u00fd v\u00fdznam.<\/p>\n\n\n<div class=\"wp-block-image\">\n<figure class=\"aligncenter size-full\"><img loading=\"lazy\" decoding=\"async\" width=\"500\" height=\"350\" src=\"https:\/\/blog.universofamilia.com\/wp-content\/uploads\/sites\/154\/2025\/04\/DESTAQUE-BLOG-UNIVERSO-550-x-350-25.jpg\" alt=\"\" class=\"wp-image-660\" srcset=\"https:\/\/blog.universofamilia.com\/wp-content\/uploads\/sites\/154\/2025\/04\/DESTAQUE-BLOG-UNIVERSO-550-x-350-25.jpg 500w, https:\/\/blog.universofamilia.com\/wp-content\/uploads\/sites\/154\/2025\/04\/DESTAQUE-BLOG-UNIVERSO-550-x-350-25-300x210.jpg 300w, https:\/\/blog.universofamilia.com\/wp-content\/uploads\/sites\/154\/2025\/04\/DESTAQUE-BLOG-UNIVERSO-550-x-350-25-18x12.jpg 18w\" sizes=\"(max-width: 500px) 100vw, 500px\" \/><figcaption class=\"wp-element-caption\">Sleduj\u00fa \u0165a a ty o tom nevie\u0161?<\/figcaption><\/figure><\/div>\n\n\n<h2 class=\"wp-block-heading\">\ud83d\udd0d M\u00fdty o aplik\u00e1ci\u00e1ch na monitorovanie siete<\/h2>\n\n\n\n<h3 class=\"wp-block-heading\">Naozaj funguj\u00fa?<\/h3>\n\n\n\n<p>Mnoho \u013eud\u00ed si mysl\u00ed, \u017ee tieto aplik\u00e1cie nefunguj\u00fa, ale pravdou je, \u017ee algoritmy, ktor\u00e9 s\u00fa za nimi, sa v\u00fdrazne zlep\u0161ili. Neuk\u00e1\u017eu v\u00e1m presn\u00fd zoznam 100%, ale identifikuj\u00fa vzory, ktor\u00e9 v\u00e1s prin\u00fatia zamyslie\u0165 sa.<\/p>\n\n\n\n<h3 class=\"wp-block-heading\">A \u010do \u201emagick\u00e9 aplik\u00e1cie\u201c?<\/h3>\n\n\n\n<p>D\u00e1vajte si pozor na aplik\u00e1cie, ktor\u00e9 s\u013eubuj\u00fa, \u017ee \u201epresne uvidia, kto nav\u0161t\u00edvil v\u00e1\u0161 profil\u201c. Zvy\u010dajne s\u00fa falo\u0161n\u00e9 alebo zhroma\u017e\u010fuj\u00fa va\u0161e \u00fadaje na skryt\u00e9 \u00fa\u010dely. Vyberajte si aplik\u00e1cie s dobr\u00fdmi recenziami a bez prehnan\u00fdch s\u013eubov.<\/p>\n\n\n\n<h2 class=\"wp-block-heading\">\ud83d\udcc8 Pre koho s\u00fa tieto aplik\u00e1cie ur\u010den\u00e9?<\/h2>\n\n\n\n<ul>\n<li><strong>T\u00edned\u017eeri<\/strong> ktor\u00ed chc\u00fa vedie\u0165, \u010di sa na nich ich l\u00e1ska pozer\u00e1<\/li>\n\n\n\n<li><strong>Star\u0161\u00ed dospel\u00ed<\/strong> obavy o svoje s\u00fakromie<\/li>\n\n\n\n<li><strong>Podnikatelia a tvorcovia<\/strong> ktor\u00ed sa sna\u017eia analyzova\u0165 svoje publikum<\/li>\n\n\n\n<li><strong>Rodi\u010dia<\/strong> ktor\u00ed chc\u00fa chr\u00e1ni\u0165 svoje deti online<\/li>\n<\/ul>\n\n\n\n<p>V\u010faka jednoduch\u00e9mu a vizu\u00e1lnemu rozhraniu ich bud\u00fa m\u00f4c\u0165 bez probl\u00e9mov pou\u017e\u00edva\u0165 aj t\u00ed, ktor\u00ed nie s\u00fa s technol\u00f3giami obozn\u00e1men\u00ed.<\/p>\n\n\n\n<h2 class=\"wp-block-heading\">\ud83d\udcca Ako interpretova\u0165 \u00fadaje poskytovan\u00e9 t\u00fdmito aplik\u00e1ciami<\/h2>\n\n\n\n<p>Nejde len o to, aby ste vedeli, kto si prezer\u00e1 v\u00e1\u0161 profil. Aplik\u00e1cie pon\u00fakaj\u00fa aj:<\/p>\n\n\n\n<ul>\n<li>\u010casy najv\u00e4\u010d\u0161ej interakcie<\/li>\n\n\n\n<li>Typ obsahu, ktor\u00fd pri\u0165ahuje najv\u00e4\u010d\u0161iu pozornos\u0165<\/li>\n\n\n\n<li>Tich\u00ed verzus akt\u00edvni sledovatelia<\/li>\n<\/ul>\n\n\n\n<p>Tieto \u00fadaje v\u00e1m m\u00f4\u017eu pom\u00f4c\u0165 rozhodn\u00fa\u0165 sa, \u010do publikova\u0165, kedy a s ak\u00fdm pr\u00edstupom.<\/p>\n\n\n\n<h2 class=\"wp-block-heading\">\ud83d\udcac Skuto\u010dn\u00e9 pou\u017e\u00edvate\u013esk\u00e9 sk\u00fasenosti<\/h2>\n\n\n\n<p>Mnoho pou\u017e\u00edvate\u013eov uv\u00e1dza, \u017ee objavili:<\/p>\n\n\n\n<ul>\n<li>B\u00fdval\u00ed partneri prehodnocuj\u00fa svoje pr\u00edbehy<\/li>\n\n\n\n<li>Kolegovia sleduj\u00fa svoje pr\u00edspevky<\/li>\n\n\n\n<li>Nov\u00ed \u201epodozriv\u00ed\u201c sledovatelia, ktor\u00ed nekomunikuj\u00fa<\/li>\n<\/ul>\n\n\n\n<p>\u201ePou\u017eila som FollowMeter a zistila som, \u017ee m\u00f4j b\u00fdval\u00fd si pozer\u00e1 v\u0161etky moje pr\u00edbehy. Bolo to \u0161okuj\u00face!\u201c hovor\u00ed 24-ro\u010dn\u00e1 Mariana.<\/p>\n\n\n\n<h2 class=\"wp-block-heading\">\ud83d\udd01 Zdie\u013eajte t\u00fato inform\u00e1ciu so svojimi priate\u013emi<\/h2>\n\n\n\n<p>Bol tento \u010dl\u00e1nok u\u017eito\u010dn\u00fd? Mo\u017eno m\u00e1te priate\u013ea alebo \u010dlena rodiny, ktor\u00fd sa tie\u017e p\u00fdta: \u201eKto nav\u0161tevuje m\u00f4j profil?\u201c Po\u0161lite mu to na WhatsApp!<\/p>\n\n\n\n<h2 class=\"wp-block-heading\">\ud83d\ude80 Konajte e\u0161te dnes!<\/h2>\n\n\n\n<p>Tie najlep\u0161ie u\u017e pozn\u00e1\u0161 <strong>Aplik\u00e1cie na zistenie, kto nav\u0161tevuje v\u00e1\u0161 profil<\/strong>Zistili ste, ako funguj\u00fa, ak\u00e9 v\u00fdhody pon\u00fakaj\u00fa a ako ich bezpe\u010dne pou\u017e\u00edva\u0165.<\/p>\n\n\n\n<p>Nenechajte sa ovl\u00e1dnu\u0165 zvedavos\u0165ou a nenechajte si odpoveda\u0165.<\/p>\n\n\n\n<p><strong>Stiahnite si odpor\u00fa\u010dan\u00e9 aplik\u00e1cie teraz<\/strong> a za\u010dnite ma\u0165 \u00fapln\u00fa kontrolu nad svojimi soci\u00e1lnymi sie\u0165ami.<\/p>\n\n\n\n<p>Ste pripraven\u00ed zisti\u0165, kto v\u00e1s sleduje?<\/p>","protected":false},"excerpt":{"rendered":"<p>Siente curiosidad por saber qui\u00e9n revisa tu perfil \u00a1Elija una de las opciones! \u00bfQui\u00e9n visita mi perfil? Si alguna vez te has hecho esta pregunta, no est\u00e1s solo. Muchas personas sienten curiosidad por saber qui\u00e9n observa sus redes sociales sin dejar rastro. \u00bfHas notado que ciertas personas siempre aparecen justo despu\u00e9s de que t\u00fa publicas [&hellip;]<\/p>","protected":false},"author":139,"featured_media":660,"comment_status":"closed","ping_status":"open","sticky":false,"template":"","format":"standard","meta":{"footnotes":""},"categories":[4],"tags":[417,416,415,119,125],"yoast_head":"<!-- This site is optimized with the Yoast SEO plugin v23.3 - https:\/\/yoast.com\/wordpress\/plugins\/seo\/ -->\n<title>\u00bfEst\u00e1s siendo observado y no lo sabes? - Blog Universo Fam\u00edlia<\/title>\n<meta name=\"description\" content=\"\u00bfEst\u00e1s siendo observado y no lo sabes?. \u00bfQui\u00e9n visita mi perfil? Si alguna vez te has hecho esta pregunta, no est\u00e1s solo.Muchas personas\" \/>\n<meta name=\"robots\" content=\"index, follow, max-snippet:-1, max-image-preview:large, max-video-preview:-1\" \/>\n<link rel=\"canonical\" href=\"https:\/\/blog.universofamilia.com\/sk\/estas-siendo-observado-y-no-lo-sabes\/\" \/>\n<meta property=\"og:locale\" content=\"sk_SK\" \/>\n<meta property=\"og:type\" content=\"article\" \/>\n<meta property=\"og:title\" content=\"\u00bfEst\u00e1s siendo observado y no lo sabes? - Blog Universo Fam\u00edlia\" \/>\n<meta property=\"og:description\" content=\"\u00bfEst\u00e1s siendo observado y no lo sabes?. \u00bfQui\u00e9n visita mi perfil? Si alguna vez te has hecho esta pregunta, no est\u00e1s solo.Muchas personas\" \/>\n<meta property=\"og:url\" content=\"https:\/\/blog.universofamilia.com\/sk\/estas-siendo-observado-y-no-lo-sabes\/\" \/>\n<meta property=\"og:site_name\" content=\"Blog Universo Fam\u00edlia\" \/>\n<meta property=\"article:published_time\" content=\"2025-04-07T12:41:26+00:00\" \/>\n<meta property=\"article:modified_time\" content=\"2025-04-07T12:41:27+00:00\" \/>\n<meta property=\"og:image\" content=\"https:\/\/blog.universofamilia.com\/wp-content\/uploads\/sites\/154\/2025\/04\/DESTAQUE-BLOG-UNIVERSO-550-x-350-25.jpg\" \/>\n\t<meta property=\"og:image:width\" content=\"500\" \/>\n\t<meta property=\"og:image:height\" content=\"350\" \/>\n\t<meta property=\"og:image:type\" content=\"image\/jpeg\" \/>\n<meta name=\"author\" content=\"Pedro Henrique\" \/>\n<meta name=\"twitter:card\" content=\"summary_large_image\" \/>\n<meta name=\"twitter:label1\" content=\"Written by\" \/>\n\t<meta name=\"twitter:data1\" content=\"Pedro Henrique\" \/>\n\t<meta name=\"twitter:label2\" content=\"Est. reading time\" \/>\n\t<meta name=\"twitter:data2\" content=\"7 min\u00fat\" \/>\n<script type=\"application\/ld+json\" class=\"yoast-schema-graph\">{\"@context\":\"https:\/\/schema.org\",\"@graph\":[{\"@type\":\"WebPage\",\"@id\":\"https:\/\/blog.universofamilia.com\/ro\/estas-siendo-observado-y-no-lo-sabes\/\",\"url\":\"https:\/\/blog.universofamilia.com\/ro\/estas-siendo-observado-y-no-lo-sabes\/\",\"name\":\"\u00bfEst\u00e1s siendo observado y no lo sabes? - Blog Universo Fam\u00edlia\",\"isPartOf\":{\"@id\":\"https:\/\/blog.universofamilia.com\/ko\/#website\"},\"primaryImageOfPage\":{\"@id\":\"https:\/\/blog.universofamilia.com\/ro\/estas-siendo-observado-y-no-lo-sabes\/#primaryimage\"},\"image\":{\"@id\":\"https:\/\/blog.universofamilia.com\/ro\/estas-siendo-observado-y-no-lo-sabes\/#primaryimage\"},\"thumbnailUrl\":\"https:\/\/blog.universofamilia.com\/wp-content\/uploads\/sites\/154\/2025\/04\/DESTAQUE-BLOG-UNIVERSO-550-x-350-25.jpg\",\"datePublished\":\"2025-04-07T12:41:26+00:00\",\"dateModified\":\"2025-04-07T12:41:27+00:00\",\"author\":{\"@id\":\"https:\/\/blog.universofamilia.com\/ko\/#\/schema\/person\/f07ce98187dd84d31154262e79b3b7ca\"},\"description\":\"\u00bfEst\u00e1s siendo observado y no lo sabes?. \u00bfQui\u00e9n visita mi perfil? Si alguna vez te has hecho esta pregunta, no est\u00e1s solo.Muchas personas\",\"breadcrumb\":{\"@id\":\"https:\/\/blog.universofamilia.com\/ro\/estas-siendo-observado-y-no-lo-sabes\/#breadcrumb\"},\"inLanguage\":\"sk-SK\",\"potentialAction\":[{\"@type\":\"ReadAction\",\"target\":[\"https:\/\/blog.universofamilia.com\/ro\/estas-siendo-observado-y-no-lo-sabes\/\"]}]},{\"@type\":\"ImageObject\",\"inLanguage\":\"sk-SK\",\"@id\":\"https:\/\/blog.universofamilia.com\/ro\/estas-siendo-observado-y-no-lo-sabes\/#primaryimage\",\"url\":\"https:\/\/blog.universofamilia.com\/wp-content\/uploads\/sites\/154\/2025\/04\/DESTAQUE-BLOG-UNIVERSO-550-x-350-25.jpg\",\"contentUrl\":\"https:\/\/blog.universofamilia.com\/wp-content\/uploads\/sites\/154\/2025\/04\/DESTAQUE-BLOG-UNIVERSO-550-x-350-25.jpg\",\"width\":500,\"height\":350,\"caption\":\"\u00bfEst\u00e1s siendo observado y no lo sabes?\"},{\"@type\":\"BreadcrumbList\",\"@id\":\"https:\/\/blog.universofamilia.com\/ro\/estas-siendo-observado-y-no-lo-sabes\/#breadcrumb\",\"itemListElement\":[{\"@type\":\"ListItem\",\"position\":1,\"name\":\"Home\",\"item\":\"https:\/\/blog.universofamilia.com\/ko\/\"},{\"@type\":\"ListItem\",\"position\":2,\"name\":\"\u00bfEst\u00e1s siendo observado y no lo sabes?\"}]},{\"@type\":\"WebSite\",\"@id\":\"https:\/\/blog.universofamilia.com\/ko\/#website\",\"url\":\"https:\/\/blog.universofamilia.com\/ko\/\",\"name\":\"Blog Universo Fam\u00edlia\",\"description\":\"\",\"potentialAction\":[{\"@type\":\"SearchAction\",\"target\":{\"@type\":\"EntryPoint\",\"urlTemplate\":\"https:\/\/blog.universofamilia.com\/ko\/?s={search_term_string}\"},\"query-input\":\"required name=search_term_string\"}],\"inLanguage\":\"sk-SK\"},{\"@type\":\"Person\",\"@id\":\"https:\/\/blog.universofamilia.com\/ko\/#\/schema\/person\/f07ce98187dd84d31154262e79b3b7ca\",\"name\":\"Pedro Henrique\",\"image\":{\"@type\":\"ImageObject\",\"inLanguage\":\"sk-SK\",\"@id\":\"https:\/\/blog.universofamilia.com\/ko\/#\/schema\/person\/image\/\",\"url\":\"https:\/\/secure.gravatar.com\/avatar\/9edfeb808cb4e1599f64d6e45b130154?s=96&d=mm&r=g\",\"contentUrl\":\"https:\/\/secure.gravatar.com\/avatar\/9edfeb808cb4e1599f64d6e45b130154?s=96&d=mm&r=g\",\"caption\":\"Pedro Henrique\"},\"url\":\"https:\/\/blog.universofamilia.com\/sk\/author\/editor01\/\"}]}<\/script>\n<!-- \/ Yoast SEO plugin. -->","yoast_head_json":{"title":"\u00bfEst\u00e1s siendo observado y no lo sabes? - Blog Universo Fam\u00edlia","description":"\u00bfEst\u00e1s siendo observado y no lo sabes?. \u00bfQui\u00e9n visita mi perfil? Si alguna vez te has hecho esta pregunta, no est\u00e1s solo.Muchas personas","robots":{"index":"index","follow":"follow","max-snippet":"max-snippet:-1","max-image-preview":"max-image-preview:large","max-video-preview":"max-video-preview:-1"},"canonical":"https:\/\/blog.universofamilia.com\/sk\/estas-siendo-observado-y-no-lo-sabes\/","og_locale":"sk_SK","og_type":"article","og_title":"\u00bfEst\u00e1s siendo observado y no lo sabes? - Blog Universo Fam\u00edlia","og_description":"\u00bfEst\u00e1s siendo observado y no lo sabes?. \u00bfQui\u00e9n visita mi perfil? Si alguna vez te has hecho esta pregunta, no est\u00e1s solo.Muchas personas","og_url":"https:\/\/blog.universofamilia.com\/sk\/estas-siendo-observado-y-no-lo-sabes\/","og_site_name":"Blog Universo Fam\u00edlia","article_published_time":"2025-04-07T12:41:26+00:00","article_modified_time":"2025-04-07T12:41:27+00:00","og_image":[{"width":500,"height":350,"url":"https:\/\/blog.universofamilia.com\/wp-content\/uploads\/sites\/154\/2025\/04\/DESTAQUE-BLOG-UNIVERSO-550-x-350-25.jpg","type":"image\/jpeg"}],"author":"Pedro Henrique","twitter_card":"summary_large_image","twitter_misc":{"Written by":"Pedro Henrique","Est. reading time":"7 min\u00fat"},"schema":{"@context":"https:\/\/schema.org","@graph":[{"@type":"WebPage","@id":"https:\/\/blog.universofamilia.com\/ro\/estas-siendo-observado-y-no-lo-sabes\/","url":"https:\/\/blog.universofamilia.com\/ro\/estas-siendo-observado-y-no-lo-sabes\/","name":"\u00bfEst\u00e1s siendo observado y no lo sabes? - Blog Universo Fam\u00edlia","isPartOf":{"@id":"https:\/\/blog.universofamilia.com\/ko\/#website"},"primaryImageOfPage":{"@id":"https:\/\/blog.universofamilia.com\/ro\/estas-siendo-observado-y-no-lo-sabes\/#primaryimage"},"image":{"@id":"https:\/\/blog.universofamilia.com\/ro\/estas-siendo-observado-y-no-lo-sabes\/#primaryimage"},"thumbnailUrl":"https:\/\/blog.universofamilia.com\/wp-content\/uploads\/sites\/154\/2025\/04\/DESTAQUE-BLOG-UNIVERSO-550-x-350-25.jpg","datePublished":"2025-04-07T12:41:26+00:00","dateModified":"2025-04-07T12:41:27+00:00","author":{"@id":"https:\/\/blog.universofamilia.com\/ko\/#\/schema\/person\/f07ce98187dd84d31154262e79b3b7ca"},"description":"\u00bfEst\u00e1s siendo observado y no lo sabes?. \u00bfQui\u00e9n visita mi perfil? Si alguna vez te has hecho esta pregunta, no est\u00e1s solo.Muchas personas","breadcrumb":{"@id":"https:\/\/blog.universofamilia.com\/ro\/estas-siendo-observado-y-no-lo-sabes\/#breadcrumb"},"inLanguage":"sk-SK","potentialAction":[{"@type":"ReadAction","target":["https:\/\/blog.universofamilia.com\/ro\/estas-siendo-observado-y-no-lo-sabes\/"]}]},{"@type":"ImageObject","inLanguage":"sk-SK","@id":"https:\/\/blog.universofamilia.com\/ro\/estas-siendo-observado-y-no-lo-sabes\/#primaryimage","url":"https:\/\/blog.universofamilia.com\/wp-content\/uploads\/sites\/154\/2025\/04\/DESTAQUE-BLOG-UNIVERSO-550-x-350-25.jpg","contentUrl":"https:\/\/blog.universofamilia.com\/wp-content\/uploads\/sites\/154\/2025\/04\/DESTAQUE-BLOG-UNIVERSO-550-x-350-25.jpg","width":500,"height":350,"caption":"\u00bfEst\u00e1s siendo observado y no lo sabes?"},{"@type":"BreadcrumbList","@id":"https:\/\/blog.universofamilia.com\/ro\/estas-siendo-observado-y-no-lo-sabes\/#breadcrumb","itemListElement":[{"@type":"ListItem","position":1,"name":"Home","item":"https:\/\/blog.universofamilia.com\/ko\/"},{"@type":"ListItem","position":2,"name":"\u00bfEst\u00e1s siendo observado y no lo sabes?"}]},{"@type":"WebSite","@id":"https:\/\/blog.universofamilia.com\/ko\/#website","url":"https:\/\/blog.universofamilia.com\/ko\/","name":"Blog Universo Fam\u00edlia","description":"","potentialAction":[{"@type":"SearchAction","target":{"@type":"EntryPoint","urlTemplate":"https:\/\/blog.universofamilia.com\/ko\/?s={search_term_string}"},"query-input":"required name=search_term_string"}],"inLanguage":"sk-SK"},{"@type":"Person","@id":"https:\/\/blog.universofamilia.com\/ko\/#\/schema\/person\/f07ce98187dd84d31154262e79b3b7ca","name":"Pedro Henrique","image":{"@type":"ImageObject","inLanguage":"sk-SK","@id":"https:\/\/blog.universofamilia.com\/ko\/#\/schema\/person\/image\/","url":"https:\/\/secure.gravatar.com\/avatar\/9edfeb808cb4e1599f64d6e45b130154?s=96&d=mm&r=g","contentUrl":"https:\/\/secure.gravatar.com\/avatar\/9edfeb808cb4e1599f64d6e45b130154?s=96&d=mm&r=g","caption":"Pedro Henrique"},"url":"https:\/\/blog.universofamilia.com\/sk\/author\/editor01\/"}]}},"_links":{"self":[{"href":"https:\/\/blog.universofamilia.com\/sk\/wp-json\/wp\/v2\/posts\/656"}],"collection":[{"href":"https:\/\/blog.universofamilia.com\/sk\/wp-json\/wp\/v2\/posts"}],"about":[{"href":"https:\/\/blog.universofamilia.com\/sk\/wp-json\/wp\/v2\/types\/post"}],"author":[{"embeddable":true,"href":"https:\/\/blog.universofamilia.com\/sk\/wp-json\/wp\/v2\/users\/139"}],"replies":[{"embeddable":true,"href":"https:\/\/blog.universofamilia.com\/sk\/wp-json\/wp\/v2\/comments?post=656"}],"version-history":[{"count":2,"href":"https:\/\/blog.universofamilia.com\/sk\/wp-json\/wp\/v2\/posts\/656\/revisions"}],"predecessor-version":[{"id":703,"href":"https:\/\/blog.universofamilia.com\/sk\/wp-json\/wp\/v2\/posts\/656\/revisions\/703"}],"wp:featuredmedia":[{"embeddable":true,"href":"https:\/\/blog.universofamilia.com\/sk\/wp-json\/wp\/v2\/media\/660"}],"wp:attachment":[{"href":"https:\/\/blog.universofamilia.com\/sk\/wp-json\/wp\/v2\/media?parent=656"}],"wp:term":[{"taxonomy":"category","embeddable":true,"href":"https:\/\/blog.universofamilia.com\/sk\/wp-json\/wp\/v2\/categories?post=656"},{"taxonomy":"post_tag","embeddable":true,"href":"https:\/\/blog.universofamilia.com\/sk\/wp-json\/wp\/v2\/tags?post=656"}],"curies":[{"name":"wp","href":"https:\/\/api.w.org\/{rel}","templated":true}]}}