{"id":799,"date":"2025-04-21T18:17:47","date_gmt":"2025-04-21T18:17:47","guid":{"rendered":"https:\/\/blog.universofamilia.com\/?p=799"},"modified":"2025-04-21T18:17:48","modified_gmt":"2025-04-21T18:17:48","slug":"me-encantaria-hablar-contigo-con-estas-apps-de-citas","status":"publish","type":"post","link":"https:\/\/blog.universofamilia.com\/hu\/me-encantaria-hablar-contigo-con-estas-apps-de-citas\/","title":{"rendered":"Sz\u00edvesen besz\u00e9lgetn\u00e9k veled ezekr\u0151l a t\u00e1rskeres\u0151 alkalmaz\u00e1sokr\u00f3l."},"content":{"rendered":"<h4 class=\"wp-block-heading has-text-align-center\">\u00a1<strong>L\u00e9pj kapcsolatba val\u00f3di emberekkel<\/strong> \u00e9s \u00e9lj \u00e1t \u00faj \u00e9lm\u00e9nyeket!<\/h4>\n\n\n\n<p><\/p>\n\n\n\n<h5 class=\"wp-block-heading has-text-align-center\"><mark class=\"has-inline-color has-vivid-cyan-blue-color\"><mark class=\"has-inline-color has-vivid-cyan-blue-color\">mi vagy te? <strong>keres\u00e9s<\/strong>?<\/mark><\/mark><\/h5>\n\n\n    <section class=\"mx-1 my-10\">\n                                                <a href=\"https:\/\/blog.universofamilia.com\/hu\/aplicaciones-de-citas\/\" class=\"text-white\" data-analytics-label=\"optionsButton\"\n                    data-action=\"analytics#trackCTA\">\n                    <div data-options-target=\"option\"\n                        class=\"custom-section rounded-xl border p-3 shadow-md w-full bg-green-700 my-3\">\n                        <div class=\"flex w-full items-center justify-between\">\n                            <div class=\"flex items-center space-x-3\">\n                                <div class=\"text-lg font-bold\">\n                                    Szia, besz\u00e9lj most! \u279d\n                                <\/div>\n                            <\/div>\n                        <\/div>\n                    <\/div>\n                <\/a>\n                                                            <a href=\"https:\/\/blog.universofamilia.com\/hu\/descubriendo-nuevas-amistades\/\" class=\"text-white\" data-analytics-label=\"optionsButton\"\n                    data-action=\"analytics#trackCTA\">\n                    <div data-options-target=\"option\"\n                        class=\"custom-section rounded-xl border p-3 shadow-md w-full bg-green-700 my-3\">\n                        <div class=\"flex w-full items-center justify-between\">\n                            <div class=\"flex items-center space-x-3\">\n                                <div class=\"text-lg font-bold\">\n                                    Ismerkedj meg a norm\u00e1lis n\u0151kkel! \u279d\n                                <\/div>\n                            <\/div>\n                        <\/div>\n                    <\/div>\n                <\/a>\n                                                            <a href=\"https:\/\/blog.universofamilia.com\/hu\/apps-mais-50\/\" class=\"text-white\" data-analytics-label=\"optionsButton\"\n                    data-action=\"analytics#trackCTA\">\n                    <div data-options-target=\"option\"\n                        class=\"custom-section rounded-xl border p-3 shadow-md w-full bg-green-700 my-3\">\n                        <div class=\"flex w-full items-center justify-between\">\n                            <div class=\"flex items-center space-x-3\">\n                                <div class=\"text-lg font-bold\">\n                                    Ismerd meg a legszebbet! \u279d\n                                <\/div>\n                            <\/div>\n                        <\/div>\n                    <\/div>\n                <\/a>\n                            <p class=\"text-xs text-gray-500 text-right hidden\"\n            style=\"margin-left: 50%; margin-bottom: 50px; margin-top: 5px;\">\n            <!-- You will be redirected to another website -->\n        <\/p>\n    <\/section>\n\n\n\n\n<p class=\"has-text-align-right\"><em><strong><em><strong><em><strong><em><strong><em><strong><em><strong><em><strong><em><strong><em><strong><em><strong>Ugyanott fog maradni!<\/strong><\/em><\/strong><\/em><\/strong><\/em><\/strong><\/em><\/strong><\/em><\/strong><\/em><\/strong><\/em><\/strong><\/em><\/strong><\/em><\/strong><\/em><\/p>\n\n\n\n<p><\/p>\n\n\n\n<p><strong>Sokat szeretn\u00e9k besz\u00e9lgetni, ahogy mondod, ezekkel a namoro alkalmaz\u00e1sokkal.<\/strong>.<\/p>\n\n\n\n<p>Ez a kifejez\u00e9s t\u00f6bb ezer ember v\u00e1gy\u00e1t \u00f6sszegzi, akik \u2013 hozz\u00e1d hasonl\u00f3an \u2013 <a href=\"https:\/\/blog.universofamilia.com\/hu\/aplicaciones-de-citas\/\">keresek valaki k\u00fcl\u00f6nlegeset, akivel besz\u00e9lgethetek<\/a>, ossz meg pillanatokat, vagy ak\u00e1r kezdj el egy szerelmi t\u00f6rt\u00e9netet.<\/p>\n\n\n\n<p>Manaps\u00e1g nem kell bulin lenned, vagy v\u00e9letlen\u00fcl tal\u00e1lkoznod valakivel.<\/p>\n\n\n\n<p>A mobiltelefonoddal \u00e9s a <strong>biztos n\u00e9vjegyalkalmaz\u00e1sok<\/strong>, besz\u00e9lgethetsz val\u00f3di emberekkel, akik k\u00f6zel \u00e1llnak hozz\u00e1d \u00e9s hasonl\u00f3 \u00e9rdekl\u0151d\u00e9s\u0171ek.<\/p>\n\n\n\n<p>Ez a cikk kifejezetten neked k\u00e9sz\u00fclt: egy k\u00edv\u00e1ncsi embernek, aki tal\u00e1n f\u00e9l\u00e9nk a technol\u00f3gi\u00e1val szemben, de v\u00e1gyik a kapcsolatokra \u00e9s a boldogs\u00e1gra.<\/p>\n\n\n\n<p>L\u00e9p\u00e9sr\u0151l l\u00e9p\u00e9sre, egyszer\u0171 \u00e9s k\u00f6z\u00e9rthet\u0151 nyelven elmagyar\u00e1zzuk, hogyan m\u0171k\u00f6dnek ezek az alkalmaz\u00e1sok, melyek a legjobbak, \u00e9s hogyan haszn\u00e1lhat\u00f3k biztons\u00e1gosan.<\/p>\n\n\n\n<p>\u00c9s ami a legfontosabb: megmutatjuk nektek <strong>3 megb\u00edzhat\u00f3, n\u00e9pszer\u0171 \u00e9s nagyon k\u00f6nnyen haszn\u00e1lhat\u00f3 alkalmaz\u00e1s<\/strong>, k\u00f6zvetlen linkekkel a Play \u00c1ruh\u00e1zhoz, \u00edgy azonnal let\u00f6ltheted \u0151ket. K\u00e9szen \u00e1llsz a kezd\u00e9sre?<\/p>\n\n\n\n<p><\/p>\n\n\n\n<hr class=\"wp-block-separator has-alpha-channel-opacity is-style-wide\" \/>\n\n\n\n<h2 class=\"wp-block-heading has-text-align-center\"><mark class=\"has-inline-color has-luminous-vivid-orange-color\"><a href=\"https:\/\/blog.universofamilia.com\/hu\/zumba-en-casa-descubre-la-diversion-de-bailar\/\">Olvasd el ezt is<\/a><\/mark><\/h2>\n\n\n    <section class=\"mx-1 my-10\">\n                                                <a href=\"https:\/\/blog.universofamilia.com\/hu\/aplicaciones-de-citas\/\" class=\"text-white\" data-analytics-label=\"optionsButton\"\n                    data-action=\"analytics#trackCTA\">\n                    <div data-options-target=\"option\"\n                        class=\"custom-section rounded-xl border p-3 shadow-md w-full bg-green-700 my-3\">\n                        <div class=\"flex w-full items-center justify-between\">\n                            <div class=\"flex items-center space-x-3\">\n                                <div class=\"text-lg font-bold\">\n                                    Randialkalmaz\u00e1sok \u279d\n                                <\/div>\n                            <\/div>\n                        <\/div>\n                    <\/div>\n                <\/a>\n                                                            <a href=\"https:\/\/blog.universofamilia.com\/hu\/descubre-quien-ve-tu-perfil-en-instagram-y-facebook\/\" class=\"text-white\" data-analytics-label=\"optionsButton\"\n                    data-action=\"analytics#trackCTA\">\n                    <div data-options-target=\"option\"\n                        class=\"custom-section rounded-xl border p-3 shadow-md w-full bg-green-700 my-3\">\n                        <div class=\"flex w-full items-center justify-between\">\n                            <div class=\"flex items-center space-x-3\">\n                                <div class=\"text-lg font-bold\">\n                                    Tudd meg, kik n\u00e9zik meg a profilodat \u279d\n                                <\/div>\n                            <\/div>\n                        <\/div>\n                    <\/div>\n                <\/a>\n                                                            <a href=\"https:\/\/blog.universofamilia.com\/hu\/santa-biblia-ave-maria\/\" class=\"text-white\" data-analytics-label=\"optionsButton\"\n                    data-action=\"analytics#trackCTA\">\n                    <div data-options-target=\"option\"\n                        class=\"custom-section rounded-xl border p-3 shadow-md w-full bg-green-700 my-3\">\n                        <div class=\"flex w-full items-center justify-between\">\n                            <div class=\"flex items-center space-x-3\">\n                                <div class=\"text-lg font-bold\">\n                                    Szent Biblia \u00dcdv\u00f6zl\u00e9gy M\u00e1ria \u279d\n                                <\/div>\n                            <\/div>\n                        <\/div>\n                    <\/div>\n                <\/a>\n                            <p class=\"text-xs text-gray-500 text-right hidden\"\n            style=\"margin-left: 50%; margin-bottom: 50px; margin-top: 5px;\">\n            <!-- You will be redirected to another website -->\n        <\/p>\n    <\/section>\n\n\n\n\n<p class=\"has-text-align-right\"><em><strong><em><strong><em><strong><em><strong><em><strong>Ugyanott fog maradni!<\/strong><\/em><\/strong><\/em><\/strong><\/em><\/strong><\/em><\/strong><\/em><\/p>\n\n\n\n<hr class=\"wp-block-separator has-alpha-channel-opacity is-style-wide\" \/>\n\n\n\n<p><\/p>\n\n\n\n<h2 class=\"wp-block-heading\">Mi\u00e9rt haszn\u00e1lnak annyian Namoro alkalmaz\u00e1sokat?<\/h2>\n\n\n\n<h3 class=\"wp-block-heading\">A mag\u00e1nynak nem kell \u00e1lland\u00f3nak lennie.<\/h3>\n\n\n\n<p>Olyan korban \u00e9l\u00fcnk, amikor sokan mag\u00e1nyosnak \u00e9rzik magukat, m\u00e9g akkor is, ha emberek veszik k\u00f6r\u00fcl \u0151ket.<\/p>\n\n\n\n<p>A rutin, a munka, a csal\u00e1d... minden felem\u00e9szti az id\u0151nket. De a v\u00e1gy, hogy valaki k\u00fcl\u00f6nlegessel besz\u00e9lgess\u00fcnk, akkor is ott van, ugye?<\/p>\n\n\n\n<h3 class=\"wp-block-heading\">Ezek az alkalmaz\u00e1sok modern \u00e9s biztons\u00e1gos megold\u00e1st jelentenek<\/h3>\n\n\n\n<p>Egy <strong>Namoro alkalmaz\u00e1s<\/strong>, tal\u00e1lkozhatsz emberekkel a v\u00e1rosodb\u00f3l vagy a vil\u00e1g b\u00e1rmely pontj\u00e1r\u00f3l.<\/p>\n\n\n\n<p>\u00c9s a legjobb az eg\u00e9szben: otthonr\u00f3l, a kanap\u00e9don \u00fclve is megteheted, nyom\u00e1s \u00e9s kellemetlens\u00e9g n\u00e9lk\u00fcl. Csak a mobiltelefonodra \u00e9s internetkapcsolatra van sz\u00fcks\u00e9ged.<\/p>\n\n\n\n<h3 class=\"wp-block-heading\">Nehezen tudsz besz\u00e9lget\u00e9st kezdem\u00e9nyezni? Ezek az alkalmaz\u00e1sok seg\u00edthetnek.<\/h3>\n\n\n\n<p>Ezen alkalmaz\u00e1sok k\u00f6z\u00fcl soknak vannak olyan funkci\u00f3i, amelyek <strong>automatikusan megt\u00f6ri a jeget<\/strong>, p\u00e9ld\u00e1ul sz\u00f3rakoztat\u00f3 k\u00e9rd\u00e9seket, j\u00e1t\u00e9kokat vagy t\u00e9majavaslatokat.<\/p>\n\n\n\n<p>M\u00e9g ha f\u00e9l\u00e9nk is vagy, elkezdheted lassan.<\/p>\n\n\n\n<h2 class=\"wp-block-heading\">A namoro alkalmaz\u00e1sok haszn\u00e1lat\u00e1nak val\u00f3di el\u0151nyei<\/h2>\n\n\n\n<ul>\n<li>Olyan emberekkel besz\u00e9lgetsz, akik szint\u00e9n szeretn\u00e9nek besz\u00e9lgetni.<\/li>\n\n\n\n<li>Te d\u00f6nt\u00f6d el, hogy kivel, mikor \u00e9s hogyan besz\u00e9lsz.<\/li>\n\n\n\n<li>Blokkolhatod vagy figyelmen k\u00edv\u00fcl hagyhatod az embereket, ha nem \u00e9rzed j\u00f3l magad.<\/li>\n\n\n\n<li>Sok alkalmaz\u00e1s rendelkezik szem\u00e9lyazonoss\u00e1g-ellen\u0151rz\u00e9ssel.<\/li>\n\n\n\n<li>Sz\u0171r\u0151k seg\u00edts\u00e9g\u00e9vel megtal\u00e1lhatod azokat az embereket, akik igaz\u00e1n tetszenek.<\/li>\n<\/ul>\n\n\n\n<h2 class=\"wp-block-heading\">Hogyan kezdjem el haszn\u00e1lni a Namoro alkalmaz\u00e1st?<\/h2>\n\n\n\n<h3 class=\"wp-block-heading\">L\u00e9p\u00e9sr\u0151l l\u00e9p\u00e9sre kezd\u0151knek<\/h3>\n\n\n\n<ol>\n<li><strong>T\u00f6ltsd le az alkalmaz\u00e1st<\/strong> a Play \u00c1ruh\u00e1zb\u00f3l (a linkek al\u00e1bb tal\u00e1lhat\u00f3k).<\/li>\n\n\n\n<li><strong>Hozd l\u00e9tre a profilodat<\/strong> a neveddel, egy sz\u00e9p fot\u00f3val \u00e9s egy r\u00f6vid le\u00edr\u00e1ssal.<\/li>\n\n\n\n<li><strong>Profilok felfedez\u00e9se<\/strong>: H\u00fazz jobbra, ha tetszik valaki, vagy balra, ha nem.<\/li>\n\n\n\n<li><strong>Cseveg\u00e9s ind\u00edt\u00e1sa<\/strong>: Ha a m\u00e1sik is t\u00e9ged v\u00e1laszt, akkor most besz\u00e9lhetsz!<\/li>\n\n\n\n<li><strong>Besz\u00e9lj nyugodtan<\/strong>, l\u00e9gy \u00f6nmagad \u00e9s tiszteld m\u00e1sokat.<\/li>\n<\/ol>\n\n\n\n<h2 class=\"wp-block-heading\">Fontos aj\u00e1nl\u00e1sok a biztons\u00e1gos \u00e9lm\u00e9ny \u00e9rdek\u00e9ben<\/h2>\n\n\n\n<ul>\n<li><strong>Ne oszd meg a c\u00edmedet vagy a szem\u00e9lyes adataidat.<\/strong> nagyon gyorsan.<\/li>\n\n\n\n<li>Mindig az alkalmaz\u00e1son bel\u00fcli besz\u00e9lget\u00e9sekkel kezdj.<\/li>\n\n\n\n<li>Ha \u00fagy d\u00f6ntesz, hogy tal\u00e1lkozol valakivel, <strong>tal\u00e1lkozni egy nyilv\u00e1nos helyen<\/strong>.<\/li>\n\n\n\n<li>K\u00f6vesd a meg\u00e9rz\u00e9seidet. Ha valami nem t\u0171nik helyesnek, blokkolhatod az illet\u0151t.<\/li>\n<\/ul>\n\n\n\n<h2 class=\"wp-block-heading\">A 3 legjobb Namoro alkalmaz\u00e1s, amivel most azonnal besz\u00e9lgethetsz<\/h2>\n\n\n\n<p>K\u00f6vetkez\u0151k\u00e9nt bemutatjuk \u00d6nnek <strong>H\u00e1rom n\u00e9pszer\u0171, megb\u00edzhat\u00f3 \u00e9s magasra \u00e9rt\u00e9kelt alkalmaz\u00e1s<\/strong>.<\/p>\n\n\n\n<p>Mindegyik el\u00e9rhet\u0151 a Play \u00c1ruh\u00e1zban, \u00e9s minden koroszt\u00e1ly sz\u00e1m\u00e1ra t\u00f6k\u00e9letes.<\/p>\n\n\n\n<h3 class=\"wp-block-heading\">1. <strong>Tapl\u00f3<\/strong> \u2013 Tal\u00e1lkozz a k\u00f6rny\u00e9keden \u00e9l\u0151 emberekkel<\/h3>\n\n\n\n<p><a href=\"https:\/\/tinder.com\/pt\/download\">\ud83d\udd17 T\u00f6ltsd le a Tindert a Play \u00c1ruh\u00e1zb\u00f3l<\/a><\/p>\n\n\n\n<p><strong>Mi az?<\/strong><br>A Tinder a vil\u00e1g legn\u00e9pszer\u0171bb t\u00e1rskeres\u0151 alkalmaz\u00e1sa. Ide\u00e1lis laza besz\u00e9lget\u00e9sekhez, bar\u00e1tkoz\u00e1shoz, vagy ak\u00e1r a szerelem megtal\u00e1l\u00e1s\u00e1hoz.<\/p>\n\n\n\n<p><strong>F\u0151bb jellemz\u0151k<\/strong>:<\/p>\n\n\n\n<ul>\n<li>Mutasd meg a hozz\u00e1d k\u00f6zel \u00e1ll\u00f3 embereket.<\/li>\n\n\n\n<li>Tetszhetsz, vagy el is hagyhatod.<\/li>\n\n\n\n<li>Csak akkor csevegjetek, ha mindketten szimpatikusak vagytok egym\u00e1snak.<\/li>\n\n\n\n<li>Ingyenesen haszn\u00e1lhatod, vagy fizethetsz a plusz funkci\u00f3k\u00e9rt.<\/li>\n<\/ul>\n\n\n\n<p><strong>A Tinder legjava<\/strong>:<\/p>\n\n\n\n<ul>\n<li>Nagyon k\u00f6nnyen haszn\u00e1lhat\u00f3.<\/li>\n\n\n\n<li>T\u00f6bb milli\u00f3 akt\u00edv felhaszn\u00e1l\u00f3ja van.<\/li>\n\n\n\n<li>Ide\u00e1lis a nyom\u00e1s n\u00e9lk\u00fcli besz\u00e9lget\u00e9sek elind\u00edt\u00e1s\u00e1hoz.<\/li>\n<\/ul>\n\n\n\n<p><\/p>\n\n\n\n<hr class=\"wp-block-separator has-alpha-channel-opacity is-style-wide\" \/>\n\n\n\n<h5 class=\"wp-block-heading has-text-align-left\"><strong><mark class=\"has-inline-color has-luminous-vivid-amber-color\"><strong><mark class=\"has-inline-color has-luminous-vivid-amber-color\"><a>\ud83d\udc49 <\/a><strong><mark class=\"has-inline-color has-luminous-vivid-amber-color\"><strong>T\u00f6ltsd le az alkalmaz\u00e1st:<\/strong><\/mark><\/strong><\/mark><\/strong><\/mark><\/strong><\/h5>\n\n\n    <section class=\"mx-1 my-10\">\n                                                <a href=\"https:\/\/tinder.com\/pt\/download\" class=\"text-white\" data-analytics-label=\"optionsButton\"\n                    data-action=\"analytics#trackCTA\">\n                    <div data-options-target=\"option\"\n                        class=\"custom-section rounded-xl border p-3 shadow-md w-full bg-green-700 my-3\">\n                        <div class=\"flex w-full items-center justify-between\">\n                            <div class=\"flex items-center space-x-3\">\n                                <div class=\"text-lg font-bold\">\n                                    Tinder \u279d\n                                <\/div>\n                            <\/div>\n                        <\/div>\n                    <\/div>\n                <\/a>\n                            <p class=\"text-xs text-gray-500 text-right\"\n            style=\"margin-left: 50%; margin-bottom: 50px; margin-top: 5px;\">\n            <!-- You will be redirected to another website -->\n        <\/p>\n    <\/section>\n\n\n\n\n<p class=\"has-text-align-right\"><em><strong><em><strong><em><strong><em><strong><em><strong><em><strong><em><strong><em><strong><em><strong><em><strong>\u00c1t leszel ir\u00e1ny\u00edtva egy m\u00e1sik oldalra!<\/strong><\/em><\/strong><\/em><\/strong><\/em><\/strong><\/em><\/strong><\/em><\/strong><\/em><\/strong><\/em><\/strong><\/em><\/strong><\/em><\/strong><\/em><\/p>\n\n\n\n<hr class=\"wp-block-separator has-alpha-channel-opacity is-style-wide\" \/>\n\n\n\n<p><\/p>\n\n\n\n<h3 class=\"wp-block-heading\">2. <strong>Badoo<\/strong> \u2013 Tal\u00e1lkozz val\u00f3di emberekkel, komplik\u00e1ci\u00f3k n\u00e9lk\u00fcl<\/h3>\n\n\n\n<p><strong>Mi az?<\/strong><br>A Badoo \u00f6tv\u00f6zi a k\u00f6z\u00f6ss\u00e9gi h\u00e1l\u00f3zatok \u00e9s a t\u00e1rskeres\u0151 alkalmaz\u00e1sok legjav\u00e1t.<\/p>\n\n\n\n<p>Lehet\u0151v\u00e9 teszi, hogy olyan emberekkel tal\u00e1lkozz, akik k\u00f6zel \u00e1llnak hozz\u00e1d, \u00e9s \u0151szint\u00e9n szeretn\u00e9nek besz\u00e9lgetni.<\/p>\n\n\n\n<p><strong>F\u0151bb jellemz\u0151k<\/strong>:<\/p>\n\n\n\n<ul>\n<li>Sz\u0171r\u00e9s \u00e9letkor, helysz\u00edn \u00e9s \u00e9rdekl\u0151d\u00e9si k\u00f6r szerint.<\/li>\n\n\n\n<li>Profil ellen\u0151rz\u00e9se f\u00e9nyk\u00e9ppel.<\/li>\n\n\n\n<li>L\u00e1thatod, hogy kik l\u00e1togatt\u00e1k meg a profilodat.<\/li>\n<\/ul>\n\n\n\n<p><strong>A Badoo legjava<\/strong>:<\/p>\n\n\n\n<ul>\n<li>Sok ellen\u0151rz\u00f6tt profil.<\/li>\n\n\n\n<li>Ide\u00e1lis id\u0151seknek.<\/li>\n\n\n\n<li>Nagyon akt\u00edv \u00e9s tiszteletteljes k\u00f6z\u00f6ss\u00e9g.<\/li>\n<\/ul>\n\n\n\n<p><\/p>\n\n\n\n<hr class=\"wp-block-separator has-alpha-channel-opacity is-style-wide\" \/>\n\n\n\n<h5 class=\"wp-block-heading has-text-align-left\"><strong><mark class=\"has-inline-color has-luminous-vivid-amber-color\"><strong><mark class=\"has-inline-color has-luminous-vivid-amber-color\"><strong><mark class=\"has-inline-color has-luminous-vivid-amber-color\"><strong><mark class=\"has-inline-color has-luminous-vivid-amber-color\"><strong><mark class=\"has-inline-color has-luminous-vivid-amber-color\"><strong><mark class=\"has-inline-color has-luminous-vivid-amber-color\"><a>\ud83d\udc49 <\/a><strong><mark class=\"has-inline-color has-luminous-vivid-amber-color\"><strong>T\u00f6ltsd le az alkalmaz\u00e1st:<\/strong><\/mark><\/strong><\/mark><\/strong><\/mark><\/strong><\/mark><\/strong><\/mark><\/strong><\/mark><\/strong><\/mark><\/strong><\/h5>\n\n\n    <section class=\"mx-1 my-10\">\n                                                <a href=\"https:\/\/badoo.com\/pt\/\" class=\"text-white\" data-analytics-label=\"optionsButton\"\n                    data-action=\"analytics#trackCTA\">\n                    <div data-options-target=\"option\"\n                        class=\"custom-section rounded-xl border p-3 shadow-md w-full bg-green-700 my-3\">\n                        <div class=\"flex w-full items-center justify-between\">\n                            <div class=\"flex items-center space-x-3\">\n                                <div class=\"text-lg font-bold\">\n                                    Badoo \u279d\n                                <\/div>\n                            <\/div>\n                        <\/div>\n                    <\/div>\n                <\/a>\n                            <p class=\"text-xs text-gray-500 text-right\"\n            style=\"margin-left: 50%; margin-bottom: 50px; margin-top: 5px;\">\n            <!-- You will be redirected to another website -->\n        <\/p>\n    <\/section>\n\n\n\n\n<p class=\"has-text-align-right\"><em><strong><em><strong><em><strong><em><strong><em><strong><em><strong><em><strong><em><strong><em><strong><em><strong>\u00c1t leszel ir\u00e1ny\u00edtva egy m\u00e1sik oldalra!<\/strong><\/em><\/strong><\/em><\/strong><\/em><\/strong><\/em><\/strong><\/em><\/strong><\/em><\/strong><\/em><\/strong><\/em><\/strong><\/em><\/strong><\/em><\/p>\n\n\n\n<hr class=\"wp-block-separator has-alpha-channel-opacity is-style-wide\" \/>\n\n\n\n<p><\/p>\n\n\n\n<h3 class=\"wp-block-heading\">3. <strong>Happn<\/strong> \u2013 L\u00e9pj kapcsolatba olyan emberekkel, akiket a val\u00f3 \u00e9letben l\u00e1tt\u00e1l<\/h3>\n\n\n\n<p><strong>Mi az?<\/strong><br>A Happn megmutatja azokat az embereket, akikkel m\u00e1r \u00f6sszefutott\u00e1l az utc\u00e1n, a szupermarketben, a parkban... \u00e9s akik szint\u00e9n haszn\u00e1lj\u00e1k az alkalmaz\u00e1st!<\/p>\n\n\n\n<p><strong>F\u0151bb jellemz\u0151k<\/strong>:<\/p>\n\n\n\n<ul>\n<li>A t\u00e9nyleges helysz\u00edn alapj\u00e1n.<\/li>\n\n\n\n<li>K\u00fcldhetsz egy \u201eHello\u201d \u00fczenetet, \u00e9s v\u00e1rhatsz a v\u00e1laszra.<\/li>\n\n\n\n<li>Minden priv\u00e1t \u00e9s anonim, am\u00edg mindketten nem akartok besz\u00e9lni.<\/li>\n<\/ul>\n\n\n\n<p><strong>Happn legjava<\/strong>:<\/p>\n\n\n\n<ul>\n<li>T\u00f6k\u00e9letes, ha romantikus vagy \u00e9s hiszel a sorsban.<\/li>\n\n\n\n<li>Sok id\u0151s ember haszn\u00e1lja ezt az alkalmaz\u00e1st.<\/li>\n\n\n\n<li>Nagyon biztons\u00e1gos \u00e9s k\u00f6nnyen kezelhet\u0151.<\/li>\n<\/ul>\n\n\n\n<p><\/p>\n\n\n\n<hr class=\"wp-block-separator has-alpha-channel-opacity is-style-wide\" \/>\n\n\n\n<h5 class=\"wp-block-heading has-text-align-left\"><strong><mark class=\"has-inline-color has-luminous-vivid-amber-color\"><strong><mark class=\"has-inline-color has-luminous-vivid-amber-color\"><strong><mark class=\"has-inline-color has-luminous-vivid-amber-color\"><strong><mark class=\"has-inline-color has-luminous-vivid-amber-color\"><strong><mark class=\"has-inline-color has-luminous-vivid-amber-color\"><strong><mark class=\"has-inline-color has-luminous-vivid-amber-color\"><a>\ud83d\udc49 <\/a><strong><mark class=\"has-inline-color has-luminous-vivid-amber-color\"><strong>T\u00f6ltsd le az alkalmaz\u00e1st:<\/strong><\/mark><\/strong><\/mark><\/strong><\/mark><\/strong><\/mark><\/strong><\/mark><\/strong><\/mark><\/strong><\/mark><\/strong><\/h5>\n\n\n    <section class=\"mx-1 my-10\">\n                                                <a href=\"https:\/\/happn.app\/\" class=\"text-white\" data-analytics-label=\"optionsButton\"\n                    data-action=\"analytics#trackCTA\">\n                    <div data-options-target=\"option\"\n                        class=\"custom-section rounded-xl border p-3 shadow-md w-full bg-green-700 my-3\">\n                        <div class=\"flex w-full items-center justify-between\">\n                            <div class=\"flex items-center space-x-3\">\n                                <div class=\"text-lg font-bold\">\n                                    Boldog \u279d\n                                <\/div>\n                            <\/div>\n                        <\/div>\n                    <\/div>\n                <\/a>\n                            <p class=\"text-xs text-gray-500 text-right\"\n            style=\"margin-left: 50%; margin-bottom: 50px; margin-top: 5px;\">\n            <!-- You will be redirected to another website -->\n        <\/p>\n    <\/section>\n\n\n\n\n<p class=\"has-text-align-right\"><em><strong><em><strong><em><strong><em><strong><em><strong><em><strong><em><strong><em><strong><em><strong><em><strong>\u00c1t leszel ir\u00e1ny\u00edtva egy m\u00e1sik oldalra!<\/strong><\/em><\/strong><\/em><\/strong><\/em><\/strong><\/em><\/strong><\/em><\/strong><\/em><\/strong><\/em><\/strong><\/em><\/strong><\/em><\/strong><\/em><\/p>\n\n\n\n<hr class=\"wp-block-separator has-alpha-channel-opacity is-style-wide\" \/>\n\n\n\n<p><\/p>\n\n\n\n<h2 class=\"wp-block-heading\">Igaz t\u00f6rt\u00e9netek, amelyek inspir\u00e1lnak<\/h2>\n\n\n\n<h3 class=\"wp-block-heading\">\u201eSoha nem gondoltam volna, hogy 60 \u00e9vesen r\u00e1m tal\u00e1l a szerelem.\u201d<\/h3>\n\n\n\n<blockquote class=\"wp-block-quote\">\n<p>\u201eAz unok\u00e1m seg\u00edtett let\u00f6lteni egy Namoro alkalmaz\u00e1st. El\u0151sz\u00f6r f\u00e9ltem, de n\u00e9h\u00e1ny napon bel\u00fcl tal\u00e1lkoztam Jorge-val. Hetekig besz\u00e9lgett\u00fcnk, miel\u0151tt tal\u00e1lkoztunk. Ma egy\u00fctt vagyunk \u00e9s boldogok.\u201d <em>L\u00facia, 62 \u00e9ves<\/em><\/p>\n<\/blockquote>\n\n\n\n<h2 class=\"wp-block-heading\">Mi van, ha csak besz\u00e9lgetni akarok?<\/h2>\n\n\n\n<p>T\u00f6k\u00e9letes! Nem mindenki keresi a szerelmet. Vannak, akik csak azt szeretn\u00e9k, hogy valaki meghallgassa \u0151ket.<\/p>\n\n\n\n<p>\u00c9s ezek az alkalmaz\u00e1sok ide\u00e1lisak erre. A profilodban vil\u00e1goss\u00e1 teheted, hogy besz\u00e9lget\u00e9sre, bar\u00e1tkoz\u00e1sra vagy csak l\u00f3g\u00e1sra v\u00e1gysz.<\/p>\n\n\n\n<h2 class=\"wp-block-heading\">Tippek a kellemes besz\u00e9lget\u00e9sekhez<\/h2>\n\n\n\n<ul>\n<li>L\u00e9gy kedves \u00e9s figyelj.<\/li>\n\n\n\n<li>Tegy\u00e9l fel egyszer\u0171 k\u00e9rd\u00e9seket: Mit szeretsz? Milyen a napod?<\/li>\n\n\n\n<li>Ne er\u0151ltesd magad. Tartsd tiszteletben a m\u00e1sik temp\u00f3j\u00e1t.<\/li>\n\n\n\n<li>Ha nincs kapcsolat, az sem baj. Sokan v\u00e1rakoznak.<\/li>\n<\/ul>\n\n\n<div class=\"wp-block-image\">\n<figure class=\"aligncenter size-full\"><img loading=\"lazy\" decoding=\"async\" width=\"500\" height=\"350\" src=\"https:\/\/blog.universofamilia.com\/wp-content\/uploads\/sites\/154\/2025\/04\/DESTAQUE-BLOG-UNIVERSO-550-x-350-1-10.jpg\" alt=\"\" class=\"wp-image-803\" srcset=\"https:\/\/blog.universofamilia.com\/wp-content\/uploads\/sites\/154\/2025\/04\/DESTAQUE-BLOG-UNIVERSO-550-x-350-1-10.jpg 500w, https:\/\/blog.universofamilia.com\/wp-content\/uploads\/sites\/154\/2025\/04\/DESTAQUE-BLOG-UNIVERSO-550-x-350-1-10-300x210.jpg 300w, https:\/\/blog.universofamilia.com\/wp-content\/uploads\/sites\/154\/2025\/04\/DESTAQUE-BLOG-UNIVERSO-550-x-350-1-10-18x12.jpg 18w\" sizes=\"(max-width: 500px) 100vw, 500px\" \/><figcaption class=\"wp-element-caption\">Sz\u00edvesen besz\u00e9lgetn\u00e9k veled ezekr\u0151l a t\u00e1rskeres\u0151 alkalmaz\u00e1sokr\u00f3l.<\/figcaption><\/figure><\/div>\n\n\n<h2 class=\"wp-block-heading\">H\u00e1ny \u00e9vesnek kell lennem ahhoz, hogy haszn\u00e1lhassam ezeket az alkalmaz\u00e1sokat?<\/h2>\n\n\n\n<p>A legt\u00f6bb namoro alkalmaz\u00e1s megk\u00f6veteli, hogy rendelkezzen veled <strong>legal\u00e1bb 18 \u00e9ves<\/strong>Vannak azonban kifejezetten 50 \u00e9v felettieknek tervezett alkalmaz\u00e1sok, mint p\u00e9ld\u00e1ul az \u201eOurTime\u201d.<\/p>\n\n\n\n<p>De az itt eml\u00edtettek minden koroszt\u00e1ly\u00fa feln\u0151ttnek sz\u00f3lnak.<\/p>\n\n\n\n<h2 class=\"wp-block-heading\">Fizetnem kell a haszn\u00e1latuk\u00e9rt?<\/h2>\n\n\n\n<p>Nem. Minden alkalmaz\u00e1s, amit aj\u00e1nlunk <strong>Van egy ingyenes verzi\u00f3juk<\/strong>, ami el\u00e9g ahhoz, hogy elkezdj\u00fcnk besz\u00e9lni.<\/p>\n\n\n\n<p>Ha nagyon tetszik, fizethetsz a tov\u00e1bbi funkci\u00f3k\u00e9rt. De ez nem k\u00f6telez\u0151.<\/p>\n\n\n\n<h2 class=\"wp-block-heading\">B\u00e1rmelyik orsz\u00e1gban haszn\u00e1lhatom \u0151ket?<\/h2>\n\n\n\n<p>Igen! Haszn\u00e1lhatod \u0151ket Mexik\u00f3b\u00f3l, az Egyes\u00fclt \u00c1llamokb\u00f3l, Braz\u00edli\u00e1b\u00f3l, vagy b\u00e1rhonnan m\u00e1s orsz\u00e1gokb\u00f3l is. Ak\u00e1r m\u00e1s orsz\u00e1gokb\u00f3l sz\u00e1rmaz\u00f3 embereket is kereshetsz, ha nyelveket szeretn\u00e9l gyakorolni, vagy \u00faj kult\u00far\u00e1kat szeretn\u00e9l megismerni.<\/p>\n\n\n\n<h2 class=\"wp-block-heading\">Mi van, ha hib\u00e1zom a haszn\u00e1lat sor\u00e1n?<\/h2>\n\n\n\n<p>Rendben van. Mindannyian a tanul\u00e1ssal kezdj\u00fck. \u00c9s a legjobb az eg\u00e9szben: b\u00e1rmikor t\u00f6r\u00f6lheted a fi\u00f3kodat, lecser\u00e9lheted a fot\u00f3dat, vagy \u00fajrakezdheted. A l\u00e9nyeg, hogy pr\u00f3b\u00e1ld ki!<\/p>\n\n\n\n<h2 class=\"wp-block-heading\">Cselekedj m\u00e9g ma!<\/h2>\n\n\n\n<p>Ma felfedezted, hogy <strong>Namoro alkalmaz\u00e1sai<\/strong> Nem csak fiatal, tech-hozz\u00e1\u00e9rt\u0151 embereknek sz\u00f3lnak. Neked is: egy olyan embernek, aki besz\u00e9lgetni, nevetni, emberekkel tal\u00e1lkozni \u00e9s \u00e9l\u0151nek \u00e9rezni mag\u00e1t.<\/p>\n\n\n\n<p>Megtanultad, hogyan m\u0171k\u00f6dnek, hogyan kell biztons\u00e1gosan haszn\u00e1lni \u0151ket, \u00e9s tudtad, <strong>3 megb\u00edzhat\u00f3 alkalmaz\u00e1s<\/strong> kezd\u00e9snek.<\/p>\n\n\n\n<p>Ne hagyd, hogy a f\u00e9l\u00e9nks\u00e9g vagy a bizonytalans\u00e1g elt\u00e1ntor\u00edtson att\u00f3l, hogy valami \u00fajat pr\u00f3b\u00e1lj ki.<\/p>\n\n\n\n<p><strong>T\u00f6lts le most egyet ezek k\u00f6z\u00fcl az alkalmaz\u00e1sok k\u00f6z\u00fcl<\/strong>, hozd l\u00e9tre a profilodat \u00e9s kezdj el csevegni. Ez valami csod\u00e1latos kezdete lehet.<\/p>","protected":false},"excerpt":{"rendered":"<p>\u00a1Conecta con personas reales y vive nuevas experiencias! Qu\u00e9 est\u00e1s buscando? \u00a1Permanecer\u00e1 en el mismo sitio! Gostaria muito de falar com voc\u00ea com estes apps de namoro. Esa frase resume el deseo de miles de personas que, como t\u00fa, buscan alguien especial para conversar, compartir momentos o incluso empezar una historia de amor. Hoy en [&hellip;]<\/p>","protected":false},"author":139,"featured_media":803,"comment_status":"closed","ping_status":"open","sticky":false,"template":"","format":"standard","meta":{"footnotes":""},"categories":[4],"tags":[494,436,407,394,493],"yoast_head":"<!-- This site is optimized with the Yoast SEO plugin v23.3 - https:\/\/yoast.com\/wordpress\/plugins\/seo\/ -->\n<title>Me encantar\u00eda hablar contigo con estas apps de citas - Blog Universo Fam\u00edlia<\/title>\n<meta name=\"description\" content=\"Me encantar\u00eda hablar contigo con estas apps de citas. \u00a1Conecta con personas reales y vive nuevas experiencias!. Gostaria muito de falar...\" \/>\n<meta name=\"robots\" content=\"index, follow, max-snippet:-1, max-image-preview:large, max-video-preview:-1\" \/>\n<link rel=\"canonical\" href=\"http:\/\/blog.universofamilia.com\/hu\/me-encantaria-hablar-contigo-con-estas-apps-de-citas\/\" \/>\n<meta property=\"og:locale\" content=\"hu_HU\" \/>\n<meta property=\"og:type\" content=\"article\" \/>\n<meta property=\"og:title\" content=\"Me encantar\u00eda hablar contigo con estas apps de citas - Blog Universo Fam\u00edlia\" \/>\n<meta property=\"og:description\" content=\"Me encantar\u00eda hablar contigo con estas apps de citas. \u00a1Conecta con personas reales y vive nuevas experiencias!. Gostaria muito de falar...\" \/>\n<meta property=\"og:url\" content=\"http:\/\/blog.universofamilia.com\/hu\/me-encantaria-hablar-contigo-con-estas-apps-de-citas\/\" \/>\n<meta property=\"og:site_name\" content=\"Blog Universo Fam\u00edlia\" \/>\n<meta property=\"article:published_time\" content=\"2025-04-21T18:17:47+00:00\" \/>\n<meta property=\"article:modified_time\" content=\"2025-04-21T18:17:48+00:00\" \/>\n<meta property=\"og:image\" content=\"http:\/\/blog.universofamilia.com\/wp-content\/uploads\/sites\/154\/2025\/04\/DESTAQUE-BLOG-UNIVERSO-550-x-350-1-10.jpg\" \/>\n\t<meta property=\"og:image:width\" content=\"500\" \/>\n\t<meta property=\"og:image:height\" content=\"350\" \/>\n\t<meta property=\"og:image:type\" content=\"image\/jpeg\" \/>\n<meta name=\"author\" content=\"Pedro Henrique\" \/>\n<meta name=\"twitter:card\" content=\"summary_large_image\" \/>\n<meta name=\"twitter:label1\" content=\"Written by\" \/>\n\t<meta name=\"twitter:data1\" content=\"Pedro Henrique\" \/>\n\t<meta name=\"twitter:label2\" content=\"Est. reading time\" \/>\n\t<meta name=\"twitter:data2\" content=\"7 perc\" \/>\n<script type=\"application\/ld+json\" class=\"yoast-schema-graph\">{\"@context\":\"https:\/\/schema.org\",\"@graph\":[{\"@type\":\"WebPage\",\"@id\":\"http:\/\/blog.universofamilia.com\/pt_pt\/me-encantaria-hablar-contigo-con-estas-apps-de-citas\/\",\"url\":\"http:\/\/blog.universofamilia.com\/pt_pt\/me-encantaria-hablar-contigo-con-estas-apps-de-citas\/\",\"name\":\"Me encantar\u00eda hablar contigo con estas apps de citas - Blog Universo Fam\u00edlia\",\"isPartOf\":{\"@id\":\"https:\/\/blog.universofamilia.com\/ko\/#website\"},\"primaryImageOfPage\":{\"@id\":\"http:\/\/blog.universofamilia.com\/pt_pt\/me-encantaria-hablar-contigo-con-estas-apps-de-citas\/#primaryimage\"},\"image\":{\"@id\":\"http:\/\/blog.universofamilia.com\/pt_pt\/me-encantaria-hablar-contigo-con-estas-apps-de-citas\/#primaryimage\"},\"thumbnailUrl\":\"https:\/\/blog.universofamilia.com\/wp-content\/uploads\/sites\/154\/2025\/04\/DESTAQUE-BLOG-UNIVERSO-550-x-350-1-10.jpg\",\"datePublished\":\"2025-04-21T18:17:47+00:00\",\"dateModified\":\"2025-04-21T18:17:48+00:00\",\"author\":{\"@id\":\"https:\/\/blog.universofamilia.com\/ko\/#\/schema\/person\/f07ce98187dd84d31154262e79b3b7ca\"},\"description\":\"Me encantar\u00eda hablar contigo con estas apps de citas. \u00a1Conecta con personas reales y vive nuevas experiencias!. Gostaria muito de falar...\",\"breadcrumb\":{\"@id\":\"http:\/\/blog.universofamilia.com\/pt_pt\/me-encantaria-hablar-contigo-con-estas-apps-de-citas\/#breadcrumb\"},\"inLanguage\":\"hu\",\"potentialAction\":[{\"@type\":\"ReadAction\",\"target\":[\"http:\/\/blog.universofamilia.com\/pt_pt\/me-encantaria-hablar-contigo-con-estas-apps-de-citas\/\"]}]},{\"@type\":\"ImageObject\",\"inLanguage\":\"hu\",\"@id\":\"http:\/\/blog.universofamilia.com\/pt_pt\/me-encantaria-hablar-contigo-con-estas-apps-de-citas\/#primaryimage\",\"url\":\"https:\/\/blog.universofamilia.com\/wp-content\/uploads\/sites\/154\/2025\/04\/DESTAQUE-BLOG-UNIVERSO-550-x-350-1-10.jpg\",\"contentUrl\":\"https:\/\/blog.universofamilia.com\/wp-content\/uploads\/sites\/154\/2025\/04\/DESTAQUE-BLOG-UNIVERSO-550-x-350-1-10.jpg\",\"width\":500,\"height\":350,\"caption\":\"Me encantar\u00eda hablar contigo con estas apps de citas\"},{\"@type\":\"BreadcrumbList\",\"@id\":\"http:\/\/blog.universofamilia.com\/pt_pt\/me-encantaria-hablar-contigo-con-estas-apps-de-citas\/#breadcrumb\",\"itemListElement\":[{\"@type\":\"ListItem\",\"position\":1,\"name\":\"Home\",\"item\":\"https:\/\/blog.universofamilia.com\/ko\/\"},{\"@type\":\"ListItem\",\"position\":2,\"name\":\"Me encantar\u00eda hablar contigo con estas apps de citas\"}]},{\"@type\":\"WebSite\",\"@id\":\"https:\/\/blog.universofamilia.com\/ko\/#website\",\"url\":\"https:\/\/blog.universofamilia.com\/ko\/\",\"name\":\"Blog Universo Fam\u00edlia\",\"description\":\"\",\"potentialAction\":[{\"@type\":\"SearchAction\",\"target\":{\"@type\":\"EntryPoint\",\"urlTemplate\":\"https:\/\/blog.universofamilia.com\/ko\/?s={search_term_string}\"},\"query-input\":\"required name=search_term_string\"}],\"inLanguage\":\"hu\"},{\"@type\":\"Person\",\"@id\":\"https:\/\/blog.universofamilia.com\/ko\/#\/schema\/person\/f07ce98187dd84d31154262e79b3b7ca\",\"name\":\"Pedro Henrique\",\"image\":{\"@type\":\"ImageObject\",\"inLanguage\":\"hu\",\"@id\":\"https:\/\/blog.universofamilia.com\/ko\/#\/schema\/person\/image\/\",\"url\":\"https:\/\/secure.gravatar.com\/avatar\/9edfeb808cb4e1599f64d6e45b130154?s=96&d=mm&r=g\",\"contentUrl\":\"https:\/\/secure.gravatar.com\/avatar\/9edfeb808cb4e1599f64d6e45b130154?s=96&d=mm&r=g\",\"caption\":\"Pedro Henrique\"},\"url\":\"https:\/\/blog.universofamilia.com\/hu\/author\/editor01\/\"}]}<\/script>\n<!-- \/ Yoast SEO plugin. -->","yoast_head_json":{"title":"Me encantar\u00eda hablar contigo con estas apps de citas - Blog Universo Fam\u00edlia","description":"Me encantar\u00eda hablar contigo con estas apps de citas. \u00a1Conecta con personas reales y vive nuevas experiencias!. Gostaria muito de falar...","robots":{"index":"index","follow":"follow","max-snippet":"max-snippet:-1","max-image-preview":"max-image-preview:large","max-video-preview":"max-video-preview:-1"},"canonical":"http:\/\/blog.universofamilia.com\/hu\/me-encantaria-hablar-contigo-con-estas-apps-de-citas\/","og_locale":"hu_HU","og_type":"article","og_title":"Me encantar\u00eda hablar contigo con estas apps de citas - Blog Universo Fam\u00edlia","og_description":"Me encantar\u00eda hablar contigo con estas apps de citas. \u00a1Conecta con personas reales y vive nuevas experiencias!. Gostaria muito de falar...","og_url":"http:\/\/blog.universofamilia.com\/hu\/me-encantaria-hablar-contigo-con-estas-apps-de-citas\/","og_site_name":"Blog Universo Fam\u00edlia","article_published_time":"2025-04-21T18:17:47+00:00","article_modified_time":"2025-04-21T18:17:48+00:00","og_image":[{"width":500,"height":350,"url":"http:\/\/blog.universofamilia.com\/wp-content\/uploads\/sites\/154\/2025\/04\/DESTAQUE-BLOG-UNIVERSO-550-x-350-1-10.jpg","type":"image\/jpeg"}],"author":"Pedro Henrique","twitter_card":"summary_large_image","twitter_misc":{"Written by":"Pedro Henrique","Est. reading time":"7 perc"},"schema":{"@context":"https:\/\/schema.org","@graph":[{"@type":"WebPage","@id":"http:\/\/blog.universofamilia.com\/pt_pt\/me-encantaria-hablar-contigo-con-estas-apps-de-citas\/","url":"http:\/\/blog.universofamilia.com\/pt_pt\/me-encantaria-hablar-contigo-con-estas-apps-de-citas\/","name":"Me encantar\u00eda hablar contigo con estas apps de citas - Blog Universo Fam\u00edlia","isPartOf":{"@id":"https:\/\/blog.universofamilia.com\/ko\/#website"},"primaryImageOfPage":{"@id":"http:\/\/blog.universofamilia.com\/pt_pt\/me-encantaria-hablar-contigo-con-estas-apps-de-citas\/#primaryimage"},"image":{"@id":"http:\/\/blog.universofamilia.com\/pt_pt\/me-encantaria-hablar-contigo-con-estas-apps-de-citas\/#primaryimage"},"thumbnailUrl":"https:\/\/blog.universofamilia.com\/wp-content\/uploads\/sites\/154\/2025\/04\/DESTAQUE-BLOG-UNIVERSO-550-x-350-1-10.jpg","datePublished":"2025-04-21T18:17:47+00:00","dateModified":"2025-04-21T18:17:48+00:00","author":{"@id":"https:\/\/blog.universofamilia.com\/ko\/#\/schema\/person\/f07ce98187dd84d31154262e79b3b7ca"},"description":"Me encantar\u00eda hablar contigo con estas apps de citas. \u00a1Conecta con personas reales y vive nuevas experiencias!. Gostaria muito de falar...","breadcrumb":{"@id":"http:\/\/blog.universofamilia.com\/pt_pt\/me-encantaria-hablar-contigo-con-estas-apps-de-citas\/#breadcrumb"},"inLanguage":"hu","potentialAction":[{"@type":"ReadAction","target":["http:\/\/blog.universofamilia.com\/pt_pt\/me-encantaria-hablar-contigo-con-estas-apps-de-citas\/"]}]},{"@type":"ImageObject","inLanguage":"hu","@id":"http:\/\/blog.universofamilia.com\/pt_pt\/me-encantaria-hablar-contigo-con-estas-apps-de-citas\/#primaryimage","url":"https:\/\/blog.universofamilia.com\/wp-content\/uploads\/sites\/154\/2025\/04\/DESTAQUE-BLOG-UNIVERSO-550-x-350-1-10.jpg","contentUrl":"https:\/\/blog.universofamilia.com\/wp-content\/uploads\/sites\/154\/2025\/04\/DESTAQUE-BLOG-UNIVERSO-550-x-350-1-10.jpg","width":500,"height":350,"caption":"Me encantar\u00eda hablar contigo con estas apps de citas"},{"@type":"BreadcrumbList","@id":"http:\/\/blog.universofamilia.com\/pt_pt\/me-encantaria-hablar-contigo-con-estas-apps-de-citas\/#breadcrumb","itemListElement":[{"@type":"ListItem","position":1,"name":"Home","item":"https:\/\/blog.universofamilia.com\/ko\/"},{"@type":"ListItem","position":2,"name":"Me encantar\u00eda hablar contigo con estas apps de citas"}]},{"@type":"WebSite","@id":"https:\/\/blog.universofamilia.com\/ko\/#website","url":"https:\/\/blog.universofamilia.com\/ko\/","name":"Blog Universo Fam\u00edlia","description":"","potentialAction":[{"@type":"SearchAction","target":{"@type":"EntryPoint","urlTemplate":"https:\/\/blog.universofamilia.com\/ko\/?s={search_term_string}"},"query-input":"required name=search_term_string"}],"inLanguage":"hu"},{"@type":"Person","@id":"https:\/\/blog.universofamilia.com\/ko\/#\/schema\/person\/f07ce98187dd84d31154262e79b3b7ca","name":"Pedro Henrique","image":{"@type":"ImageObject","inLanguage":"hu","@id":"https:\/\/blog.universofamilia.com\/ko\/#\/schema\/person\/image\/","url":"https:\/\/secure.gravatar.com\/avatar\/9edfeb808cb4e1599f64d6e45b130154?s=96&d=mm&r=g","contentUrl":"https:\/\/secure.gravatar.com\/avatar\/9edfeb808cb4e1599f64d6e45b130154?s=96&d=mm&r=g","caption":"Pedro Henrique"},"url":"https:\/\/blog.universofamilia.com\/hu\/author\/editor01\/"}]}},"_links":{"self":[{"href":"https:\/\/blog.universofamilia.com\/hu\/wp-json\/wp\/v2\/posts\/799"}],"collection":[{"href":"https:\/\/blog.universofamilia.com\/hu\/wp-json\/wp\/v2\/posts"}],"about":[{"href":"https:\/\/blog.universofamilia.com\/hu\/wp-json\/wp\/v2\/types\/post"}],"author":[{"embeddable":true,"href":"https:\/\/blog.universofamilia.com\/hu\/wp-json\/wp\/v2\/users\/139"}],"replies":[{"embeddable":true,"href":"https:\/\/blog.universofamilia.com\/hu\/wp-json\/wp\/v2\/comments?post=799"}],"version-history":[{"count":1,"href":"https:\/\/blog.universofamilia.com\/hu\/wp-json\/wp\/v2\/posts\/799\/revisions"}],"predecessor-version":[{"id":804,"href":"https:\/\/blog.universofamilia.com\/hu\/wp-json\/wp\/v2\/posts\/799\/revisions\/804"}],"wp:featuredmedia":[{"embeddable":true,"href":"https:\/\/blog.universofamilia.com\/hu\/wp-json\/wp\/v2\/media\/803"}],"wp:attachment":[{"href":"https:\/\/blog.universofamilia.com\/hu\/wp-json\/wp\/v2\/media?parent=799"}],"wp:term":[{"taxonomy":"category","embeddable":true,"href":"https:\/\/blog.universofamilia.com\/hu\/wp-json\/wp\/v2\/categories?post=799"},{"taxonomy":"post_tag","embeddable":true,"href":"https:\/\/blog.universofamilia.com\/hu\/wp-json\/wp\/v2\/tags?post=799"}],"curies":[{"name":"wp","href":"https:\/\/api.w.org\/{rel}","templated":true}]}}