{"id":685,"date":"2025-04-09T14:39:09","date_gmt":"2025-04-09T14:39:09","guid":{"rendered":"https:\/\/blog.universofamilia.com\/?p=685"},"modified":"2025-04-11T16:56:49","modified_gmt":"2025-04-11T16:56:49","slug":"protege-todos-tus-dispositivos-con-estas-aplicaciones","status":"publish","type":"post","link":"https:\/\/blog.universofamilia.com\/hu\/protege-todos-tus-dispositivos-con-estas-aplicaciones\/","title":{"rendered":"V\u00e9dje meg minden eszk\u00f6z\u00e9t ezekkel az alkalmaz\u00e1sokkal"},"content":{"rendered":"<h3 class=\"wp-block-heading has-text-align-center\">Agg\u00f3dsz a mobiltelefonod, tableted vagy sz\u00e1m\u00edt\u00f3g\u00e9ped biztons\u00e1ga miatt?<\/h3>\n\n\n\n<p><\/p>\n\n\n\n<h5 class=\"wp-block-heading has-text-align-center\"><strong>Mit akarsz?<\/strong><\/h5>\n\n\n    <section class=\"mx-1 my-10\">\n                                                <a href=\"https:\/\/blog.universofamilia.com\/hu\/el-mejor-y-mas-eficaz-aplicativo-de-limpieza-de-telefono-en-2025\/\" class=\"text-white\" data-analytics-label=\"optionsButton\"\n                    data-action=\"analytics#trackCTA\">\n                    <div data-options-target=\"option\"\n                        class=\"custom-section rounded-xl border p-3 shadow-md w-full bg-green-700 my-3\">\n                        <div class=\"flex w-full items-center justify-between\">\n                            <div class=\"flex items-center space-x-3\">\n                                <div class=\"text-lg font-bold\">\n                                    Gyors\u00edtsd fel a mobilod \u279d\n                                <\/div>\n                            <\/div>\n                        <\/div>\n                    <\/div>\n                <\/a>\n                                                            <a href=\"https:\/\/blog.universofamilia.com\/hu\/la-mejor-y-mas-eficaz-aplicacion-de-limpieza\/\" class=\"text-white\" data-analytics-label=\"optionsButton\"\n                    data-action=\"analytics#trackCTA\">\n                    <div data-options-target=\"option\"\n                        class=\"custom-section rounded-xl border p-3 shadow-md w-full bg-green-700 my-3\">\n                        <div class=\"flex w-full items-center justify-between\">\n                            <div class=\"flex items-center space-x-3\">\n                                <div class=\"text-lg font-bold\">\n                                    Rekl\u00e1mok \u00e9s v\u00edrusok elt\u00e1vol\u00edt\u00e1sa \u279d\n                                <\/div>\n                            <\/div>\n                        <\/div>\n                    <\/div>\n                <\/a>\n                                                            <a href=\"https:\/\/blog.universofamilia.com\/hu\/el-mejor-aplicativo-para-proteger-tu-celular\/\" class=\"text-white\" data-analytics-label=\"optionsButton\"\n                    data-action=\"analytics#trackCTA\">\n                    <div data-options-target=\"option\"\n                        class=\"custom-section rounded-xl border p-3 shadow-md w-full bg-green-700 my-3\">\n                        <div class=\"flex w-full items-center justify-between\">\n                            <div class=\"flex items-center space-x-3\">\n                                <div class=\"text-lg font-bold\">\n                                    V\u00e9dje az eszk\u00f6z\u00f6ket \u279d\n                                <\/div>\n                            <\/div>\n                        <\/div>\n                    <\/div>\n                <\/a>\n                            <p class=\"text-xs text-gray-500 text-right hidden\"\n            style=\"margin-left: 50%; margin-bottom: 50px; margin-top: 5px;\">\n            <!-- You will be redirected to another website -->\n        <\/p>\n    <\/section>\n\n\n\n\n<p class=\"has-text-align-right\"><em><strong><em><strong><em><strong><em><strong><em><strong><em><strong><em><strong><em><strong><em><strong><em><strong>Ugyanott fog maradni!<\/strong><\/em><\/strong><\/em><\/strong><\/em><\/strong><\/em><\/strong><\/em><\/strong><\/em><\/strong><\/em><\/strong><\/em><\/strong><\/em><\/strong><\/em><\/p>\n\n\n\n<hr class=\"wp-block-separator has-alpha-channel-opacity is-style-wide\" \/>\n\n\n\n<p><\/p>\n\n\n\n<p><strong>V\u00e9dje eszk\u00f6zeit<\/strong> Ma k\u00f6nnyebb, mint gondoln\u00e1d<\/p>\n\n\n\n<p> Nem kell technol\u00f3giai szak\u00e9rt\u0151nek lenned, vagy halad\u00f3 ismeretekkel rendelkezned ahhoz, hogy elker\u00fcld a v\u00edrusokat, az adatlop\u00e1st vagy a kibert\u00e1mad\u00e1sokat.<\/p>\n\n\n\n<p>Minden a kezedben van, amire sz\u00fcks\u00e9ged van: egy j\u00f3 mobiltelefon \u00e9s a megfelel\u0151 alkalmaz\u00e1s.<\/p>\n\n\n\n<p>Technol\u00f3gia veszi k\u00f6r\u00fcl minket. Att\u00f3l a pillanatt\u00f3l kezdve, hogy fel\u00e9bred\u00fcnk, eg\u00e9szen lefekv\u00e9sig a nap nagy r\u00e9sz\u00e9t online t\u00f6ltj\u00fck.<\/p>\n\n\n\n<p>Ez\u00e9rt az eszk\u00f6zeink biztons\u00e1g\u00e1nak meg\u0151rz\u00e9se nem luxus, hanem s\u00fcrg\u0151s sz\u00fcks\u00e9gszer\u0171s\u00e9g. \u00c9s igen, b\u00e1rki megteheti.<\/p>\n\n\n\n<p>Ebben a cikkben fogsz <a href=\"https:\/\/blog.universofamilia.com\/hu\/el-mejor-aplicativo-para-proteger-tu-celular\/\">Fedezze fel, hogyan v\u00e9dheti meg \u00f6sszes eszk\u00f6z\u00e9t<\/a>Milyen eszk\u00f6z\u00f6ket haszn\u00e1ljunk, mi\u00e9rt olyan fontos, \u00e9s hogyan telep\u00edts\u00fcnk egyszer\u0171, megb\u00edzhat\u00f3 \u00e9s teljesen ingyenes alkalmaz\u00e1sokat a mobiltelefon, t\u00e1blag\u00e9p vagy laptop biztons\u00e1g\u00e1nak meg\u0151rz\u00e9s\u00e9hez.<\/p>\n\n\n\n<p>Egyszer\u0171 nyelven elmagyar\u00e1zzuk neked, mintha egy bar\u00e1tod mondan\u00e1.<\/p>\n\n\n\n<p>Olvass tov\u00e1bb, mert ez sok fejf\u00e1j\u00e1st\u00f3l megk\u00edm\u00e9lhet a j\u00f6v\u0151ben.<\/p>\n\n\n\n<p><\/p>\n\n\n\n<hr class=\"wp-block-separator has-alpha-channel-opacity is-style-wide\" \/>\n\n\n\n<h2 class=\"wp-block-heading has-text-align-center\"><mark class=\"has-inline-color has-luminous-vivid-orange-color\"><a href=\"https:\/\/blog.universofamilia.com\/hu\/zumba-en-casa-descubre-la-diversion-de-bailar\/\">Olvasd el ezt is<\/a><\/mark><\/h2>\n\n\n    <section class=\"mx-1 my-10\">\n                                                <a href=\"https:\/\/blog.universofamilia.com\/hu\/aplicaciones-de-citas\/\" class=\"text-white\" data-analytics-label=\"optionsButton\"\n                    data-action=\"analytics#trackCTA\">\n                    <div data-options-target=\"option\"\n                        class=\"custom-section rounded-xl border p-3 shadow-md w-full bg-green-700 my-3\">\n                        <div class=\"flex w-full items-center justify-between\">\n                            <div class=\"flex items-center space-x-3\">\n                                <div class=\"text-lg font-bold\">\n                                    Randialkalmaz\u00e1sok \u279d\n                                <\/div>\n                            <\/div>\n                        <\/div>\n                    <\/div>\n                <\/a>\n                                                            <a href=\"https:\/\/blog.universofamilia.com\/hu\/descubre-quien-ve-tu-perfil-en-instagram-y-facebook\/\" class=\"text-white\" data-analytics-label=\"optionsButton\"\n                    data-action=\"analytics#trackCTA\">\n                    <div data-options-target=\"option\"\n                        class=\"custom-section rounded-xl border p-3 shadow-md w-full bg-green-700 my-3\">\n                        <div class=\"flex w-full items-center justify-between\">\n                            <div class=\"flex items-center space-x-3\">\n                                <div class=\"text-lg font-bold\">\n                                    Tudd meg, kik n\u00e9zik meg a profilodat \u279d\n                                <\/div>\n                            <\/div>\n                        <\/div>\n                    <\/div>\n                <\/a>\n                                                            <a href=\"https:\/\/blog.universofamilia.com\/hu\/santa-biblia-ave-maria\/\" class=\"text-white\" data-analytics-label=\"optionsButton\"\n                    data-action=\"analytics#trackCTA\">\n                    <div data-options-target=\"option\"\n                        class=\"custom-section rounded-xl border p-3 shadow-md w-full bg-green-700 my-3\">\n                        <div class=\"flex w-full items-center justify-between\">\n                            <div class=\"flex items-center space-x-3\">\n                                <div class=\"text-lg font-bold\">\n                                    Szent Biblia \u00dcdv\u00f6zl\u00e9gy M\u00e1ria \u279d\n                                <\/div>\n                            <\/div>\n                        <\/div>\n                    <\/div>\n                <\/a>\n                            <p class=\"text-xs text-gray-500 text-right hidden\"\n            style=\"margin-left: 50%; margin-bottom: 50px; margin-top: 5px;\">\n            <!-- You will be redirected to another website -->\n        <\/p>\n    <\/section>\n\n\n\n\n<p class=\"has-text-align-right\"><em><strong><em><strong><em><strong><em><strong><em><strong>Ugyanott fog maradni!<\/strong><\/em><\/strong><\/em><\/strong><\/em><\/strong><\/em><\/strong><\/em><\/p>\n\n\n\n<hr class=\"wp-block-separator has-alpha-channel-opacity is-style-wide\" \/>\n\n\n\n<p><\/p>\n\n\n\n<h2 class=\"wp-block-heading\">Mi\u00e9rt kell most megv\u00e9denie eszk\u00f6zeit?<\/h2>\n\n\n\n<h3 class=\"wp-block-heading\">Az eszk\u00f6zeid az eg\u00e9sz \u00e9letedet magukban foglalj\u00e1k<\/h3>\n\n\n\n<p>Gondolkozz el egy pillanatra: mit mentett\u00e9l el a mobilodon?<\/p>\n\n\n\n<p>Fot\u00f3k, \u00fczenetek, jelszavak, priv\u00e1t besz\u00e9lget\u00e9sek, banki adatok, kapcsolatok, tart\u00f3zkod\u00e1si hely, k\u00f6z\u00f6ss\u00e9gi h\u00e1l\u00f3zatok\u2026 minden.<\/p>\n\n\n\n<p>Olyan, mint egy szem\u00e9lyes napl\u00f3, egy p\u00e9nzt\u00e1rca, egy hat\u00e1rid\u0151napl\u00f3 \u00e9s egy f\u00e9nyk\u00e9pez\u0151g\u00e9p, mindezt egyben.<\/p>\n\n\n\n<p>Most k\u00e9pzeld el, hogy valaki megszerzi ezt az inform\u00e1ci\u00f3t. F\u00e9lsz? B\u00e1rki f\u00e9lne.<\/p>\n\n\n\n<h3 class=\"wp-block-heading\">A vesz\u00e9ly l\u00e1thatatlan, de val\u00f3s.<\/h3>\n\n\n\n<p>Sokan azt hiszik, hogy a v\u00edrusok csak a sz\u00e1m\u00edt\u00f3g\u00e9peket t\u00e1madj\u00e1k meg, de manaps\u00e1g a mobiltelefonok m\u00e9g sebezhet\u0151bbek. Mi\u00e9rt?<\/p>\n\n\n\n<p>Mivel eg\u00e9sz nap haszn\u00e1ljuk \u0151ket, alkalmaz\u00e1sokat telep\u00edt\u00fcnk, weboldalakat b\u00f6ng\u00e9sz\u00fcnk, \u00e9s gyakran nyilv\u00e1nos Wi-Fi h\u00e1l\u00f3zatokhoz csatlakozunk an\u00e9lk\u00fcl, hogy tudn\u00e1nk, biztons\u00e1gosak-e.<\/p>\n\n\n\n<p>\u00cdme n\u00e9h\u00e1ny a leggyakoribb kock\u00e1zatok k\u00f6z\u00fcl:<\/p>\n\n\n\n<ul>\n<li>Hamis alkalmaz\u00e1sok, amelyek k\u00e9mkednek a mozg\u00e1sod ut\u00e1n<\/li>\n\n\n\n<li>K\u00e1rt\u00e9kony tartalmat tartalmaz\u00f3 linkek \u00fczenetekben vagy k\u00f6z\u00f6ss\u00e9gi m\u00e9di\u00e1ban<\/li>\n\n\n\n<li>Weboldalak, amelyek \u00e9szrev\u00e9tlen\u00fcl telep\u00edtenek v\u00edrusokat<\/li>\n\n\n\n<li>Szem\u00e9lyazonoss\u00e1g-lop\u00e1s e-maileken kereszt\u00fcl<\/li>\n\n\n\n<li>Hackerek, akik gyenge jelszavakkal f\u00e9rnek hozz\u00e1 a fi\u00f3kjaidhoz<\/li>\n\n\n\n<li>Fert\u0151z\u00f6tt alkalmaz\u00e1sok miatt megjelen\u0151 invaz\u00edv hirdet\u00e9sek<\/li>\n<\/ul>\n\n\n\n<p>Mindez tal\u00e1n filmes jelenetnek t\u0171nik, de nap mint nap megt\u00f6rt\u00e9nik, an\u00e9lk\u00fcl, hogy a felhaszn\u00e1l\u00f3 \u00e9szrevenn\u00e9.<\/p>\n\n\n\n<h3 class=\"wp-block-heading\">A k\u00f6vetkezm\u00e9nyek s\u00falyosak lehetnek.<\/h3>\n\n\n\n<p>Amikor egy eszk\u00f6z megfert\u0151z\u0151dik vagy felt\u00f6rik, az els\u0151 dolgok, amiket \u00e9szreveszel, a lass\u00fas\u00e1g, a furcsa hirdet\u00e9sek, az akkumul\u00e1tor lemer\u00fcl\u00e9se vagy a t\u00falzott adatforgalom. De ez csak a kezdet.<\/p>\n\n\n\n<p>Ellophatj\u00e1k a k\u00f6z\u00f6ss\u00e9gi m\u00e9dia fi\u00f3kjaidat, enged\u00e9ly n\u00e9lk\u00fcl haszn\u00e1lhatj\u00e1k a kamer\u00e1dat, v\u00e1lts\u00e1gd\u00edjat k\u00f6vetelhetnek a f\u00e1jljaid felszabad\u00edt\u00e1s\u00e1\u00e9rt, ki\u00fcr\u00edthetik a banksz\u00e1ml\u00e1dat, vagy ak\u00e1r \u00fczeneteket is k\u00fcldhetnek a kapcsolataidnak a tudtad n\u00e9lk\u00fcl.<\/p>\n\n\n\n<p>Igen, kem\u00e9nyen hangzik. De ne agg\u00f3dj: van megold\u00e1s.<\/p>\n\n\n\n<h2 class=\"wp-block-heading\">Mire van sz\u00fcks\u00e9ged ahhoz, hogy val\u00f3ban v\u00e9dett legy\u00e9l?<\/h2>\n\n\n\n<p>A j\u00f3zan \u00e9sz seg\u00edt, de nem el\u00e9g. Ez\u00e9rt a legjobb m\u00f3dja annak, hogy megv\u00e9dd magad, az olyan alkalmaz\u00e1sok, amelyek c\u00e9lja a fenyeget\u00e9sek \u00e9szlel\u00e9se, a jogosulatlan hozz\u00e1f\u00e9r\u00e9s blokkol\u00e1sa, a gyan\u00fas f\u00e1jlok elemz\u00e9se, valamint a telefon tiszt\u00e1n \u00e9s gyorsan m\u0171k\u00f6d\u0151k\u00e9pes \u00e1llapot\u00e1nak meg\u0151rz\u00e9se.<\/p>\n\n\n\n<p>\u00c9s a legjobb az eg\u00e9szben? Nem kell semmit fizetned. Vannak kiv\u00e1l\u00f3 ingyenes lehet\u0151s\u00e9gek, amelyek gondoskodnak a biztons\u00e1godr\u00f3l, mik\u00f6zben te arra koncentr\u00e1lhatsz, ami igaz\u00e1n sz\u00e1m\u00edt.<\/p>\n\n\n\n<p>Egy j\u00f3 biztons\u00e1gi alkalmaz\u00e1snak a k\u00f6vetkez\u0151kkel kell rendelkeznie:<\/p>\n\n\n\n<ul>\n<li>Egyszer\u0171 \u00e9s vil\u00e1gos fel\u00fclet<\/li>\n\n\n\n<li>Val\u00f3s idej\u0171 v\u00e9delem<\/li>\n\n\n\n<li>Alkalmaz\u00e1sok \u00e9s f\u00e1jlok automatikus vizsg\u00e1lata<\/li>\n\n\n\n<li>Minim\u00e1lis akkumul\u00e1torfogyaszt\u00e1s<\/li>\n\n\n\n<li>Lop\u00e1sg\u00e1tl\u00f3 modul \u00e9s GPS helymeghat\u00e1roz\u00e1s<\/li>\n\n\n\n<li>VPN vagy v\u00e9delem a biztons\u00e1gos b\u00f6ng\u00e9sz\u00e9shez<\/li>\n\n\n\n<li>\u00c1lland\u00f3 friss\u00edt\u00e9sek<\/li>\n\n\n\n<li>Pozit\u00edv h\u00edrn\u00e9v a Google Playen<\/li>\n<\/ul>\n\n\n\n<p>\u00c9s pontosan ezt fogjuk most megmutatni nektek.<\/p>\n\n\n\n<h2 class=\"wp-block-heading\">A 3 legjobb alkalmaz\u00e1s az \u00f6sszes eszk\u00f6z\u00f6d v\u00e9delm\u00e9re<\/h2>\n\n\n\n<p>T\u00f6bb sz\u00e1z lehet\u0151s\u00e9g, v\u00e9lem\u00e9ny \u00e9s \u00e9rt\u00e9kel\u00e9s elemz\u00e9se ut\u00e1n h\u00e1rom n\u00e9pszer\u0171, hat\u00e9kony \u00e9s k\u00f6nnyen haszn\u00e1lhat\u00f3 alkalmaz\u00e1st v\u00e1lasztottunk ki, amelyek ide\u00e1lisak a kev\u00e9s technol\u00f3giai tapasztalattal rendelkez\u0151 felhaszn\u00e1l\u00f3k sz\u00e1m\u00e1ra.<\/p>\n\n\n\n<p>Ezek az alkalmaz\u00e1sok el\u00e9rhet\u0151k a Google Playen, t\u00f6bb milli\u00f3 let\u00f6lt\u00e9ssel rendelkeznek, \u00e9s nagyszer\u0171 h\u00edrn\u00e9vnek \u00f6rvendenek a felhaszn\u00e1l\u00f3k k\u00f6r\u00e9ben.<\/p>\n\n\n\n<h3 class=\"wp-block-heading\">1. Avast Antivirus \u2013 Mobil biztons\u00e1g<\/h3>\n\n\n\n<p>A vil\u00e1g egyik legt\u00f6bbet let\u00f6lt\u00f6tt biztons\u00e1gi alkalmaz\u00e1sa. Az ingyenes verzi\u00f3ja m\u00e1r most is hat\u00e9kony v\u00e9delmet ny\u00fajt a digit\u00e1lis fenyeget\u00e9sekkel szemben.<\/p>\n\n\n\n<p><a href=\"https:\/\/avast-home.br.uptodown.com\/windows\">\ud83d\udd17 Let\u00f6lt\u00e9s a Google Playr\u0151l<\/a><\/p>\n\n\n\n<p><strong>F\u0151bb jellemz\u0151k:<\/strong><\/p>\n\n\n\n<ul>\n<li>Alkalmaz\u00e1sok, f\u00e1jlok \u00e9s weboldalak intelligens vizsg\u00e1lata<\/li>\n\n\n\n<li>Figyelmeztet\u00e9s a vesz\u00e9lyes Wi-Fi-kapcsolatokr\u00f3l<\/li>\n\n\n\n<li>Webes v\u00e9delem, amely blokkolja a rosszindulat\u00fa linkeket<\/li>\n\n\n\n<li>Lop\u00e1sg\u00e1tl\u00f3 eszk\u00f6z az elveszett vagy ellopott mobiltelefon megtal\u00e1l\u00e1s\u00e1hoz<\/li>\n\n\n\n<li>Alkalmaz\u00e1sz\u00e1r PIN-k\u00f3ddal, mint\u00e1val vagy ujjlenyomattal<\/li>\n\n\n\n<li>Elemezze alkalmaz\u00e1sai adatv\u00e9delm\u00e9t<\/li>\n<\/ul>\n\n\n\n<p><strong>Amit a felhaszn\u00e1l\u00f3k a legjobban kedvelnek:<\/strong><\/p>\n\n\n\n<ul>\n<li>A h\u00e1tt\u00e9rben m\u0171k\u00f6dik an\u00e9lk\u00fcl, hogy lelass\u00edtan\u00e1 a telefont.<\/li>\n\n\n\n<li>\u00c1tl\u00e1that\u00f3 \u00e9s felhaszn\u00e1l\u00f3bar\u00e1t fel\u00fclet<\/li>\n\n\n\n<li>Rendk\u00edv\u00fcl hat\u00e9kony a val\u00f3s fenyeget\u00e9sek \u00e9szlel\u00e9s\u00e9ben<\/li>\n<\/ul>\n\n\n\n<p>Kinek ide\u00e1lis? Azoknak, akik automatikus v\u00e9delmet keresnek an\u00e9lk\u00fcl, hogy folyamatosan figyelni\u00fck kellene azt.<\/p>\n\n\n\n<p><\/p>\n\n\n\n<hr class=\"wp-block-separator has-alpha-channel-opacity is-style-wide\" \/>\n\n\n\n<h3 class=\"wp-block-heading\"><mark class=\"has-inline-color has-luminous-vivid-amber-color\"><a>\ud83d\udc49 <\/a><strong><mark class=\"has-inline-color has-luminous-vivid-amber-color\"><strong>T\u00f6ltsd le az alkalmaz\u00e1st:<\/strong><\/mark><\/strong><\/mark><\/h3>\n\n\n    <section class=\"mx-1 my-10\">\n                                                <a href=\"https:\/\/avast-home.br.uptodown.com\/windows\" class=\"text-white\" data-analytics-label=\"optionsButton\"\n                    data-action=\"analytics#trackCTA\">\n                    <div data-options-target=\"option\"\n                        class=\"custom-section rounded-xl border p-3 shadow-md w-full bg-green-700 my-3\">\n                        <div class=\"flex w-full items-center justify-between\">\n                            <div class=\"flex items-center space-x-3\">\n                                <div class=\"text-lg font-bold\">\n                                    Avast v\u00edruskeres\u0151 \u279d\n                                <\/div>\n                            <\/div>\n                        <\/div>\n                    <\/div>\n                <\/a>\n                            <p class=\"text-xs text-gray-500 text-right\"\n            style=\"margin-left: 50%; margin-bottom: 50px; margin-top: 5px;\">\n            <!-- You will be redirected to another website -->\n        <\/p>\n    <\/section>\n\n\n\n\n<p class=\"has-text-align-right\"><strong><em>\u00c1tir\u00e1ny\u00edtunk egy m\u00e1sik webhelyre<\/em><\/strong><\/p>\n\n\n\n<hr class=\"wp-block-separator has-alpha-channel-opacity is-style-wide\" \/>\n\n\n\n<p><\/p>\n\n\n\n<h3 class=\"wp-block-heading\">2. Norton 360: Biztons\u00e1g \u00e9s v\u00edruskeres\u0151<\/h3>\n\n\n\n<p>A Norton egy vil\u00e1gszerte elismert m\u00e1rka, \u00e9s a mobil verzi\u00f3ja sem okoz csal\u00f3d\u00e1st.<\/p>\n\n\n\n<p>Ez egy nagyon komplett alkalmaz\u00e1s, ide\u00e1lis azok sz\u00e1m\u00e1ra, akik fontos inform\u00e1ci\u00f3kat t\u00e1rolnak a mobiltelefonjukon.<\/p>\n\n\n\n<p><strong>Kiemelt jellemz\u0151k:<\/strong><\/p>\n\n\n\n<ul>\n<li>F\u00e1jlok \u00e9s alkalmaz\u00e1sok m\u00e9lyrehat\u00f3, val\u00f3s idej\u0171 elemz\u00e9se<\/li>\n\n\n\n<li>VPN a priv\u00e1t b\u00f6ng\u00e9sz\u00e9shez<\/li>\n\n\n\n<li>Wi-Fi v\u00e9delem nyilv\u00e1nos vagy megosztott h\u00e1l\u00f3zatokon<\/li>\n\n\n\n<li>Adatv\u00e9delmi incidensek monitoroz\u00e1sa (\u00e9rtes\u00edt\u00e9st k\u00fcld, ha az e-mail c\u00edmedet felt\u00f6rt\u00e9k)<\/li>\n\n\n\n<li>Biztons\u00e1gi riaszt\u00e1sok az alkalmaz\u00e1sokban let\u00f6lt\u00e9s el\u0151tt<\/li>\n<\/ul>\n\n\n\n<p><strong>F\u0151bb el\u0151ny\u00f6k:<\/strong><\/p>\n\n\n\n<ul>\n<li>Biztons\u00e1gosabb b\u00f6ng\u00e9sz\u00e9s, ak\u00e1r k\u00e1v\u00e9z\u00f3kban vagy rep\u00fcl\u0151tereken is<\/li>\n\n\n\n<li>M\u00e9g a vesz\u00e9lyes alkalmaz\u00e1sok telep\u00edt\u00e9se el\u0151tt is v\u00e9delmet ny\u00fajt<\/li>\n\n\n\n<li>Ide\u00e1lis azok sz\u00e1m\u00e1ra, akik munk\u00e1ra, banki \u00fcgyint\u00e9z\u00e9sre vagy \u00e9rz\u00e9keny inform\u00e1ci\u00f3k kezel\u00e9s\u00e9re haszn\u00e1lj\u00e1k mobiltelefonjukat.<\/li>\n<\/ul>\n\n\n\n<p>Kinek aj\u00e1nlott? Azoknak, akik szakmai vagy p\u00e9nz\u00fcgyi \u00fcgyekben a mobiltelefonjukra t\u00e1maszkodnak.<\/p>\n\n\n\n<p><\/p>\n\n\n\n<hr class=\"wp-block-separator has-alpha-channel-opacity is-style-wide\" \/>\n\n\n\n<h3 class=\"wp-block-heading\"><mark class=\"has-inline-color has-luminous-vivid-amber-color\"><a>\ud83d\udc49 <\/a><strong><mark class=\"has-inline-color has-luminous-vivid-amber-color\"><strong>T\u00f6ltsd le az alkalmaz\u00e1st:<\/strong><\/mark><\/strong><\/mark><\/h3>\n\n\n    <section class=\"mx-1 my-10\">\n                                                <a href=\"https:\/\/support.norton.com\/sp\/pt\/br\/norton-download-install\/current\/help-center\" class=\"text-white\" data-analytics-label=\"optionsButton\"\n                    data-action=\"analytics#trackCTA\">\n                    <div data-options-target=\"option\"\n                        class=\"custom-section rounded-xl border p-3 shadow-md w-full bg-green-700 my-3\">\n                        <div class=\"flex w-full items-center justify-between\">\n                            <div class=\"flex items-center space-x-3\">\n                                <div class=\"text-lg font-bold\">\n                                    Norton 360 \u279d\n                                <\/div>\n                            <\/div>\n                        <\/div>\n                    <\/div>\n                <\/a>\n                            <p class=\"text-xs text-gray-500 text-right\"\n            style=\"margin-left: 50%; margin-bottom: 50px; margin-top: 5px;\">\n            <!-- You will be redirected to another website -->\n        <\/p>\n    <\/section>\n\n\n\n\n<p class=\"has-text-align-right\"><strong><em>\u00c1tir\u00e1ny\u00edtunk egy m\u00e1sik webhelyre<\/em><\/strong><\/p>\n\n\n\n<hr class=\"wp-block-separator has-alpha-channel-opacity is-style-wide\" \/>\n\n\n\n<p><\/p>\n\n\n\n<h3 class=\"wp-block-heading\">3. Bitdefender mobilbiztons\u00e1g<\/h3>\n\n\n\n<p>Kifog\u00e1stalan h\u00edrnev\u00e9vel \u00e9s nagyon letisztult fel\u00fclet\u00e9vel ez az alkalmaz\u00e1s ide\u00e1lis, ha hat\u00e9konys\u00e1got keresel komplik\u00e1ci\u00f3k n\u00e9lk\u00fcl.<\/p>\n\n\n\n<p><strong>Mit k\u00edn\u00e1l:<\/strong><\/p>\n\n\n\n<ul>\n<li>Val\u00f3s idej\u0171 v\u00e9delem a v\u00edrusok \u00e9s rosszindulat\u00fa programok ellen<\/li>\n\n\n\n<li>Az \u00f6sszes alkalmaz\u00e1s \u00e1tvizsg\u00e1l\u00e1sa, m\u00e9g megnyit\u00e1s el\u0151tt is<\/li>\n\n\n\n<li>Lop\u00e1sg\u00e1tl\u00f3 eszk\u00f6z t\u00e1vir\u00e1ny\u00edt\u00e1ssal weben kereszt\u00fcl<\/li>\n\n\n\n<li>Biztons\u00e1gos b\u00f6ng\u00e9sz\u00e9s<\/li>\n\n\n\n<li>Adatv\u00e9delmi jelent\u00e9s minden alkalmaz\u00e1shoz<\/li>\n\n\n\n<li>Rendk\u00edv\u00fcl alacsony akkumul\u00e1tor-fogyaszt\u00e1s<\/li>\n<\/ul>\n\n\n\n<p><strong>A legkiemelked\u0151bb tulajdons\u00e1gok:<\/strong><\/p>\n\n\n\n<ul>\n<li>Rendk\u00edv\u00fcl k\u00f6nny\u0171<\/li>\n\n\n\n<li>99% fenyeget\u00e9s\u00e9szlel\u00e9si ar\u00e1nya van.<\/li>\n\n\n\n<li>Nincs sz\u00fcks\u00e9g bonyolult be\u00e1ll\u00edt\u00e1sra.<\/li>\n<\/ul>\n\n\n\n<p>Kinek sz\u00f3l? Azoknak a felhaszn\u00e1l\u00f3knak, akik maxim\u00e1lis v\u00e9delmet keresnek a sebess\u00e9g vagy az akkumul\u00e1tor \u00e9lettartam\u00e1nak fel\u00e1ldoz\u00e1sa n\u00e9lk\u00fcl.<\/p>\n\n\n\n<p><\/p>\n\n\n\n<hr class=\"wp-block-separator has-alpha-channel-opacity is-style-wide\" \/>\n\n\n\n<h3 class=\"wp-block-heading\"><mark class=\"has-inline-color has-luminous-vivid-amber-color\"><a>\ud83d\udc49 <\/a><strong><mark class=\"has-inline-color has-luminous-vivid-amber-color\"><strong>T\u00f6ltsd le az alkalmaz\u00e1st:<\/strong><\/mark><\/strong><\/mark><\/h3>\n\n\n    <section class=\"mx-1 my-10\">\n                                                <a href=\"https:\/\/www.bitdefender.com\/pt-br\/consumer\/mobile-security-android\" class=\"text-white\" data-analytics-label=\"optionsButton\"\n                    data-action=\"analytics#trackCTA\">\n                    <div data-options-target=\"option\"\n                        class=\"custom-section rounded-xl border p-3 shadow-md w-full bg-green-700 my-3\">\n                        <div class=\"flex w-full items-center justify-between\">\n                            <div class=\"flex items-center space-x-3\">\n                                <div class=\"text-lg font-bold\">\n                                    Bitdefender Mobil Biztons\u00e1g \u279d\n                                <\/div>\n                            <\/div>\n                        <\/div>\n                    <\/div>\n                <\/a>\n                            <p class=\"text-xs text-gray-500 text-right\"\n            style=\"margin-left: 50%; margin-bottom: 50px; margin-top: 5px;\">\n            <!-- You will be redirected to another website -->\n        <\/p>\n    <\/section>\n\n\n\n\n<p class=\"has-text-align-right\"><strong><em>\u00c1tir\u00e1ny\u00edtunk egy m\u00e1sik webhelyre<\/em><\/strong><\/p>\n\n\n\n<hr class=\"wp-block-separator has-alpha-channel-opacity is-style-wide\" \/>\n\n\n\n<p><\/p>\n\n\n\n<h2 class=\"wp-block-heading\">Hogyan \u00e1llap\u00edthatod meg, hogy a mobiltelefonod m\u00e1r vesz\u00e9lyben van-e<\/h2>\n\n\n\n<p>A felhaszn\u00e1l\u00f3k gyakran nem tudj\u00e1k, hogy eszk\u00f6z\u00fck fert\u0151z\u00f6tt. \u00cdme n\u00e9h\u00e1ny egy\u00e9rtelm\u0171 jel, hogy valami nincs rendben:<\/p>\n\n\n\n<ul>\n<li>Az akkumul\u00e1tor gyorsabban mer\u00fcl a szok\u00e1sosn\u00e1l.<\/li>\n\n\n\n<li>Ok n\u00e9lk\u00fcl melegszik fel a telefonom.<\/li>\n\n\n\n<li>A hirdet\u00e9sek akkor is megjelennek, ha nem haszn\u00e1lsz alkalmaz\u00e1sokat<\/li>\n\n\n\n<li>Magas adatforgalmat<\/li>\n\n\n\n<li>Magukat telep\u00edt\u0151 alkalmaz\u00e1sok<\/li>\n\n\n\n<li>Hirtelen lassul\u00e1s vagy ok n\u00e9lk\u00fcli \u00fajraind\u00edt\u00e1sok<\/li>\n\n\n\n<li>Az \u00d6n enged\u00e9lye n\u00e9lk\u00fcl k\u00fcld\u00f6tt \u00fczenetek<\/li>\n<\/ul>\n\n\n\n<p>Ha ezen jelek b\u00e1rmelyik\u00e9t \u00e9szleli, ne hagyja figyelmen k\u00edv\u00fcl \u0151ket. Telep\u00edtse az \u00e1ltalunk aj\u00e1nlott alkalmaz\u00e1sok egyik\u00e9t, \u00e9s futtasson teljes vizsg\u00e1latot. Sok esetben a probl\u00e9ma perceken bel\u00fcl megold\u00f3dik.<\/p>\n\n\n\n<h2 class=\"wp-block-heading\">\u00c9s mi t\u00f6rt\u00e9nik, ha elvesz\u00edted a mobiltelefonodat?<\/h2>\n\n\n\n<p>Nem csak a v\u00edrusok jelentenek vesz\u00e9lyt. Fenn\u00e1ll az elveszt\u00e9s vagy a lop\u00e1s kock\u00e1zata is. Ez\u00e9rt a leg\u00e1tfog\u00f3bb biztons\u00e1gi alkalmaz\u00e1sok lop\u00e1sg\u00e1tl\u00f3 funkci\u00f3kat k\u00edn\u00e1lnak.<\/p>\n\n\n\n<p>Mit lehet kezdeni ezekkel a funkci\u00f3kkal?<\/p>\n\n\n\n<ul>\n<li>Keresd meg a mobiltelefonodat a t\u00e9rk\u00e9pen<\/li>\n\n\n\n<li>\u00c1ll\u00edts be egy riaszt\u00f3t, hogy megtal\u00e1ld, ha a k\u00f6zelben van<\/li>\n\n\n\n<li>Hozz\u00e1f\u00e9r\u00e9s t\u00e1voli blokkol\u00e1sa<\/li>\n\n\n\n<li>T\u00f6r\u00f6ld az adataidat, ha ellopt\u00e1k a telefonodat<\/li>\n\n\n\n<li>K\u00e9sz\u00edts fot\u00f3t a tolvajr\u00f3l, ha megpr\u00f3b\u00e1lja kinyitni.<\/li>\n<\/ul>\n\n\n\n<p>Ezek a funkci\u00f3k sz\u00edntiszta aranyat \u00e9rnek. Gondolj bele: visszaszerezheted a telefonodat, vagy legal\u00e1bb t\u00f6r\u00f6lheted az \u00f6sszes adatodat, miel\u0151tt rossz kezekbe ker\u00fclne.<\/p>\n\n\n<div class=\"wp-block-image\">\n<figure class=\"aligncenter size-full\"><img loading=\"lazy\" decoding=\"async\" width=\"500\" height=\"350\" src=\"https:\/\/blog.universofamilia.com\/wp-content\/uploads\/sites\/154\/2025\/04\/DESTAQUE-BLOG-UNIVERSO-550-x-350-1.jpg\" alt=\"\" class=\"wp-image-689\" srcset=\"https:\/\/blog.universofamilia.com\/wp-content\/uploads\/sites\/154\/2025\/04\/DESTAQUE-BLOG-UNIVERSO-550-x-350-1.jpg 500w, https:\/\/blog.universofamilia.com\/wp-content\/uploads\/sites\/154\/2025\/04\/DESTAQUE-BLOG-UNIVERSO-550-x-350-1-300x210.jpg 300w, https:\/\/blog.universofamilia.com\/wp-content\/uploads\/sites\/154\/2025\/04\/DESTAQUE-BLOG-UNIVERSO-550-x-350-1-18x12.jpg 18w\" sizes=\"(max-width: 500px) 100vw, 500px\" \/><figcaption class=\"wp-element-caption\">V\u00e9dje meg minden eszk\u00f6z\u00e9t ezekkel az alkalmaz\u00e1sokkal<\/figcaption><\/figure><\/div>\n\n\n<h2 class=\"wp-block-heading\">Biztons\u00e1g az eg\u00e9sz csal\u00e1dnak<\/h2>\n\n\n\n<p>Manaps\u00e1g a gyerekek mobiltelefonokat, t\u00e1blag\u00e9peket \u00e9s sz\u00e1m\u00edt\u00f3g\u00e9peket is haszn\u00e1lnak. Tudtad, hogy \u0151k is sebezhet\u0151ek a v\u00edrusokkal, csal\u00e1sokkal \u00e9s nem megfelel\u0151 tartalmakkal szemben?<\/p>\n\n\n\n<p>N\u00e9h\u00e1ny alkalmaz\u00e1s, mint p\u00e9ld\u00e1ul az Avast vagy a Norton, eszk\u00f6z\u00f6ket k\u00edn\u00e1l a gyermekek bizonyos webhelyekhez vagy alkalmaz\u00e1sokhoz val\u00f3 hozz\u00e1f\u00e9r\u00e9s\u00e9nek szab\u00e1lyoz\u00e1s\u00e1ra. A k\u00f6vetkez\u0151ket teheti:<\/p>\n\n\n\n<ul>\n<li>Korl\u00e1tozza a haszn\u00e1lati id\u0151t<\/li>\n\n\n\n<li>Nem megfelel\u0151 tartalom blokkol\u00e1sa<\/li>\n\n\n\n<li>Haszn\u00e1lati jelent\u00e9sek fogad\u00e1sa<\/li>\n\n\n\n<li>Mindig keresse meg a gyermek eszk\u00f6z\u00e9t<\/li>\n<\/ul>\n\n\n\n<p>\u00cdgy nemcsak a k\u00e9sz\u00fcl\u00e9ket v\u00e9ded, hanem a haszn\u00e1l\u00f3j\u00e1r\u00f3l is gondoskodsz.<\/p>\n\n\n\n<h2 class=\"wp-block-heading\">Tov\u00e1bbi tippek a v\u00e9delem meg\u0151rz\u00e9s\u00e9hez<\/h2>\n\n\n\n<p>A biztons\u00e1gi alkalmaz\u00e1sok haszn\u00e1lata mellett \u00edme n\u00e9h\u00e1ny szok\u00e1s, amelyeket elsaj\u00e1t\u00edthat a v\u00e9delem meger\u0151s\u00edt\u00e9se \u00e9rdek\u00e9ben:<\/p>\n\n\n\n<ul>\n<li>Ne telep\u00edtsen alkalmaz\u00e1sokat a Google Playen k\u00edv\u00fclr\u0151l<\/li>\n\n\n\n<li>Mindig ellen\u0151rizd, hogy egy alkalmaz\u00e1s milyen enged\u00e9lyeket k\u00e9r.<\/li>\n\n\n\n<li>Haszn\u00e1ljon hossz\u00fa \u00e9s k\u00fcl\u00f6nb\u00f6z\u0151 jelszavakat minden fi\u00f3khoz<\/li>\n\n\n\n<li>Aktiv\u00e1lja a k\u00e9tl\u00e9pcs\u0151s azonos\u00edt\u00e1st a k\u00f6z\u00f6ss\u00e9gi m\u00e9di\u00e1ban \u00e9s az e-mail fi\u00f3kjaiban<\/li>\n\n\n\n<li>Ne oszd meg a Wi-Fi-det idegenekkel<\/li>\n\n\n\n<li>Tartsa naprak\u00e9szen Android rendszer\u00e9t<\/li>\n\n\n\n<li>Rendszeresen v\u00e9gezzen biztons\u00e1gi ment\u00e9seket<\/li>\n<\/ul>\n\n\n\n<p>Ezek az apr\u00f3 gesztusok nagy k\u00fcl\u00f6nbs\u00e9get jelentenek.<\/p>\n\n\n\n<h2 class=\"wp-block-heading\">Val\u00f3di t\u00f6rt\u00e9netek, amik veled is megt\u00f6rt\u00e9nhetnek<\/h2>\n\n\n\n<p>A 17 \u00e9ves Luis let\u00f6lt\u00f6tt egy alkalmaz\u00e1st, hogy ingyen n\u00e9zhessen t\u00e9v\u00e9sorozatokat. Perceken bel\u00fcl a telefonja el\u00e1rasztotta a hirdet\u00e9seket, t\u00falmelegedett, \u00e9s felt\u00f6rt\u00e9k az Instagram-fi\u00f3kj\u00e1t. Mindez az\u00e9rt, mert az alkalmaz\u00e1s egy tr\u00f3jai v\u00edrust tartalmazott.<\/p>\n\n\n\n<p>A 63 \u00e9ves Maria csak telefon\u00e1l\u00e1sra \u00e9s WhatsApp-oz\u00e1sra haszn\u00e1lta a mobiltelefonj\u00e1t. Egy nap kapott egy \u00fczenetet, amiben ez \u00e1llt: \u201eKattints ide, hogy megtekinthesd a fot\u00f3idat a felh\u0151ben.\u201d Ezzel enged\u00e9lyezte egy v\u00edrusnak, hogy hozz\u00e1f\u00e9rjen a gal\u00e9ri\u00e1j\u00e1hoz \u00e9s ellopja a n\u00e9vjegyeit.<\/p>\n\n\n\n<p>Mindketten elker\u00fclhett\u00e9k volna ezt, ha telep\u00edtettek volna egy alkalmaz\u00e1st, p\u00e9ld\u00e1ul a Bitdefendert.<\/p>\n\n\n\n<h2 class=\"wp-block-heading\">Melyik alkalmaz\u00e1st \u00e9rdemes v\u00e1lasztani?<\/h2>\n\n\n\n<p>A profilodt\u00f3l f\u00fcgg:<\/p>\n\n\n\n<ul>\n<li>Valami egyszer\u0171t, ingyeneset \u00e9s megb\u00edzhat\u00f3t keresel? Avast<\/li>\n\n\n\n<li>Maxim\u00e1lis v\u00e9delmet szeretne nyilv\u00e1nos h\u00e1l\u00f3zatokon kereszt\u00fcl? Norton 360<\/li>\n\n\n\n<li>Jobban szereted a k\u00f6nny\u0171 \u00e9s gyors megold\u00e1sokat? Bitdefender<\/li>\n<\/ul>\n\n\n\n<p>B\u00e1rmelyik lehet\u0151s\u00e9g kiv\u00e1l\u00f3. A l\u00e9nyeg az, hogy megtedd az els\u0151 l\u00e9p\u00e9st.<\/p>\n\n\n\n<h2 class=\"wp-block-heading\">Az \u00d6n adatainak v\u00e9delme \u00e9s biztons\u00e1ga felbecs\u00fclhetetlen.<\/h2>\n\n\n\n<p>Az a nyugalom, ami azzal j\u00e1r, hogy tudjuk, adataink v\u00e9dve vannak, \u00f6sszehasonl\u00edthatatlan. Manaps\u00e1g egy v\u00e9delem n\u00e9lk\u00fcli mobiltelefon olyan, mintha nyitva hagyn\u00e1nk a h\u00e1zunkat. Nem sz\u00e1m\u00edt, hogy fiatal, feln\u0151tt vagy id\u0151s vagy. Mindannyian \u00e1ldozatok lehet\u00fcnk. \u00c9s mindannyian megel\u0151zhetj\u00fck ezt.<\/p>\n\n\n\n<p>Csak telep\u00edtenie \u00e9s aktiv\u00e1lnia kell egy alkalmaz\u00e1st. Ilyen egyszer\u0171.<\/p>\n\n\n\n<h2 class=\"wp-block-heading\">Cselekedj m\u00e9g ma!<\/h2>\n\n\n\n<p>Az eszk\u00f6zeid az \u00e9leted r\u00e9sz\u00e9t k\u00e9pezik. Ha gondoskodsz r\u00f3luk, azzal magadr\u00f3l is gondoskodsz. Nem kell t\u00f6bb\u00e9 att\u00f3l f\u00e9lned, hogy elvesz\u00edted a f\u00e1jljaidat, k\u00e9mkednek ut\u00e1nad, vagy ellopj\u00e1k az adataidat.<\/p>\n\n\n\n<p>Telep\u00edts most azonnal az al\u00e1bbi alkalmaz\u00e1sok egyik\u00e9t:<\/p>\n\n\n\n<ul>\n<li>\u2705 <a href=\"https:\/\/play.google.com\/store\/apps\/details?id=com.avast.android.mobilesecurity\">Avast Antivirus \u2013 Mobil biztons\u00e1g<\/a><\/li>\n\n\n\n<li>\u2705 <a href=\"https:\/\/play.google.com\/store\/apps\/details?id=com.symantec.mobilesecurity\">Norton 360: Biztons\u00e1g \u00e9s v\u00edruskeres\u0151<\/a><\/li>\n\n\n\n<li>\u2705 <a href=\"https:\/\/play.google.com\/store\/apps\/details?id=com.bitdefender.security\">Bitdefender mobilbiztons\u00e1g<\/a><\/li>\n<\/ul>\n\n\n\n<p>Kattints, telep\u00edts, \u00e9s aludj nyugodtan. A technol\u00f3gia t\u00e9ged is megv\u00e9dhet.<\/p>","protected":false},"excerpt":{"rendered":"<p>\u00bfTe preocupa la seguridad de tu celular, tablet o computadora? \u00bfQu\u00e9 desea? \u00a1Permanecer\u00e1 en el mismo sitio! Proteger tus dispositivos hoy es m\u00e1s f\u00e1cil de lo que imaginas No necesitas ser experto en tecnolog\u00eda ni tener conocimientos avanzados para evitar virus, robos de informaci\u00f3n o ataques cibern\u00e9ticos. Todo lo que necesitas est\u00e1 en tu mano: [&hellip;]<\/p>","protected":false},"author":139,"featured_media":689,"comment_status":"closed","ping_status":"open","sticky":false,"template":"","format":"standard","meta":{"footnotes":""},"categories":[4],"tags":[425,412,430,429,125],"yoast_head":"<!-- This site is optimized with the Yoast SEO plugin v23.3 - https:\/\/yoast.com\/wordpress\/plugins\/seo\/ -->\n<title>Protege todos tus dispositivos con estas aplicaciones - Blog Universo Fam\u00edlia<\/title>\n<meta name=\"description\" content=\"Protege todos tus dispositivos con estas aplicaciones. Proteger tus dispositivos hoy es m\u00e1s f\u00e1cil de lo que imaginas...\" \/>\n<meta name=\"robots\" content=\"index, follow, max-snippet:-1, max-image-preview:large, max-video-preview:-1\" \/>\n<link rel=\"canonical\" href=\"https:\/\/blog.universofamilia.com\/hu\/protege-todos-tus-dispositivos-con-estas-aplicaciones\/\" \/>\n<meta property=\"og:locale\" content=\"hu_HU\" \/>\n<meta property=\"og:type\" content=\"article\" \/>\n<meta property=\"og:title\" content=\"Protege todos tus dispositivos con estas aplicaciones - Blog Universo Fam\u00edlia\" \/>\n<meta property=\"og:description\" content=\"Protege todos tus dispositivos con estas aplicaciones. Proteger tus dispositivos hoy es m\u00e1s f\u00e1cil de lo que imaginas...\" \/>\n<meta property=\"og:url\" content=\"https:\/\/blog.universofamilia.com\/hu\/protege-todos-tus-dispositivos-con-estas-aplicaciones\/\" \/>\n<meta property=\"og:site_name\" content=\"Blog Universo Fam\u00edlia\" \/>\n<meta property=\"article:published_time\" content=\"2025-04-09T14:39:09+00:00\" \/>\n<meta property=\"article:modified_time\" content=\"2025-04-11T16:56:49+00:00\" \/>\n<meta property=\"og:image\" content=\"https:\/\/blog.universofamilia.com\/wp-content\/uploads\/sites\/154\/2025\/04\/DESTAQUE-BLOG-UNIVERSO-550-x-350-1.jpg\" \/>\n\t<meta property=\"og:image:width\" content=\"500\" \/>\n\t<meta property=\"og:image:height\" content=\"350\" \/>\n\t<meta property=\"og:image:type\" content=\"image\/jpeg\" \/>\n<meta name=\"author\" content=\"Pedro Henrique\" \/>\n<meta name=\"twitter:card\" content=\"summary_large_image\" \/>\n<meta name=\"twitter:label1\" content=\"Written by\" \/>\n\t<meta name=\"twitter:data1\" content=\"Pedro Henrique\" \/>\n\t<meta name=\"twitter:label2\" content=\"Est. reading time\" \/>\n\t<meta name=\"twitter:data2\" content=\"10 perc\" \/>\n<script type=\"application\/ld+json\" class=\"yoast-schema-graph\">{\"@context\":\"https:\/\/schema.org\",\"@graph\":[{\"@type\":\"WebPage\",\"@id\":\"https:\/\/blog.universofamilia.com\/cs\/protege-todos-tus-dispositivos-con-estas-aplicaciones\/\",\"url\":\"https:\/\/blog.universofamilia.com\/cs\/protege-todos-tus-dispositivos-con-estas-aplicaciones\/\",\"name\":\"Protege todos tus dispositivos con estas aplicaciones - Blog Universo Fam\u00edlia\",\"isPartOf\":{\"@id\":\"https:\/\/blog.universofamilia.com\/ko\/#website\"},\"primaryImageOfPage\":{\"@id\":\"https:\/\/blog.universofamilia.com\/cs\/protege-todos-tus-dispositivos-con-estas-aplicaciones\/#primaryimage\"},\"image\":{\"@id\":\"https:\/\/blog.universofamilia.com\/cs\/protege-todos-tus-dispositivos-con-estas-aplicaciones\/#primaryimage\"},\"thumbnailUrl\":\"https:\/\/blog.universofamilia.com\/wp-content\/uploads\/sites\/154\/2025\/04\/DESTAQUE-BLOG-UNIVERSO-550-x-350-1.jpg\",\"datePublished\":\"2025-04-09T14:39:09+00:00\",\"dateModified\":\"2025-04-11T16:56:49+00:00\",\"author\":{\"@id\":\"https:\/\/blog.universofamilia.com\/ko\/#\/schema\/person\/f07ce98187dd84d31154262e79b3b7ca\"},\"description\":\"Protege todos tus dispositivos con estas aplicaciones. Proteger tus dispositivos hoy es m\u00e1s f\u00e1cil de lo que imaginas...\",\"breadcrumb\":{\"@id\":\"https:\/\/blog.universofamilia.com\/cs\/protege-todos-tus-dispositivos-con-estas-aplicaciones\/#breadcrumb\"},\"inLanguage\":\"hu\",\"potentialAction\":[{\"@type\":\"ReadAction\",\"target\":[\"https:\/\/blog.universofamilia.com\/cs\/protege-todos-tus-dispositivos-con-estas-aplicaciones\/\"]}]},{\"@type\":\"ImageObject\",\"inLanguage\":\"hu\",\"@id\":\"https:\/\/blog.universofamilia.com\/cs\/protege-todos-tus-dispositivos-con-estas-aplicaciones\/#primaryimage\",\"url\":\"https:\/\/blog.universofamilia.com\/wp-content\/uploads\/sites\/154\/2025\/04\/DESTAQUE-BLOG-UNIVERSO-550-x-350-1.jpg\",\"contentUrl\":\"https:\/\/blog.universofamilia.com\/wp-content\/uploads\/sites\/154\/2025\/04\/DESTAQUE-BLOG-UNIVERSO-550-x-350-1.jpg\",\"width\":500,\"height\":350,\"caption\":\"Protege todos tus dispositivos con estas aplicaciones\"},{\"@type\":\"BreadcrumbList\",\"@id\":\"https:\/\/blog.universofamilia.com\/cs\/protege-todos-tus-dispositivos-con-estas-aplicaciones\/#breadcrumb\",\"itemListElement\":[{\"@type\":\"ListItem\",\"position\":1,\"name\":\"Home\",\"item\":\"https:\/\/blog.universofamilia.com\/ko\/\"},{\"@type\":\"ListItem\",\"position\":2,\"name\":\"Protege todos tus dispositivos con estas aplicaciones\"}]},{\"@type\":\"WebSite\",\"@id\":\"https:\/\/blog.universofamilia.com\/ko\/#website\",\"url\":\"https:\/\/blog.universofamilia.com\/ko\/\",\"name\":\"Blog Universo Fam\u00edlia\",\"description\":\"\",\"potentialAction\":[{\"@type\":\"SearchAction\",\"target\":{\"@type\":\"EntryPoint\",\"urlTemplate\":\"https:\/\/blog.universofamilia.com\/ko\/?s={search_term_string}\"},\"query-input\":\"required name=search_term_string\"}],\"inLanguage\":\"hu\"},{\"@type\":\"Person\",\"@id\":\"https:\/\/blog.universofamilia.com\/ko\/#\/schema\/person\/f07ce98187dd84d31154262e79b3b7ca\",\"name\":\"Pedro Henrique\",\"image\":{\"@type\":\"ImageObject\",\"inLanguage\":\"hu\",\"@id\":\"https:\/\/blog.universofamilia.com\/ko\/#\/schema\/person\/image\/\",\"url\":\"https:\/\/secure.gravatar.com\/avatar\/9edfeb808cb4e1599f64d6e45b130154?s=96&d=mm&r=g\",\"contentUrl\":\"https:\/\/secure.gravatar.com\/avatar\/9edfeb808cb4e1599f64d6e45b130154?s=96&d=mm&r=g\",\"caption\":\"Pedro Henrique\"},\"url\":\"https:\/\/blog.universofamilia.com\/hu\/author\/editor01\/\"}]}<\/script>\n<!-- \/ Yoast SEO plugin. -->","yoast_head_json":{"title":"Protege todos tus dispositivos con estas aplicaciones - Blog Universo Fam\u00edlia","description":"Protege todos tus dispositivos con estas aplicaciones. Proteger tus dispositivos hoy es m\u00e1s f\u00e1cil de lo que imaginas...","robots":{"index":"index","follow":"follow","max-snippet":"max-snippet:-1","max-image-preview":"max-image-preview:large","max-video-preview":"max-video-preview:-1"},"canonical":"https:\/\/blog.universofamilia.com\/hu\/protege-todos-tus-dispositivos-con-estas-aplicaciones\/","og_locale":"hu_HU","og_type":"article","og_title":"Protege todos tus dispositivos con estas aplicaciones - Blog Universo Fam\u00edlia","og_description":"Protege todos tus dispositivos con estas aplicaciones. Proteger tus dispositivos hoy es m\u00e1s f\u00e1cil de lo que imaginas...","og_url":"https:\/\/blog.universofamilia.com\/hu\/protege-todos-tus-dispositivos-con-estas-aplicaciones\/","og_site_name":"Blog Universo Fam\u00edlia","article_published_time":"2025-04-09T14:39:09+00:00","article_modified_time":"2025-04-11T16:56:49+00:00","og_image":[{"width":500,"height":350,"url":"https:\/\/blog.universofamilia.com\/wp-content\/uploads\/sites\/154\/2025\/04\/DESTAQUE-BLOG-UNIVERSO-550-x-350-1.jpg","type":"image\/jpeg"}],"author":"Pedro Henrique","twitter_card":"summary_large_image","twitter_misc":{"Written by":"Pedro Henrique","Est. reading time":"10 perc"},"schema":{"@context":"https:\/\/schema.org","@graph":[{"@type":"WebPage","@id":"https:\/\/blog.universofamilia.com\/cs\/protege-todos-tus-dispositivos-con-estas-aplicaciones\/","url":"https:\/\/blog.universofamilia.com\/cs\/protege-todos-tus-dispositivos-con-estas-aplicaciones\/","name":"Protege todos tus dispositivos con estas aplicaciones - Blog Universo Fam\u00edlia","isPartOf":{"@id":"https:\/\/blog.universofamilia.com\/ko\/#website"},"primaryImageOfPage":{"@id":"https:\/\/blog.universofamilia.com\/cs\/protege-todos-tus-dispositivos-con-estas-aplicaciones\/#primaryimage"},"image":{"@id":"https:\/\/blog.universofamilia.com\/cs\/protege-todos-tus-dispositivos-con-estas-aplicaciones\/#primaryimage"},"thumbnailUrl":"https:\/\/blog.universofamilia.com\/wp-content\/uploads\/sites\/154\/2025\/04\/DESTAQUE-BLOG-UNIVERSO-550-x-350-1.jpg","datePublished":"2025-04-09T14:39:09+00:00","dateModified":"2025-04-11T16:56:49+00:00","author":{"@id":"https:\/\/blog.universofamilia.com\/ko\/#\/schema\/person\/f07ce98187dd84d31154262e79b3b7ca"},"description":"Protege todos tus dispositivos con estas aplicaciones. Proteger tus dispositivos hoy es m\u00e1s f\u00e1cil de lo que imaginas...","breadcrumb":{"@id":"https:\/\/blog.universofamilia.com\/cs\/protege-todos-tus-dispositivos-con-estas-aplicaciones\/#breadcrumb"},"inLanguage":"hu","potentialAction":[{"@type":"ReadAction","target":["https:\/\/blog.universofamilia.com\/cs\/protege-todos-tus-dispositivos-con-estas-aplicaciones\/"]}]},{"@type":"ImageObject","inLanguage":"hu","@id":"https:\/\/blog.universofamilia.com\/cs\/protege-todos-tus-dispositivos-con-estas-aplicaciones\/#primaryimage","url":"https:\/\/blog.universofamilia.com\/wp-content\/uploads\/sites\/154\/2025\/04\/DESTAQUE-BLOG-UNIVERSO-550-x-350-1.jpg","contentUrl":"https:\/\/blog.universofamilia.com\/wp-content\/uploads\/sites\/154\/2025\/04\/DESTAQUE-BLOG-UNIVERSO-550-x-350-1.jpg","width":500,"height":350,"caption":"Protege todos tus dispositivos con estas aplicaciones"},{"@type":"BreadcrumbList","@id":"https:\/\/blog.universofamilia.com\/cs\/protege-todos-tus-dispositivos-con-estas-aplicaciones\/#breadcrumb","itemListElement":[{"@type":"ListItem","position":1,"name":"Home","item":"https:\/\/blog.universofamilia.com\/ko\/"},{"@type":"ListItem","position":2,"name":"Protege todos tus dispositivos con estas aplicaciones"}]},{"@type":"WebSite","@id":"https:\/\/blog.universofamilia.com\/ko\/#website","url":"https:\/\/blog.universofamilia.com\/ko\/","name":"Blog Universo Fam\u00edlia","description":"","potentialAction":[{"@type":"SearchAction","target":{"@type":"EntryPoint","urlTemplate":"https:\/\/blog.universofamilia.com\/ko\/?s={search_term_string}"},"query-input":"required name=search_term_string"}],"inLanguage":"hu"},{"@type":"Person","@id":"https:\/\/blog.universofamilia.com\/ko\/#\/schema\/person\/f07ce98187dd84d31154262e79b3b7ca","name":"Pedro Henrique","image":{"@type":"ImageObject","inLanguage":"hu","@id":"https:\/\/blog.universofamilia.com\/ko\/#\/schema\/person\/image\/","url":"https:\/\/secure.gravatar.com\/avatar\/9edfeb808cb4e1599f64d6e45b130154?s=96&d=mm&r=g","contentUrl":"https:\/\/secure.gravatar.com\/avatar\/9edfeb808cb4e1599f64d6e45b130154?s=96&d=mm&r=g","caption":"Pedro Henrique"},"url":"https:\/\/blog.universofamilia.com\/hu\/author\/editor01\/"}]}},"_links":{"self":[{"href":"https:\/\/blog.universofamilia.com\/hu\/wp-json\/wp\/v2\/posts\/685"}],"collection":[{"href":"https:\/\/blog.universofamilia.com\/hu\/wp-json\/wp\/v2\/posts"}],"about":[{"href":"https:\/\/blog.universofamilia.com\/hu\/wp-json\/wp\/v2\/types\/post"}],"author":[{"embeddable":true,"href":"https:\/\/blog.universofamilia.com\/hu\/wp-json\/wp\/v2\/users\/139"}],"replies":[{"embeddable":true,"href":"https:\/\/blog.universofamilia.com\/hu\/wp-json\/wp\/v2\/comments?post=685"}],"version-history":[{"count":1,"href":"https:\/\/blog.universofamilia.com\/hu\/wp-json\/wp\/v2\/posts\/685\/revisions"}],"predecessor-version":[{"id":690,"href":"https:\/\/blog.universofamilia.com\/hu\/wp-json\/wp\/v2\/posts\/685\/revisions\/690"}],"wp:featuredmedia":[{"embeddable":true,"href":"https:\/\/blog.universofamilia.com\/hu\/wp-json\/wp\/v2\/media\/689"}],"wp:attachment":[{"href":"https:\/\/blog.universofamilia.com\/hu\/wp-json\/wp\/v2\/media?parent=685"}],"wp:term":[{"taxonomy":"category","embeddable":true,"href":"https:\/\/blog.universofamilia.com\/hu\/wp-json\/wp\/v2\/categories?post=685"},{"taxonomy":"post_tag","embeddable":true,"href":"https:\/\/blog.universofamilia.com\/hu\/wp-json\/wp\/v2\/tags?post=685"}],"curies":[{"name":"wp","href":"https:\/\/api.w.org\/{rel}","templated":true}]}}