{"id":658,"date":"2025-04-07T13:14:45","date_gmt":"2025-04-07T13:14:45","guid":{"rendered":"https:\/\/blog.universofamilia.com\/?p=658"},"modified":"2025-04-07T13:14:47","modified_gmt":"2025-04-07T13:14:47","slug":"haz-que-tu-celular-sea-mucho-mas-veloz-con-estos-apps","status":"publish","type":"post","link":"https:\/\/blog.universofamilia.com\/hu\/haz-que-tu-celular-sea-mucho-mas-veloz-con-estos-apps\/","title":{"rendered":"Tedd gyorsabb\u00e1 a telefonod ezekkel az alkalmaz\u00e1sokkal!"},"content":{"rendered":"<h3 class=\"wp-block-heading has-text-align-center\">Lass\u00fa a telefonod? Mi tudjuk a megold\u00e1st!<\/h3>\n\n\n\n<p><\/p>\n\n\n\n<h5 class=\"wp-block-heading has-text-align-center\"><strong>Mit akarsz?<\/strong><\/h5>\n\n\n    <section class=\"mx-1 my-10\">\n                                                <a href=\"https:\/\/blog.universofamilia.com\/hu\/el-mejor-y-mas-eficaz-aplicativo-de-limpieza-de-telefono-en-2025\/\" class=\"text-white\" data-analytics-label=\"optionsButton\"\n                    data-action=\"analytics#trackCTA\">\n                    <div data-options-target=\"option\"\n                        class=\"custom-section rounded-xl border p-3 shadow-md w-full bg-green-700 my-3\">\n                        <div class=\"flex w-full items-center justify-between\">\n                            <div class=\"flex items-center space-x-3\">\n                                <div class=\"text-lg font-bold\">\n                                    Gyors\u00edtsd fel a mobilod \u279d\n                                <\/div>\n                            <\/div>\n                        <\/div>\n                    <\/div>\n                <\/a>\n                                                            <a href=\"https:\/\/blog.universofamilia.com\/hu\/la-mejor-y-mas-eficaz-aplicacion-de-limpieza\/\" class=\"text-white\" data-analytics-label=\"optionsButton\"\n                    data-action=\"analytics#trackCTA\">\n                    <div data-options-target=\"option\"\n                        class=\"custom-section rounded-xl border p-3 shadow-md w-full bg-green-700 my-3\">\n                        <div class=\"flex w-full items-center justify-between\">\n                            <div class=\"flex items-center space-x-3\">\n                                <div class=\"text-lg font-bold\">\n                                    Rekl\u00e1mok \u00e9s v\u00edrusok elt\u00e1vol\u00edt\u00e1sa \u279d\n                                <\/div>\n                            <\/div>\n                        <\/div>\n                    <\/div>\n                <\/a>\n                                                            <a href=\"https:\/\/blog.universofamilia.com\/hu\/el-mejor-aplicativo-para-proteger-tu-celular\/\" class=\"text-white\" data-analytics-label=\"optionsButton\"\n                    data-action=\"analytics#trackCTA\">\n                    <div data-options-target=\"option\"\n                        class=\"custom-section rounded-xl border p-3 shadow-md w-full bg-green-700 my-3\">\n                        <div class=\"flex w-full items-center justify-between\">\n                            <div class=\"flex items-center space-x-3\">\n                                <div class=\"text-lg font-bold\">\n                                    Mem\u00f3ria n\u00f6vel\u00e9se \u279d\n                                <\/div>\n                            <\/div>\n                        <\/div>\n                    <\/div>\n                <\/a>\n                            <p class=\"text-xs text-gray-500 text-right hidden\"\n            style=\"margin-left: 50%; margin-bottom: 50px; margin-top: 5px;\">\n            <!-- You will be redirected to another website -->\n        <\/p>\n    <\/section>\n\n\n\n\n<p class=\"has-text-align-right\"><em><strong><em><strong><em><strong><em><strong><em><strong><em><strong><em><strong><em><strong><em><strong><em><strong>Ugyanott fog maradni!<\/strong><\/em><\/strong><\/em><\/strong><\/em><\/strong><\/em><\/strong><\/em><\/strong><\/em><\/strong><\/em><\/strong><\/em><\/strong><\/em><\/strong><\/em><\/p>\n\n\n\n<hr class=\"wp-block-separator has-alpha-channel-opacity is-style-wide\" \/>\n\n\n\n<p><\/p>\n\n\n\n<p><strong>A telefonom nagyon gyors ezekkel a tiszt\u00edt\u00f3alkalmaz\u00e1sokkal<\/strong> Ez t\u00f6bb mint \u00e1lom, ez egy val\u00f3s\u00e1g, amit ma el\u00e9rhetsz.<\/p>\n\n\n\n<p>Nem kell m\u0171szaki szak\u00e9rt\u0151nek lenned, vagy technikust fizetned. Csak a mobiltelefonodra \u00e9s n\u00e9h\u00e1ny percnyi t\u00e1mogat\u00e1sra van sz\u00fcks\u00e9ged.<\/p>\n\n\n\n<p>Id\u0151vel minden telefon \u2013 gy\u00e1rtm\u00e1nyt\u00f3l \u00e9s modellt\u0151l f\u00fcggetlen\u00fcl \u2013 elkezd lelassulni. El\u0151fordult m\u00e1r veled, hogy megnyitott\u00e1l egy alkalmaz\u00e1st, \u00e9s egy \u00f6r\u00f6kk\u00e9val\u00f3s\u00e1gig tartott a bet\u00f6lt\u00e9se?<\/p>\n\n\n\n<p>Vagy megpr\u00f3b\u00e1lsz f\u00e9nyk\u00e9pezni, \u00e9s a kamera lefagy? Ne agg\u00f3dj, nem vagy egyed\u00fcl. Ez mindenkivel megt\u00f6rt\u00e9nik.<\/p>\n\n\n\n<p>Ez a cikk azoknak sz\u00f3l, akik egyszer\u0171, biztons\u00e1gos \u00e9s hat\u00e9kony megold\u00e1st keresnek.<\/p>\n\n\n\n<p>Mutatok neked 3-at <strong><a href=\"https:\/\/blog.universofamilia.com\/hu\/el-mejor-y-mas-eficaz-aplicativo-de-limpieza-de-telefono-en-2025\/\">val\u00f3di, ingyenes \u00e9s nagyon aj\u00e1nlott alkalmaz\u00e1sok<\/a><\/strong> a mobiltelefonod tiszt\u00edt\u00e1s\u00e1hoz \u00e9s felgyors\u00edt\u00e1s\u00e1hoz.<\/p>\n\n\n\n<p>Olyan egyszer\u0171ek, hogy b\u00e1rki haszn\u00e1lhatja \u0151ket, kort\u00f3l \u00e9s tapasztalatt\u00f3l f\u00fcggetlen\u00fcl.<\/p>\n\n\n\n<p>Olvass tov\u00e1bb, \u00e9s fedezd fel, hogyan alak\u00edthatsz \u00e1t egy lass\u00fa telefont gyors, m\u0171k\u00f6d\u0151k\u00e9pes g\u00e9pp\u00e9. N\u00e9zz\u00fck meg l\u00e9p\u00e9sr\u0151l l\u00e9p\u00e9sre!<\/p>\n\n\n\n<p><\/p>\n\n\n\n<hr class=\"wp-block-separator has-alpha-channel-opacity is-style-wide\" \/>\n\n\n\n<h2 class=\"wp-block-heading has-text-align-center\"><mark class=\"has-inline-color has-luminous-vivid-orange-color\"><a href=\"https:\/\/blog.universofamilia.com\/hu\/zumba-en-casa-descubre-la-diversion-de-bailar\/\">Olvasd el ezt is<\/a><\/mark><\/h2>\n\n\n    <section class=\"mx-1 my-10\">\n                                                <a href=\"https:\/\/blog.universofamilia.com\/hu\/aplicaciones-de-citas\/\" class=\"text-white\" data-analytics-label=\"optionsButton\"\n                    data-action=\"analytics#trackCTA\">\n                    <div data-options-target=\"option\"\n                        class=\"custom-section rounded-xl border p-3 shadow-md w-full bg-green-700 my-3\">\n                        <div class=\"flex w-full items-center justify-between\">\n                            <div class=\"flex items-center space-x-3\">\n                                <div class=\"text-lg font-bold\">\n                                    Randialkalmaz\u00e1sok \u279d\n                                <\/div>\n                            <\/div>\n                        <\/div>\n                    <\/div>\n                <\/a>\n                                                            <a href=\"https:\/\/blog.universofamilia.com\/hu\/descubre-quien-ve-tu-perfil-en-instagram-y-facebook\/\" class=\"text-white\" data-analytics-label=\"optionsButton\"\n                    data-action=\"analytics#trackCTA\">\n                    <div data-options-target=\"option\"\n                        class=\"custom-section rounded-xl border p-3 shadow-md w-full bg-green-700 my-3\">\n                        <div class=\"flex w-full items-center justify-between\">\n                            <div class=\"flex items-center space-x-3\">\n                                <div class=\"text-lg font-bold\">\n                                    Tudd meg, kik n\u00e9zik meg a profilodat \u279d\n                                <\/div>\n                            <\/div>\n                        <\/div>\n                    <\/div>\n                <\/a>\n                                                            <a href=\"https:\/\/blog.universofamilia.com\/hu\/santa-biblia-ave-maria\/\" class=\"text-white\" data-analytics-label=\"optionsButton\"\n                    data-action=\"analytics#trackCTA\">\n                    <div data-options-target=\"option\"\n                        class=\"custom-section rounded-xl border p-3 shadow-md w-full bg-green-700 my-3\">\n                        <div class=\"flex w-full items-center justify-between\">\n                            <div class=\"flex items-center space-x-3\">\n                                <div class=\"text-lg font-bold\">\n                                    Szent Biblia \u00dcdv\u00f6zl\u00e9gy M\u00e1ria \u279d\n                                <\/div>\n                            <\/div>\n                        <\/div>\n                    <\/div>\n                <\/a>\n                            <p class=\"text-xs text-gray-500 text-right hidden\"\n            style=\"margin-left: 50%; margin-bottom: 50px; margin-top: 5px;\">\n            <!-- You will be redirected to another website -->\n        <\/p>\n    <\/section>\n\n\n\n\n<p class=\"has-text-align-right\"><em><strong><em><strong><em><strong><em><strong><em><strong>Ugyanott fog maradni!<\/strong><\/em><\/strong><\/em><\/strong><\/em><\/strong><\/em><\/strong><\/em><\/p>\n\n\n\n<hr class=\"wp-block-separator has-alpha-channel-opacity is-style-wide\" \/>\n\n\n\n<p><\/p>\n\n\n\n<h2 class=\"wp-block-heading\">Mi\u00e9rt lass\u00faak a mobiltelefonok?<\/h2>\n\n\n\n<h3 class=\"wp-block-heading\">A digit\u00e1lis hullad\u00e9k felhalmoz\u00f3d\u00e1sa: a csendes ellens\u00e9g<\/h3>\n\n\n\n<p>M\u00e9g ha nem is veszed \u00e9szre, minden alkalommal, amikor megnyitsz egy alkalmaz\u00e1st, megn\u00e9zel egy k\u00e9pet vagy let\u00f6ltesz egy f\u00e1jlt, a telefonod nyomokban inform\u00e1ci\u00f3kat t\u00e1rol.<\/p>\n\n\n\n<p>Ezt a \u201eszemetet\u201d gyors\u00edt\u00f3t\u00e1rnak, marad\u00e9k- vagy ideiglenes f\u00e1jloknak nevezik. \u00c9s igen, id\u0151vel sok helyet foglalnak el.<\/p>\n\n\n\n<p>R\u00e1ad\u00e1sul sok alkalmaz\u00e1s akkor is fut, ha nem haszn\u00e1lod \u0151ket. Ez RAM-ot, akkumul\u00e1tort \u00e9s adatforgalmat fogyaszt.<\/p>\n\n\n\n<p>\u00c9s a duplik\u00e1lt f\u00e1jlokr\u00f3l m\u00e1r nem is besz\u00e9lve: duplik\u00e1lt fot\u00f3k, m\u00e1r nem m\u0171k\u00f6d\u0151 k\u00e9perny\u0151k\u00e9pek, r\u00e9gi m\u00e9mek... ezek mind csak ott hevernek, foglalj\u00e1k a helyet \u00e9s lass\u00edtj\u00e1k a sz\u00e1m\u00edt\u00f3g\u00e9pet.<\/p>\n\n\n\n<p>Nos, mik a jelek arra, hogy a mobiltelefonod s\u00fcrg\u0151s tiszt\u00edt\u00e1sra szorul?<\/p>\n\n\n\n<h3 class=\"wp-block-heading\">Egy\u00e9rtelm\u0171 jelek arra utalnak, hogy egy mobiltelefon seg\u00edts\u00e9get k\u00e9r<\/h3>\n\n\n\n<ul>\n<li>Az alkalmaz\u00e1sok megnyit\u00e1sa a szok\u00e1sosn\u00e1l tov\u00e1bb tart<\/li>\n\n\n\n<li>Az akkumul\u00e1tor nagyon kev\u00e9s ideig b\u00edrja<\/li>\n\n\n\n<li>A telefon ok n\u00e9lk\u00fcl felmelegszik<\/li>\n\n\n\n<li>A t\u00e1rhely majdnem megtelt<\/li>\n\n\n\n<li>Olyan hib\u00e1kat kapsz, mint a \u201enincs el\u00e9g hely\u201d<\/li>\n\n\n\n<li>A j\u00e1t\u00e9kok \u00e9s vide\u00f3k \u00f6sszeomlanak vagy magukt\u00f3l bez\u00e1r\u00f3dnak<\/li>\n<\/ul>\n\n\n\n<p>Ha ezen jelek k\u00f6z\u00fcl egyet vagy t\u00f6bbet is felismersz, olvass tov\u00e1bb. A megold\u00e1s csak n\u00e9h\u00e1ny koppint\u00e1snyira van.<\/p>\n\n\n\n<h2 class=\"wp-block-heading\">Pontosan mit csin\u00e1lnak a takar\u00edt\u00f3alkalmaz\u00e1sok?<\/h2>\n\n\n\n<h3 class=\"wp-block-heading\">M\u00e9lytiszt\u00edt\u00e1s komplik\u00e1ci\u00f3k n\u00e9lk\u00fcl<\/h3>\n\n\n\n<p>Ezek az alkalmaz\u00e1sok m\u00e1sodpercek alatt \u00e1tvizsg\u00e1lj\u00e1k a teljes rendszert, \u00e9s megmutatj\u00e1k, mit t\u00e1vol\u00edthatsz el biztons\u00e1gosan.<\/p>\n\n\n\n<p>Lehet\u0151v\u00e9 teszik a felesleges f\u00e1jlok t\u00f6rl\u00e9s\u00e9t, a RAM felszabad\u00edt\u00e1s\u00e1t, a felesleges folyamatok bez\u00e1r\u00e1s\u00e1t, s\u0151t, a telefon leh\u0171t\u00e9s\u00e9t is, ha t\u00falmelegszik.<\/p>\n\n\n\n<p>Emellett azonos\u00edtj\u00e1k a duplik\u00e1lt f\u00e9nyk\u00e9peket, a nagy f\u00e1jlokat, amelyekre esetleg nincs sz\u00fcks\u00e9ged, \u00e9s azokat az alkalmaz\u00e1sokat, amelyek sok energi\u00e1t fogyasztanak an\u00e9lk\u00fcl, hogy b\u00e1rmit is hozz\u00e1j\u00e1ruln\u00e1nak a rendszer teljes\u00edtm\u00e9ny\u00e9hez. Mindezeket egyetlen koppint\u00e1ssal t\u00f6r\u00f6lheted.<\/p>\n\n\n\n<p>\u00c9s a legjobb az eg\u00e9szben: semmilyen technikai tud\u00e1sra nincs sz\u00fcks\u00e9ged. Az alkalmaz\u00e1s l\u00e9p\u00e9sr\u0151l l\u00e9p\u00e9sre vezet v\u00e9gig, letisztult gombokkal \u00e9s biztons\u00e1gos lehet\u0151s\u00e9gekkel. Perceken bel\u00fcl \u00e9szre fogod venni, hogy a telefonod jobban m\u0171k\u00f6dik, gyorsabban ny\u00edlik meg minden, \u00e9s k\u00f6nnyebbnek is \u00e9rz\u0151dik.<\/p>\n\n\n\n<h3 class=\"wp-block-heading\">Garant\u00e1lt biztons\u00e1g: semmi fontos nem t\u00f6rl\u0151dik<\/h3>\n\n\n\n<p>Gyakori k\u00e9rd\u00e9s: \u201eMi van, ha t\u00f6r\u00f6l\u00f6k valamit, amire sz\u00fcks\u00e9gem van?\u201d Ne agg\u00f3dj. Ezek az alkalmaz\u00e1sok csak a felesleges elemek t\u00f6rl\u00e9s\u00e9re szolg\u00e1lnak.<\/p>\n\n\n\n<p>Nem ny\u00falnak a kedvenc fot\u00f3idhoz, n\u00e9vjegyeidhez vagy fontos alkalmaz\u00e1saidhoz. R\u00e1ad\u00e1sul sokuk rendelkezik biztons\u00e1gi ment\u00e9si vagy helyre\u00e1ll\u00edt\u00e1si funkci\u00f3val.<\/p>\n\n\n\n<p>B\u00edzzon benn\u00fcnk: vil\u00e1gszerte emberek milli\u00f3i haszn\u00e1lj\u00e1k \u0151ket probl\u00e9ma n\u00e9lk\u00fcl. Ebben a cikkben pedig csak a legmegb\u00edzhat\u00f3bbakat mutatjuk be, j\u00f3 h\u00edrn\u00e9vvel \u00e9s t\u00f6bb milli\u00f3 let\u00f6lt\u00e9ssel.<\/p>\n\n\n\n<h2 class=\"wp-block-heading\">#1 alkalmaz\u00e1s: <strong>Nox Cleaner \u2013 Teljes tiszt\u00edt\u00e1s \u00e9s gyors\u00edt\u00e1s<\/strong><\/h2>\n\n\n\n<p><a href=\"https:\/\/nox-cleaner.br.uptodown.com\/android\">\ud83d\udc49 T\u00f6ltsd le a Nox Cleanert a Google Playr\u0151l<\/a><\/p>\n\n\n\n<p><strong>Nox tiszt\u00edt\u00f3szer<\/strong> Ez a vil\u00e1g egyik leggyakrabban aj\u00e1nlott alkalmaz\u00e1sa Android telefonok tiszt\u00edt\u00e1s\u00e1ra. T\u00f6bb mint 100 milli\u00f3 let\u00f6lt\u00e9ssel rendelkezik, \u00e9s kiv\u00e1l\u00f3 \u00e9rt\u00e9kel\u00e9st kapott a Google Playen. Mi\u00e9rt? Mert gyors, hat\u00e9kony \u00e9s nagyon k\u00f6nnyen haszn\u00e1lhat\u00f3.<\/p>\n\n\n\n<h3 class=\"wp-block-heading\">Kiemelt jellemz\u0151k<\/h3>\n\n\n\n<ul>\n<li>T\u00f6r\u00f6lje a felesleges f\u00e1jlokat, a gyors\u00edt\u00f3t\u00e1rat \u00e9s a duplik\u00e1tumokat<\/li>\n\n\n\n<li>Szabad\u00edtson fel helyet \u00e9s jav\u00edtsa a teljes\u00edtm\u00e9nyt<\/li>\n\n\n\n<li>H\u0171ti a processzort, ha a mobiltelefon t\u00falmelegszik<\/li>\n\n\n\n<li>Gyors\u00edtsd fel a j\u00e1t\u00e9kokat a neh\u00e9z folyamatok bez\u00e1r\u00e1s\u00e1val<\/li>\n\n\n\n<li>Elmos\u00f3dott vagy ism\u00e9tl\u0151d\u0151 fot\u00f3k \u00e9szlel\u00e9se<\/li>\n\n\n\n<li>Ingyenes v\u00edruskeres\u0151t tartalmaz<\/li>\n<\/ul>\n\n\n\n<h3 class=\"wp-block-heading\">Mi teszi k\u00fcl\u00f6nlegess\u00e9?<\/h3>\n\n\n\n<p>M\u00e1s alkalmaz\u00e1sokkal ellent\u00e9tben a Nox Cleaner mindent egyetlen, intuit\u00edv fel\u00fcleten k\u00edn\u00e1l. Egyetlen koppint\u00e1ssal elv\u00e9gezhetsz egy teljes tiszt\u00edt\u00e1st. \u00c9s ha nem tudod, mit t\u00f6r\u00f6lj, a legjobb lehet\u0151s\u00e9get javasolja.<\/p>\n\n\n\n<p>Tov\u00e1bbi el\u0151ny: v\u00edrusv\u00e9delemmel \u00e9s adatv\u00e9delmi eszk\u00f6z\u00f6kkel rendelkezik. Teh\u00e1t a telefon felgyors\u00edt\u00e1sa mellett v\u00e9di is azt.<\/p>\n\n\n\n<h3 class=\"wp-block-heading\">Felhaszn\u00e1l\u00f3i v\u00e9lem\u00e9nyek<\/h3>\n\n\n\n<p>\u201eEz hihetetlen! A telefonom annyira lass\u00fa volt, hogy azon gondolkodtam, veszek egy m\u00e1sikat. A Nox Cleanerrel egy fill\u00e9r k\u00f6lt\u00e9se n\u00e9lk\u00fcl visszanyertem a sebess\u00e9g\u00e9t.\u201d <strong>K\u00e1roly, 45 \u00e9ves<\/strong><\/p>\n\n\n\n<p>\u201eAnyuk\u00e1m 70 \u00e9ves, \u00e9s mindenf\u00e9le seg\u00edts\u00e9g n\u00e9lk\u00fcl haszn\u00e1lja ezt az alkalmaz\u00e1st. Nagyon k\u00f6nny\u0171 meg\u00e9rteni.\u201d <strong>L\u00facia, 29 \u00e9ves<\/strong><\/p>\n\n\n\n<p><\/p>\n\n\n\n<hr class=\"wp-block-separator has-alpha-channel-opacity is-style-wide\" \/>\n\n\n\n<h3 class=\"wp-block-heading\"><mark class=\"has-inline-color has-luminous-vivid-amber-color\"><a>\ud83d\udc49 <\/a><strong><mark class=\"has-inline-color has-luminous-vivid-amber-color\"><strong>T\u00f6ltsd le az alkalmaz\u00e1st:<\/strong><\/mark><\/strong><\/mark><\/h3>\n\n\n    <section class=\"mx-1 my-10\">\n                                                <a href=\"https:\/\/nox-cleaner.br.uptodown.com\/android\" class=\"text-white\" data-analytics-label=\"optionsButton\"\n                    data-action=\"analytics#trackCTA\">\n                    <div data-options-target=\"option\"\n                        class=\"custom-section rounded-xl border p-3 shadow-md w-full bg-green-700 my-3\">\n                        <div class=\"flex w-full items-center justify-between\">\n                            <div class=\"flex items-center space-x-3\">\n                                <div class=\"text-lg font-bold\">\n                                    Nox tiszt\u00edt\u00f3 \u279d\n                                <\/div>\n                            <\/div>\n                        <\/div>\n                    <\/div>\n                <\/a>\n                            <p class=\"text-xs text-gray-500 text-right\"\n            style=\"margin-left: 50%; margin-bottom: 50px; margin-top: 5px;\">\n            <!-- You will be redirected to another website -->\n        <\/p>\n    <\/section>\n\n\n\n\n<p class=\"has-text-align-right\"><strong><em>\u00c1tir\u00e1ny\u00edtunk egy m\u00e1sik webhelyre<\/em><\/strong><\/p>\n\n\n\n<hr class=\"wp-block-separator has-alpha-channel-opacity is-style-wide\" \/>\n\n\n\n<p><\/p>\n\n\n\n<h2 class=\"wp-block-heading\">#2 alkalmaz\u00e1s: <strong>CCleaner \u2013 Intelligens tiszt\u00edt\u00e1s \u00e9s optimaliz\u00e1l\u00e1s<\/strong><\/h2>\n\n\n\n<p>A CCleaner r\u00e9g\u00f3ta nagy kedvenc a tech vil\u00e1gban. Sz\u00e1m\u00edt\u00f3g\u00e9p-tiszt\u00edt\u00f3 programk\u00e9nt indult, \u00e9s most m\u00e1r van egy verzi\u00f3ja Android telefonokra. \u00c9s j\u00f3l m\u0171k\u00f6dik.<\/p>\n\n\n\n<h3 class=\"wp-block-heading\">Mit tehet \u00e9rted?<\/h3>\n\n\n\n<ul>\n<li>Sz\u00fcks\u00e9gtelen f\u00e1jlok beolvas\u00e1sa \u00e9s t\u00f6rl\u00e9se<\/li>\n\n\n\n<li>Megmutatja, hogy mely alkalmaz\u00e1sok foglalj\u00e1k a legt\u00f6bb helyet vagy akkumul\u00e1tort<\/li>\n\n\n\n<li>Lehet\u0151v\u00e9 teszi a nem haszn\u00e1lt alkalmaz\u00e1sok elt\u00e1vol\u00edt\u00e1s\u00e1t<\/li>\n\n\n\n<li>El\u0151zm\u00e9nyek \u00e9s rejtett f\u00e1jlok t\u00f6rl\u00e9se<\/li>\n\n\n\n<li>T\u00e1rhely elemz\u00e9se f\u00e1jlt\u00edpus szerint<\/li>\n<\/ul>\n\n\n\n<h3 class=\"wp-block-heading\">Ide\u00e1lis azok sz\u00e1m\u00e1ra, akik nagyobb kontrollra v\u00e1gynak<\/h3>\n\n\n\n<p>Ha szeretn\u00e9d pontosan tudni, mi t\u00f6rt\u00e9nik a telefonodon, ez az alkalmaz\u00e1s neked val\u00f3. A CCleaner grafikonokat, jelent\u00e9seket \u00e9s r\u00e9szletes be\u00e1ll\u00edt\u00e1sokat jelen\u00edt meg. De ne agg\u00f3dj, van egy gyorstiszt\u00edt\u00e1s gombja is, ha az egyszer\u0171s\u00e9get r\u00e9szes\u00edted el\u0151nyben.<\/p>\n\n\n\n<p>R\u00e1ad\u00e1sul nagyon k\u00f6nny\u0171. Nem foglal sok mem\u00f3ri\u00e1t, \u00e9s nem mer\u00edti az akkumul\u00e1tort.<\/p>\n\n\n\n<h3 class=\"wp-block-heading\">Mit mondanak azok, akik haszn\u00e1lj\u00e1k<\/h3>\n\n\n\n<p>\u201eA CCleanerrel megtudtam, mely alkalmaz\u00e1sok mer\u00edtik az akkumul\u00e1toromat. Most k\u00e9tszer olyan sok\u00e1ig b\u00edrja.\u201d \u2013 <strong>Gabriela, 33 \u00e9ves<\/strong><\/p>\n\n\n\n<p>\u201eMinden h\u00e9ten haszn\u00e1lom, \u00e9s soha nem volt semmi probl\u00e9m\u00e1m. Megb\u00edzhat\u00f3 \u00e9s \u00e1ttekinthet\u0151.\u201d \u2013 <strong>Luis, 60 \u00e9ves<\/strong><\/p>\n\n\n\n<p><\/p>\n\n\n\n<hr class=\"wp-block-separator has-alpha-channel-opacity is-style-wide\" \/>\n\n\n\n<h3 class=\"wp-block-heading\"><mark class=\"has-inline-color has-luminous-vivid-amber-color\"><a>\ud83d\udc49 <\/a><strong><mark class=\"has-inline-color has-luminous-vivid-amber-color\"><strong>T\u00f6ltsd le az alkalmaz\u00e1st:<\/strong><\/mark><\/strong><\/mark><\/h3>\n\n\n    <section class=\"mx-1 my-10\">\n                                                <a href=\"https:\/\/www.ccleaner.com\/ccleaner-android?cc-noredirect=\" class=\"text-white\" data-analytics-label=\"optionsButton\"\n                    data-action=\"analytics#trackCTA\">\n                    <div data-options-target=\"option\"\n                        class=\"custom-section rounded-xl border p-3 shadow-md w-full bg-green-700 my-3\">\n                        <div class=\"flex w-full items-center justify-between\">\n                            <div class=\"flex items-center space-x-3\">\n                                <div class=\"text-lg font-bold\">\n                                    CCleaner \u279d\n                                <\/div>\n                            <\/div>\n                        <\/div>\n                    <\/div>\n                <\/a>\n                            <p class=\"text-xs text-gray-500 text-right\"\n            style=\"margin-left: 50%; margin-bottom: 50px; margin-top: 5px;\">\n            <!-- You will be redirected to another website -->\n        <\/p>\n    <\/section>\n\n\n\n\n<p class=\"has-text-align-right\"><strong><em>\u00c1tir\u00e1ny\u00edtunk egy m\u00e1sik webhelyre<\/em><\/strong><\/p>\n\n\n\n<hr class=\"wp-block-separator has-alpha-channel-opacity is-style-wide\" \/>\n\n\n\n<p><\/p>\n\n\n\n<h2 class=\"wp-block-heading\">#3 alkalmaz\u00e1s: <strong>AVG Cleaner \u2013 Automatikus tiszt\u00edt\u00e1s \u00e9s gyors\u00edt\u00e1s<\/strong><\/h2>\n\n\n\n<p>Ha azok k\u00f6z\u00e9 tartozol, akik ink\u00e1bb nem csin\u00e1lnak semmit k\u00e9zzel, im\u00e1dni fogod. <strong>AVG tiszt\u00edt\u00f3<\/strong>Ez az alkalmaz\u00e1s \u00fagy lett kialak\u00edtva, hogy automatikusan megtiszt\u00edtsa, felgyors\u00edtsa \u00e9s optimaliz\u00e1lja a telefonj\u00e1t.<\/p>\n\n\n\n<h3 class=\"wp-block-heading\">F\u0151bb jellemz\u0151k<\/h3>\n\n\n\n<ul>\n<li>\u00dctemezett napi vagy heti takar\u00edt\u00e1s<\/li>\n\n\n\n<li>CPU h\u0171t\u0151<\/li>\n\n\n\n<li>Duplik\u00e1lt vagy elmos\u00f3dott f\u00e9nyk\u00e9pek \u00e9szlel\u00e9se<\/li>\n\n\n\n<li>Intelligens akkumul\u00e1tor-takar\u00e9kos m\u00f3d<\/li>\n\n\n\n<li>Szem\u00e9lyre szabott aj\u00e1nl\u00e1sok a haszn\u00e1latod alapj\u00e1n<\/li>\n<\/ul>\n\n\n\n<h3 class=\"wp-block-heading\">Mi\u00e9rt kiv\u00e1l\u00f3 v\u00e1laszt\u00e1s?<\/h3>\n\n\n\n<p>Mert ha egyszer telep\u00edtetted \u00e9s konfigur\u00e1ltad, el is felejtheted. Az alkalmaz\u00e1s mindent elint\u00e9z: elemz\u00e9st, tiszt\u00edt\u00e1st, optimaliz\u00e1l\u00e1st \u00e9s riaszt\u00e1st k\u00fcld, ha valami figyelmet ig\u00e9nyel.<\/p>\n\n\n\n<p>T\u00f6k\u00e9letes id\u0151sebb emberek vagy korl\u00e1tozott technikai tapasztalattal rendelkez\u0151k sz\u00e1m\u00e1ra. Minden automatiz\u00e1lt \u00e9s vil\u00e1gosan elmagyar\u00e1zott.<\/p>\n\n\n\n<h3 class=\"wp-block-heading\">Val\u00f3di \u00e9lm\u00e9nyek<\/h3>\n\n\n\n<p>\u201eTelep\u00edtettem az AVG Cleanert a nagymam\u00e1m telefonj\u00e1ra, \u00e9s az\u00f3ta nem mondta, hogy lass\u00fa.\u201d \u2013 <strong>Ernesto, 22 \u00e9ves<\/strong><\/p>\n\n\n\n<p>\u201eIm\u00e1dom, hogy mag\u00e1t\u00f3l tisztul. Nem kell semmire sem eml\u00e9keznem.\u201d \u2013 <strong>Val\u00e9ria, 38 \u00e9ves<\/strong><\/p>\n\n\n\n<p><\/p>\n\n\n\n<hr class=\"wp-block-separator has-alpha-channel-opacity is-style-wide\" \/>\n\n\n\n<h3 class=\"wp-block-heading\"><mark class=\"has-inline-color has-luminous-vivid-amber-color\"><a>\ud83d\udc49 <\/a><strong><mark class=\"has-inline-color has-luminous-vivid-amber-color\"><strong>T\u00f6ltsd le az alkalmaz\u00e1st:<\/strong><\/mark><\/strong><\/mark><\/h3>\n\n\n    <section class=\"mx-1 my-10\">\n                                                <a href=\"https:\/\/avg-memory-and-cache-cleaner.br.uptodown.com\/android\" class=\"text-white\" data-analytics-label=\"optionsButton\"\n                    data-action=\"analytics#trackCTA\">\n                    <div data-options-target=\"option\"\n                        class=\"custom-section rounded-xl border p-3 shadow-md w-full bg-green-700 my-3\">\n                        <div class=\"flex w-full items-center justify-between\">\n                            <div class=\"flex items-center space-x-3\">\n                                <div class=\"text-lg font-bold\">\n                                    AVG Tiszt\u00edt\u00f3 \u279d\n                                <\/div>\n                            <\/div>\n                        <\/div>\n                    <\/div>\n                <\/a>\n                            <p class=\"text-xs text-gray-500 text-right\"\n            style=\"margin-left: 50%; margin-bottom: 50px; margin-top: 5px;\">\n            <!-- You will be redirected to another website -->\n        <\/p>\n    <\/section>\n\n\n\n\n<p class=\"has-text-align-right\"><strong><em>\u00c1tir\u00e1ny\u00edtunk egy m\u00e1sik webhelyre<\/em><\/strong><\/p>\n\n\n\n<hr class=\"wp-block-separator has-alpha-channel-opacity is-style-wide\" \/>\n\n\n\n<p><\/p>\n\n\n\n<h2 class=\"wp-block-heading\">A 3 alkalmaz\u00e1s gyors \u00f6sszehasonl\u00edt\u00e1sa<\/h2>\n\n\n\n<figure class=\"wp-block-table\"><table><thead><tr><th>Alkalmaz\u00e1s<\/th><th>Ide\u00e1lis\u2026<\/th><th>Automatikus tiszt\u00edt\u00e1s<\/th><th>H\u0171t\u00e9s<\/th><th>V\u00edrusirt\u00f3<\/th><th>Egyszer\u0171 fel\u00fclet<\/th><\/tr><\/thead><tbody><tr><td>Nox tiszt\u00edt\u00f3szer<\/td><td>Kezd\u0151k<\/td><td>\u2705<\/td><td>\u2705<\/td><td>\u2705<\/td><td>\u2705<\/td><\/tr><tr><td>CCleaner<\/td><td>M\u0171szaki felhaszn\u00e1l\u00f3k<\/td><td>\u274c<\/td><td>\u274c<\/td><td>\u274c<\/td><td>\u2705<\/td><\/tr><tr><td>AVG tiszt\u00edt\u00f3<\/td><td>Elfoglalt vagy id\u0151s emberek<\/td><td>\u2705<\/td><td>\u2705<\/td><td>\u274c<\/td><td>\u2705<\/td><\/tr><\/tbody><\/table><figcaption class=\"wp-element-caption\">Tedd gyorsabb\u00e1 a telefonod ezekkel az alkalmaz\u00e1sokkal!<\/figcaption><\/figure>\n\n\n\n<h2 class=\"wp-block-heading\">Hogyan kell l\u00e9p\u00e9sr\u0151l l\u00e9p\u00e9sre haszn\u00e1lni ezeket az alkalmaz\u00e1sokat?<\/h2>\n\n\n\n<h3 class=\"wp-block-heading\">Alapvet\u0151 \u00fatmutat\u00f3 a kezd\u00e9shez<\/h3>\n\n\n\n<ol>\n<li>\u00cdrd be a kedvenc alkalmaz\u00e1sod linkj\u00e9t, \u00e9s kattints r\u00e1 <strong>Telep\u00edt\u00e9s<\/strong><\/li>\n\n\n\n<li>Nyisd meg az alkalmaz\u00e1st, \u00e9s fogadd el a k\u00e9rt enged\u00e9lyeket.<\/li>\n\n\n\n<li>Koppintson a \u201eSzkennel\u00e9s\u201d vagy a \u201eTiszt\u00edt\u00e1s most\u201d gombra<\/li>\n\n\n\n<li>Tekintse \u00e1t az aj\u00e1nl\u00e1sokat, \u00e9s er\u0151s\u00edtse meg a tiszt\u00edt\u00e1st<\/li>\n\n\n\n<li>Automatikus tiszt\u00edt\u00e1s enged\u00e9lyez\u00e9se, ha el\u00e9rhet\u0151<\/li>\n<\/ol>\n\n\n\n<h3 class=\"wp-block-heading\">Hasznos tippek<\/h3>\n\n\n\n<ul>\n<li>Egyszerre csak egy tiszt\u00edt\u00f3alkalmaz\u00e1st haszn\u00e1ljon<\/li>\n\n\n\n<li>Ne t\u00f6r\u00f6lj mindent an\u00e9lk\u00fcl, hogy \u00e1tn\u00e9zn\u00e9d, k\u00fcl\u00f6n\u00f6sen ne f\u00e9nyk\u00e9peket vagy dokumentumokat.<\/li>\n\n\n\n<li>\u00dctemezze be a heti tiszt\u00edt\u00e1st, hogy mobiltelefonja optim\u00e1lis \u00e1llapotban legyen<\/li>\n\n\n\n<li>Haszn\u00e1lja ki az olyan funkci\u00f3kat, mint a \u201etakar\u00e9kos m\u00f3d\u201d vagy az \u201ealkalmaz\u00e1s-elemz\u0151\u201d<\/li>\n<\/ul>\n\n\n\n<h2 class=\"wp-block-heading\">Mikor kell m\u00e9regtelen\u00edt\u0151 k\u00far\u00e1t v\u00e9gezni?<\/h2>\n\n\n\n<ul>\n<li>Amikor \u00e1lland\u00f3 lass\u00fas\u00e1got vagy elakad\u00e1sokat \u00e9szlel<\/li>\n\n\n\n<li>T\u00f6bb alkalmaz\u00e1s telep\u00edt\u00e9se vagy elt\u00e1vol\u00edt\u00e1sa ut\u00e1n<\/li>\n\n\n\n<li>\u201eMegtelt t\u00e1rhely\u201d \u00fczenetek \u00e9rkez\u00e9sekor<\/li>\n\n\n\n<li>Ha a mobiltelefon a szok\u00e1sosn\u00e1l melegebb lesz<\/li>\n\n\n\n<li>Minden h\u00e9ten megel\u0151z\u0151 karbantart\u00e1sk\u00e9nt<\/li>\n<\/ul>\n\n\n\n<h2 class=\"wp-block-heading\">Mi t\u00f6rt\u00e9nik, ha nem tiszt\u00edtod meg a mobiltelefonodat?<\/h2>\n\n\n\n<ul>\n<li>Kevesebb hely a fontos dolgaidnak<\/li>\n\n\n\n<li>T\u00f6bb hiba, akad\u00e1ly \u00e9s lass\u00fas\u00e1g<\/li>\n\n\n\n<li>Nagyon r\u00f6vid ideig tart\u00f3 akkumul\u00e1tor<\/li>\n\n\n\n<li>S\u00falyos rendszerhib\u00e1k kock\u00e1zata<\/li>\n\n\n\n<li>R\u00f6videbb eszk\u00f6z \u00e9lettartam<\/li>\n<\/ul>\n\n\n<div class=\"wp-block-image\">\n<figure class=\"aligncenter size-full\"><img loading=\"lazy\" decoding=\"async\" width=\"500\" height=\"350\" src=\"https:\/\/blog.universofamilia.com\/wp-content\/uploads\/sites\/154\/2025\/04\/DESTAQUE-BLOG-UNIVERSO-550-x-350-27.jpg\" alt=\"\" class=\"wp-image-666\" srcset=\"https:\/\/blog.universofamilia.com\/wp-content\/uploads\/sites\/154\/2025\/04\/DESTAQUE-BLOG-UNIVERSO-550-x-350-27.jpg 500w, https:\/\/blog.universofamilia.com\/wp-content\/uploads\/sites\/154\/2025\/04\/DESTAQUE-BLOG-UNIVERSO-550-x-350-27-300x210.jpg 300w, https:\/\/blog.universofamilia.com\/wp-content\/uploads\/sites\/154\/2025\/04\/DESTAQUE-BLOG-UNIVERSO-550-x-350-27-18x12.jpg 18w\" sizes=\"(max-width: 500px) 100vw, 500px\" \/><figcaption class=\"wp-element-caption\">Tedd gyorsabb\u00e1 a telefonod ezekkel az alkalmaz\u00e1sokkal!<\/figcaption><\/figure><\/div>\n\n\n<h2 class=\"wp-block-heading\">Az optimaliz\u00e1lt mobiltelefon tov\u00e1bbi el\u0151nyei<\/h2>\n\n\n\n<ul>\n<li>Gyorsabb sebess\u00e9g mindenhez: alkalmaz\u00e1sok megnyit\u00e1s\u00e1hoz, b\u00f6ng\u00e9sz\u00e9shez, j\u00e1t\u00e9khoz, vide\u00f3k megtekint\u00e9s\u00e9hez<\/li>\n\n\n\n<li>T\u00f6bb szabad hely f\u00e9nyk\u00e9peknek, vide\u00f3knak \u00e9s zen\u00e9knek<\/li>\n\n\n\n<li>Hosszabb \u00fczemidej\u0171 akkumul\u00e1tor<\/li>\n\n\n\n<li>Kevesebb stressz \u00e9s frusztr\u00e1ci\u00f3 a mobiltelefon haszn\u00e1lata sor\u00e1n<\/li>\n\n\n\n<li>Fokozott biztons\u00e1g a szem\u00e9tf\u00e1jlok vagy fenyeget\u00e9sek ellen<\/li>\n<\/ul>\n\n\n\n<h2 class=\"wp-block-heading\">Igaz t\u00f6rt\u00e9netek, amelyek inspir\u00e1lnak<\/h2>\n\n\n\n<p>\u201eNem tudtam, hogy a telefonom rendbet\u00e9tele ennyire fontos. Azt hittem, csak a fot\u00f3k t\u00f6rl\u00e9s\u00e9vel van dolgom. De ezek az alkalmaz\u00e1sok mindent megmutattak, ami helyet foglal, an\u00e9lk\u00fcl, hogy tudtam volna.\u201d <strong>Ram\u00f3n, 47 \u00e9ves<\/strong><\/p>\n\n\n\n<p>\u201eEnnek a cikknek k\u00f6sz\u00f6nhet\u0151en telep\u00edtettem az AVG Cleanert ap\u00e1m telefonj\u00e1ra. Boldog, mert azt mondja, hogy \u201e\u00fajj\u00e1sz\u00fcletett\u201d.\u201d \u2013 <strong>Di\u00e1na, 35 \u00e9ves<\/strong><\/p>\n\n\n\n<p>\u201e\u00c9vek \u00f3ta haszn\u00e1lom a CCleanert. Soha nem okozott csal\u00f3d\u00e1st. Mindig aj\u00e1nlom.\u201d \u2013 <strong>Julio, 58 \u00e9ves<\/strong><\/p>\n\n\n\n<h2 class=\"wp-block-heading\">Melyik alkalmaz\u00e1st \u00e9rdemes v\u00e1lasztani?<\/h2>\n\n\n\n<ul>\n<li>\u00daj vagy ebben \u00e9s valami egyszer\u0171re v\u00e1gysz? Pr\u00f3b\u00e1ld ki. <strong>Nox tiszt\u00edt\u00f3szer<\/strong><\/li>\n\n\n\n<li>Szeretsz mindent tudni, ami a mobilodon t\u00f6rt\u00e9nik? V\u00e1lassz <strong>CCleaner<\/strong><\/li>\n\n\n\n<li>Szeretn\u00e9d elfelejteni a probl\u00e9m\u00e1t? Telep\u00edtsd <strong>AVG tiszt\u00edt\u00f3<\/strong><\/li>\n<\/ul>\n\n\n\n<p>Nem kell mind a h\u00e1rmat kipr\u00f3b\u00e1lnod. M\u00e1r eggyel is \u00e9rezni fogod a k\u00fcl\u00f6nbs\u00e9get. \u00c9s ha nem vagy el\u00e9gedett, k\u00f6nnyen elt\u00e1vol\u00edthatod. Mindegyik ingyenes!<\/p>\n\n\n\n<h2 class=\"wp-block-heading\">Cselekedj m\u00e9g ma!<\/h2>\n\n\n\n<p>Ne v\u00e1rd meg, am\u00edg a telefonod lefagy egy fontos pillanatban. Most m\u00e1r tudod, hogy gyorsabban, hat\u00e9konyabban \u00e9s biztons\u00e1gosabban is megteheted. <strong>csak telep\u00edteni kell egy ilyen tiszt\u00edt\u00f3alkalmaz\u00e1st<\/strong>Nincs sz\u00fcks\u00e9ged szakember seg\u00edts\u00e9g\u00e9re. Csak d\u00f6ntened kell \u00e9s cselekedned.<\/p>\n\n\n\n<p>Ne feledd:<\/p>\n\n\n\n<ul>\n<li>N\u00f6velje a sebess\u00e9get m\u00e1sodpercek alatt<\/li>\n\n\n\n<li>Szabad\u00edtson fel t\u00e1rhelyet an\u00e9lk\u00fcl, hogy t\u00f6r\u00f6ln\u00e9 a fontos dolgokat<\/li>\n\n\n\n<li>\u00c9lvezd jobban a mobiltelefonodat minden nap<\/li>\n<\/ul>\n\n\n\n<p>Kattints a linkre, telep\u00edtsd a kedvenc alkalmaz\u00e1sodat, \u00e9s m\u00e1ris \u00e9lvezheted az \u00fajszer\u0171 telefonodat. Ingyenes, gyors \u00e9s hat\u00e9kony!<\/p>\n\n\n\n<hr class=\"wp-block-separator has-alpha-channel-opacity\" \/>\n\n\n\n<p><strong>F\u0151 kulcssz\u00f3:<\/strong> <em>A telefonom nagyon gyors ezekkel a tiszt\u00edt\u00f3alkalmaz\u00e1sokkal<\/em><br><strong>C\u00edmk\u00e9k:<\/strong> Lass\u00fa mobiltelefon, Android tiszt\u00edt\u00e1s, alkalmaz\u00e1sok a mobiltelefon gyors\u00edt\u00e1s\u00e1ra, t\u00e1rhely felszabad\u00edt\u00e1sa, Android optimaliz\u00e1l\u00e1sa<\/p>\n\n\n\n<p>Ha szeretn\u00e9d, adapt\u00e1lhatod ezt a cikket egy m\u00e1sik, hasonl\u00f3 fel\u00e9p\u00edt\u00e9s\u0171 t\u00e9m\u00e1hoz, vagy l\u00e9trehozhatsz egy HTML verzi\u00f3t a WordPressben val\u00f3 k\u00f6zvetlen k\u00f6zz\u00e9t\u00e9telhez. Csak k\u00e9rdezz!<\/p>","protected":false},"excerpt":{"rendered":"<p>\u00bfTu celular anda lento? \u00a1Tenemos la soluci\u00f3n! \u00bfQu\u00e9 desea? \u00a1Permanecer\u00e1 en el mismo sitio! Mi celular muy veloz con estos apps de limpieza es m\u00e1s que un sue\u00f1o, es una realidad que puedes alcanzar hoy mismo. No necesitas ser experto en tecnolog\u00eda ni pagar por un t\u00e9cnico. Solo necesitas tu celular y unos minutos de [&hellip;]<\/p>","protected":false},"author":139,"featured_media":666,"comment_status":"closed","ping_status":"open","sticky":false,"template":"","format":"standard","meta":{"footnotes":""},"categories":[4],"tags":[352,390,420,421,355],"yoast_head":"<!-- This site is optimized with the Yoast SEO plugin v23.3 - https:\/\/yoast.com\/wordpress\/plugins\/seo\/ -->\n<title>\u00a1Haz que tu celular sea mucho m\u00e1s veloz con estos apps! - Blog Universo Fam\u00edlia<\/title>\n<meta name=\"description\" content=\"\u00a1Haz que tu celular sea mucho m\u00e1s veloz con estos apps! Mi celular muy veloz con estos apps de limpieza es m\u00e1s que un sue\u00f1o...\" \/>\n<meta name=\"robots\" content=\"index, follow, max-snippet:-1, max-image-preview:large, max-video-preview:-1\" \/>\n<link rel=\"canonical\" href=\"https:\/\/blog.universofamilia.com\/hu\/haz-que-tu-celular-sea-mucho-mas-veloz-con-estos-apps\/\" \/>\n<meta property=\"og:locale\" content=\"hu_HU\" \/>\n<meta property=\"og:type\" content=\"article\" \/>\n<meta property=\"og:title\" content=\"\u00a1Haz que tu celular sea mucho m\u00e1s veloz con estos apps! - Blog Universo Fam\u00edlia\" \/>\n<meta property=\"og:description\" content=\"\u00a1Haz que tu celular sea mucho m\u00e1s veloz con estos apps! Mi celular muy veloz con estos apps de limpieza es m\u00e1s que un sue\u00f1o...\" \/>\n<meta property=\"og:url\" content=\"https:\/\/blog.universofamilia.com\/hu\/haz-que-tu-celular-sea-mucho-mas-veloz-con-estos-apps\/\" \/>\n<meta property=\"og:site_name\" content=\"Blog Universo Fam\u00edlia\" \/>\n<meta property=\"article:published_time\" content=\"2025-04-07T13:14:45+00:00\" \/>\n<meta property=\"article:modified_time\" content=\"2025-04-07T13:14:47+00:00\" \/>\n<meta property=\"og:image\" content=\"https:\/\/blog.universofamilia.com\/wp-content\/uploads\/sites\/154\/2025\/04\/DESTAQUE-BLOG-UNIVERSO-550-x-350-27.jpg\" \/>\n\t<meta property=\"og:image:width\" content=\"500\" \/>\n\t<meta property=\"og:image:height\" content=\"350\" \/>\n\t<meta property=\"og:image:type\" content=\"image\/jpeg\" \/>\n<meta name=\"author\" content=\"Pedro Henrique\" \/>\n<meta name=\"twitter:card\" content=\"summary_large_image\" \/>\n<meta name=\"twitter:label1\" content=\"Written by\" \/>\n\t<meta name=\"twitter:data1\" content=\"Pedro Henrique\" \/>\n\t<meta name=\"twitter:label2\" content=\"Est. reading time\" \/>\n\t<meta name=\"twitter:data2\" content=\"10 perc\" \/>\n<script type=\"application\/ld+json\" class=\"yoast-schema-graph\">{\"@context\":\"https:\/\/schema.org\",\"@graph\":[{\"@type\":\"WebPage\",\"@id\":\"https:\/\/blog.universofamilia.com\/it\/haz-que-tu-celular-sea-mucho-mas-veloz-con-estos-apps\/\",\"url\":\"https:\/\/blog.universofamilia.com\/it\/haz-que-tu-celular-sea-mucho-mas-veloz-con-estos-apps\/\",\"name\":\"\u00a1Haz que tu celular sea mucho m\u00e1s veloz con estos apps! - Blog Universo Fam\u00edlia\",\"isPartOf\":{\"@id\":\"https:\/\/blog.universofamilia.com\/ko\/#website\"},\"primaryImageOfPage\":{\"@id\":\"https:\/\/blog.universofamilia.com\/it\/haz-que-tu-celular-sea-mucho-mas-veloz-con-estos-apps\/#primaryimage\"},\"image\":{\"@id\":\"https:\/\/blog.universofamilia.com\/it\/haz-que-tu-celular-sea-mucho-mas-veloz-con-estos-apps\/#primaryimage\"},\"thumbnailUrl\":\"https:\/\/blog.universofamilia.com\/wp-content\/uploads\/sites\/154\/2025\/04\/DESTAQUE-BLOG-UNIVERSO-550-x-350-27.jpg\",\"datePublished\":\"2025-04-07T13:14:45+00:00\",\"dateModified\":\"2025-04-07T13:14:47+00:00\",\"author\":{\"@id\":\"https:\/\/blog.universofamilia.com\/ko\/#\/schema\/person\/f07ce98187dd84d31154262e79b3b7ca\"},\"description\":\"\u00a1Haz que tu celular sea mucho m\u00e1s veloz con estos apps! Mi celular muy veloz con estos apps de limpieza es m\u00e1s que un sue\u00f1o...\",\"breadcrumb\":{\"@id\":\"https:\/\/blog.universofamilia.com\/it\/haz-que-tu-celular-sea-mucho-mas-veloz-con-estos-apps\/#breadcrumb\"},\"inLanguage\":\"hu\",\"potentialAction\":[{\"@type\":\"ReadAction\",\"target\":[\"https:\/\/blog.universofamilia.com\/it\/haz-que-tu-celular-sea-mucho-mas-veloz-con-estos-apps\/\"]}]},{\"@type\":\"ImageObject\",\"inLanguage\":\"hu\",\"@id\":\"https:\/\/blog.universofamilia.com\/it\/haz-que-tu-celular-sea-mucho-mas-veloz-con-estos-apps\/#primaryimage\",\"url\":\"https:\/\/blog.universofamilia.com\/wp-content\/uploads\/sites\/154\/2025\/04\/DESTAQUE-BLOG-UNIVERSO-550-x-350-27.jpg\",\"contentUrl\":\"https:\/\/blog.universofamilia.com\/wp-content\/uploads\/sites\/154\/2025\/04\/DESTAQUE-BLOG-UNIVERSO-550-x-350-27.jpg\",\"width\":500,\"height\":350,\"caption\":\"\u00a1Haz que tu celular sea mucho m\u00e1s veloz con estos apps!\"},{\"@type\":\"BreadcrumbList\",\"@id\":\"https:\/\/blog.universofamilia.com\/it\/haz-que-tu-celular-sea-mucho-mas-veloz-con-estos-apps\/#breadcrumb\",\"itemListElement\":[{\"@type\":\"ListItem\",\"position\":1,\"name\":\"Home\",\"item\":\"https:\/\/blog.universofamilia.com\/ko\/\"},{\"@type\":\"ListItem\",\"position\":2,\"name\":\"\u00a1Haz que tu celular sea mucho m\u00e1s veloz con estos apps!\"}]},{\"@type\":\"WebSite\",\"@id\":\"https:\/\/blog.universofamilia.com\/ko\/#website\",\"url\":\"https:\/\/blog.universofamilia.com\/ko\/\",\"name\":\"Blog Universo Fam\u00edlia\",\"description\":\"\",\"potentialAction\":[{\"@type\":\"SearchAction\",\"target\":{\"@type\":\"EntryPoint\",\"urlTemplate\":\"https:\/\/blog.universofamilia.com\/ko\/?s={search_term_string}\"},\"query-input\":\"required name=search_term_string\"}],\"inLanguage\":\"hu\"},{\"@type\":\"Person\",\"@id\":\"https:\/\/blog.universofamilia.com\/ko\/#\/schema\/person\/f07ce98187dd84d31154262e79b3b7ca\",\"name\":\"Pedro Henrique\",\"image\":{\"@type\":\"ImageObject\",\"inLanguage\":\"hu\",\"@id\":\"https:\/\/blog.universofamilia.com\/ko\/#\/schema\/person\/image\/\",\"url\":\"https:\/\/secure.gravatar.com\/avatar\/9edfeb808cb4e1599f64d6e45b130154?s=96&d=mm&r=g\",\"contentUrl\":\"https:\/\/secure.gravatar.com\/avatar\/9edfeb808cb4e1599f64d6e45b130154?s=96&d=mm&r=g\",\"caption\":\"Pedro Henrique\"},\"url\":\"https:\/\/blog.universofamilia.com\/hu\/author\/editor01\/\"}]}<\/script>\n<!-- \/ Yoast SEO plugin. -->","yoast_head_json":{"title":"\u00a1Haz que tu celular sea mucho m\u00e1s veloz con estos apps! - Blog Universo Fam\u00edlia","description":"\u00a1Haz que tu celular sea mucho m\u00e1s veloz con estos apps! Mi celular muy veloz con estos apps de limpieza es m\u00e1s que un sue\u00f1o...","robots":{"index":"index","follow":"follow","max-snippet":"max-snippet:-1","max-image-preview":"max-image-preview:large","max-video-preview":"max-video-preview:-1"},"canonical":"https:\/\/blog.universofamilia.com\/hu\/haz-que-tu-celular-sea-mucho-mas-veloz-con-estos-apps\/","og_locale":"hu_HU","og_type":"article","og_title":"\u00a1Haz que tu celular sea mucho m\u00e1s veloz con estos apps! - Blog Universo Fam\u00edlia","og_description":"\u00a1Haz que tu celular sea mucho m\u00e1s veloz con estos apps! Mi celular muy veloz con estos apps de limpieza es m\u00e1s que un sue\u00f1o...","og_url":"https:\/\/blog.universofamilia.com\/hu\/haz-que-tu-celular-sea-mucho-mas-veloz-con-estos-apps\/","og_site_name":"Blog Universo Fam\u00edlia","article_published_time":"2025-04-07T13:14:45+00:00","article_modified_time":"2025-04-07T13:14:47+00:00","og_image":[{"width":500,"height":350,"url":"https:\/\/blog.universofamilia.com\/wp-content\/uploads\/sites\/154\/2025\/04\/DESTAQUE-BLOG-UNIVERSO-550-x-350-27.jpg","type":"image\/jpeg"}],"author":"Pedro Henrique","twitter_card":"summary_large_image","twitter_misc":{"Written by":"Pedro Henrique","Est. reading time":"10 perc"},"schema":{"@context":"https:\/\/schema.org","@graph":[{"@type":"WebPage","@id":"https:\/\/blog.universofamilia.com\/it\/haz-que-tu-celular-sea-mucho-mas-veloz-con-estos-apps\/","url":"https:\/\/blog.universofamilia.com\/it\/haz-que-tu-celular-sea-mucho-mas-veloz-con-estos-apps\/","name":"\u00a1Haz que tu celular sea mucho m\u00e1s veloz con estos apps! - Blog Universo Fam\u00edlia","isPartOf":{"@id":"https:\/\/blog.universofamilia.com\/ko\/#website"},"primaryImageOfPage":{"@id":"https:\/\/blog.universofamilia.com\/it\/haz-que-tu-celular-sea-mucho-mas-veloz-con-estos-apps\/#primaryimage"},"image":{"@id":"https:\/\/blog.universofamilia.com\/it\/haz-que-tu-celular-sea-mucho-mas-veloz-con-estos-apps\/#primaryimage"},"thumbnailUrl":"https:\/\/blog.universofamilia.com\/wp-content\/uploads\/sites\/154\/2025\/04\/DESTAQUE-BLOG-UNIVERSO-550-x-350-27.jpg","datePublished":"2025-04-07T13:14:45+00:00","dateModified":"2025-04-07T13:14:47+00:00","author":{"@id":"https:\/\/blog.universofamilia.com\/ko\/#\/schema\/person\/f07ce98187dd84d31154262e79b3b7ca"},"description":"\u00a1Haz que tu celular sea mucho m\u00e1s veloz con estos apps! Mi celular muy veloz con estos apps de limpieza es m\u00e1s que un sue\u00f1o...","breadcrumb":{"@id":"https:\/\/blog.universofamilia.com\/it\/haz-que-tu-celular-sea-mucho-mas-veloz-con-estos-apps\/#breadcrumb"},"inLanguage":"hu","potentialAction":[{"@type":"ReadAction","target":["https:\/\/blog.universofamilia.com\/it\/haz-que-tu-celular-sea-mucho-mas-veloz-con-estos-apps\/"]}]},{"@type":"ImageObject","inLanguage":"hu","@id":"https:\/\/blog.universofamilia.com\/it\/haz-que-tu-celular-sea-mucho-mas-veloz-con-estos-apps\/#primaryimage","url":"https:\/\/blog.universofamilia.com\/wp-content\/uploads\/sites\/154\/2025\/04\/DESTAQUE-BLOG-UNIVERSO-550-x-350-27.jpg","contentUrl":"https:\/\/blog.universofamilia.com\/wp-content\/uploads\/sites\/154\/2025\/04\/DESTAQUE-BLOG-UNIVERSO-550-x-350-27.jpg","width":500,"height":350,"caption":"\u00a1Haz que tu celular sea mucho m\u00e1s veloz con estos apps!"},{"@type":"BreadcrumbList","@id":"https:\/\/blog.universofamilia.com\/it\/haz-que-tu-celular-sea-mucho-mas-veloz-con-estos-apps\/#breadcrumb","itemListElement":[{"@type":"ListItem","position":1,"name":"Home","item":"https:\/\/blog.universofamilia.com\/ko\/"},{"@type":"ListItem","position":2,"name":"\u00a1Haz que tu celular sea mucho m\u00e1s veloz con estos apps!"}]},{"@type":"WebSite","@id":"https:\/\/blog.universofamilia.com\/ko\/#website","url":"https:\/\/blog.universofamilia.com\/ko\/","name":"Blog Universo Fam\u00edlia","description":"","potentialAction":[{"@type":"SearchAction","target":{"@type":"EntryPoint","urlTemplate":"https:\/\/blog.universofamilia.com\/ko\/?s={search_term_string}"},"query-input":"required name=search_term_string"}],"inLanguage":"hu"},{"@type":"Person","@id":"https:\/\/blog.universofamilia.com\/ko\/#\/schema\/person\/f07ce98187dd84d31154262e79b3b7ca","name":"Pedro Henrique","image":{"@type":"ImageObject","inLanguage":"hu","@id":"https:\/\/blog.universofamilia.com\/ko\/#\/schema\/person\/image\/","url":"https:\/\/secure.gravatar.com\/avatar\/9edfeb808cb4e1599f64d6e45b130154?s=96&d=mm&r=g","contentUrl":"https:\/\/secure.gravatar.com\/avatar\/9edfeb808cb4e1599f64d6e45b130154?s=96&d=mm&r=g","caption":"Pedro Henrique"},"url":"https:\/\/blog.universofamilia.com\/hu\/author\/editor01\/"}]}},"_links":{"self":[{"href":"https:\/\/blog.universofamilia.com\/hu\/wp-json\/wp\/v2\/posts\/658"}],"collection":[{"href":"https:\/\/blog.universofamilia.com\/hu\/wp-json\/wp\/v2\/posts"}],"about":[{"href":"https:\/\/blog.universofamilia.com\/hu\/wp-json\/wp\/v2\/types\/post"}],"author":[{"embeddable":true,"href":"https:\/\/blog.universofamilia.com\/hu\/wp-json\/wp\/v2\/users\/139"}],"replies":[{"embeddable":true,"href":"https:\/\/blog.universofamilia.com\/hu\/wp-json\/wp\/v2\/comments?post=658"}],"version-history":[{"count":2,"href":"https:\/\/blog.universofamilia.com\/hu\/wp-json\/wp\/v2\/posts\/658\/revisions"}],"predecessor-version":[{"id":668,"href":"https:\/\/blog.universofamilia.com\/hu\/wp-json\/wp\/v2\/posts\/658\/revisions\/668"}],"wp:featuredmedia":[{"embeddable":true,"href":"https:\/\/blog.universofamilia.com\/hu\/wp-json\/wp\/v2\/media\/666"}],"wp:attachment":[{"href":"https:\/\/blog.universofamilia.com\/hu\/wp-json\/wp\/v2\/media?parent=658"}],"wp:term":[{"taxonomy":"category","embeddable":true,"href":"https:\/\/blog.universofamilia.com\/hu\/wp-json\/wp\/v2\/categories?post=658"},{"taxonomy":"post_tag","embeddable":true,"href":"https:\/\/blog.universofamilia.com\/hu\/wp-json\/wp\/v2\/tags?post=658"}],"curies":[{"name":"wp","href":"https:\/\/api.w.org\/{rel}","templated":true}]}}