{"id":656,"date":"2025-04-07T12:41:26","date_gmt":"2025-04-07T12:41:26","guid":{"rendered":"https:\/\/blog.universofamilia.com\/?p=656"},"modified":"2025-04-07T12:41:27","modified_gmt":"2025-04-07T12:41:27","slug":"estas-siendo-observado-y-no-lo-sabes","status":"publish","type":"post","link":"https:\/\/blog.universofamilia.com\/hu\/estas-siendo-observado-y-no-lo-sabes\/","title":{"rendered":"Figyelnek, \u00e9s te nem tudsz r\u00f3la?"},"content":{"rendered":"<h3 class=\"wp-block-heading has-text-align-center\">K\u00edv\u00e1ncsi vagy, hogy ki ellen\u0151rzi a profilodat<\/h3>\n\n\n\n<p><\/p>\n\n\n\n<h5 class=\"wp-block-heading has-text-align-center\"><strong><mark class=\"has-inline-color has-vivid-cyan-blue-color\">V\u00e1lasszon egyet a lehet\u0151s\u00e9gek k\u00f6z\u00fcl!<\/mark><\/strong><\/h5>\n\n\n    <section class=\"mx-1 my-10\">\n                                                <a href=\"https:\/\/blog.universofamilia.com\/hu\/aplicativo-para-saber-quien-visita-mi-perfil\/\" class=\"text-white\" data-analytics-label=\"optionsButton\"\n                    data-action=\"analytics#trackCTA\">\n                    <div data-options-target=\"option\"\n                        class=\"custom-section rounded-xl border p-3 shadow-md w-full bg-green-700 my-3\">\n                        <div class=\"flex w-full items-center justify-between\">\n                            <div class=\"flex items-center space-x-3\">\n                                <div class=\"text-lg font-bold\">\n                                    Alkalmaz\u00e1s, amivel megtudhatom, ki l\u00e1togatja a profilomat? \u279d\n                                <\/div>\n                            <\/div>\n                        <\/div>\n                    <\/div>\n                <\/a>\n                                                            <a href=\"https:\/\/blog.universofamilia.com\/hu\/aplicativo-google-mensaje\/\" class=\"text-white\" data-analytics-label=\"optionsButton\"\n                    data-action=\"analytics#trackCTA\">\n                    <div data-options-target=\"option\"\n                        class=\"custom-section rounded-xl border p-3 shadow-md w-full bg-green-700 my-3\">\n                        <div class=\"flex w-full items-center justify-between\">\n                            <div class=\"flex items-center space-x-3\">\n                                <div class=\"text-lg font-bold\">\n                                    Csal\u00e1di besz\u00e9lget\u00e9sek monitoroz\u00e1sa \u279d\n                                <\/div>\n                            <\/div>\n                        <\/div>\n                    <\/div>\n                <\/a>\n                                                            <a href=\"https:\/\/blog.universofamilia.com\/hu\/app-para-localizar-celular-perdido-en-cualquier-lugar\/\" class=\"text-white\" data-analytics-label=\"optionsButton\"\n                    data-action=\"analytics#trackCTA\">\n                    <div data-options-target=\"option\"\n                        class=\"custom-section rounded-xl border p-3 shadow-md w-full bg-green-700 my-3\">\n                        <div class=\"flex w-full items-center justify-between\">\n                            <div class=\"flex items-center space-x-3\">\n                                <div class=\"text-lg font-bold\">\n                                    B\u00e1rmelyik mobiltelefont megtal\u00e1lja \u279d\n                                <\/div>\n                            <\/div>\n                        <\/div>\n                    <\/div>\n                <\/a>\n                            <p class=\"text-xs text-gray-500 text-right hidden\"\n            style=\"margin-left: 50%; margin-bottom: 50px; margin-top: 5px;\">\n            <!-- You will be redirected to another website -->\n        <\/p>\n    <\/section>\n\n\n\n\n<p><\/p>\n\n\n\n<p><strong><a href=\"https:\/\/blog.universofamilia.com\/hu\/descubre-quien-ve-tu-perfil-en-instagram-y-facebook\/\">Kik l\u00e1togatj\u00e1k a profilomat?<\/a><\/strong> Ha valaha is feltetted magadnak ezt a k\u00e9rd\u00e9st, nem vagy egyed\u00fcl.<\/p>\n\n\n\n<p>Sokan k\u00edv\u00e1ncsiak arra, hogy kik b\u00f6ng\u00e9szik a k\u00f6z\u00f6ss\u00e9gi m\u00e9di\u00e1jukat an\u00e9lk\u00fcl, hogy nyomot hagyn\u00e1nak.<\/p>\n\n\n\n<p>\u00c9szrevetted m\u00e1r, hogy bizonyos emberek mindig megjelennek k\u00f6zvetlen\u00fcl azut\u00e1n, hogy posztolsz valamit? Tal\u00e1n ez nem v\u00e9letlen.<\/p>\n\n\n\n<p>Ez a cikk seg\u00edt meg\u00e9rteni, hogyan fedhetik fel egyes alkalmaz\u00e1sok, hogy ki k\u00e9mkedik ut\u00e1nad a k\u00f6z\u00f6ss\u00e9gi m\u00e9di\u00e1ban... \u00e9s hogyan v\u00e9dheted meg a szem\u00e9lyes adataidat is.<\/p>\n\n\n\n<p>K\u00e9sz\u00fclj fel hihetetlen eszk\u00f6z\u00f6k felfedez\u00e9s\u00e9re, amelyek felnyitj\u00e1k a szemed. K\u00e9szen \u00e1llsz a kezd\u00e9sre?<\/p>\n\n\n\n<p><\/p>\n\n\n\n<hr class=\"wp-block-separator has-alpha-channel-opacity is-style-wide\" \/>\n\n\n\n<h2 class=\"wp-block-heading has-text-align-center\"><mark class=\"has-inline-color has-luminous-vivid-orange-color\"><a href=\"https:\/\/blog.universofamilia.com\/hu\/zumba-en-casa-descubre-la-diversion-de-bailar\/\">Olvasd el ezt is<\/a><\/mark><\/h2>\n\n\n    <section class=\"mx-1 my-10\">\n                                                <a href=\"https:\/\/blog.universofamilia.com\/hu\/aplicaciones-de-citas\/\" class=\"text-white\" data-analytics-label=\"optionsButton\"\n                    data-action=\"analytics#trackCTA\">\n                    <div data-options-target=\"option\"\n                        class=\"custom-section rounded-xl border p-3 shadow-md w-full bg-green-700 my-3\">\n                        <div class=\"flex w-full items-center justify-between\">\n                            <div class=\"flex items-center space-x-3\">\n                                <div class=\"text-lg font-bold\">\n                                    Randialkalmaz\u00e1sok \u279d\n                                <\/div>\n                            <\/div>\n                        <\/div>\n                    <\/div>\n                <\/a>\n                                                            <a href=\"https:\/\/blog.universofamilia.com\/hu\/descubre-quien-ve-tu-perfil-en-instagram-y-facebook\/\" class=\"text-white\" data-analytics-label=\"optionsButton\"\n                    data-action=\"analytics#trackCTA\">\n                    <div data-options-target=\"option\"\n                        class=\"custom-section rounded-xl border p-3 shadow-md w-full bg-green-700 my-3\">\n                        <div class=\"flex w-full items-center justify-between\">\n                            <div class=\"flex items-center space-x-3\">\n                                <div class=\"text-lg font-bold\">\n                                    Tudd meg, kik n\u00e9zik meg a profilodat \u279d\n                                <\/div>\n                            <\/div>\n                        <\/div>\n                    <\/div>\n                <\/a>\n                                                            <a href=\"https:\/\/blog.universofamilia.com\/hu\/santa-biblia-ave-maria\/\" class=\"text-white\" data-analytics-label=\"optionsButton\"\n                    data-action=\"analytics#trackCTA\">\n                    <div data-options-target=\"option\"\n                        class=\"custom-section rounded-xl border p-3 shadow-md w-full bg-green-700 my-3\">\n                        <div class=\"flex w-full items-center justify-between\">\n                            <div class=\"flex items-center space-x-3\">\n                                <div class=\"text-lg font-bold\">\n                                    Szent Biblia \u00dcdv\u00f6zl\u00e9gy M\u00e1ria \u279d\n                                <\/div>\n                            <\/div>\n                        <\/div>\n                    <\/div>\n                <\/a>\n                            <p class=\"text-xs text-gray-500 text-right hidden\"\n            style=\"margin-left: 50%; margin-bottom: 50px; margin-top: 5px;\">\n            <!-- You will be redirected to another website -->\n        <\/p>\n    <\/section>\n\n\n\n\n<p class=\"has-text-align-right\"><em><strong><em><strong><em><strong><em><strong><em><strong>Ugyanott fog maradni!<\/strong><\/em><\/strong><\/em><\/strong><\/em><\/strong><\/em><\/strong><\/em><\/p>\n\n\n\n<hr class=\"wp-block-separator has-alpha-channel-opacity is-style-wide\" \/>\n\n\n\n<p><\/p>\n\n\n\n<h2 class=\"wp-block-heading\">\ud83d\udd75\ufe0f\u200d\u2640\ufe0f Ki l\u00e1togatja a profilomat? Meg lehet ezt \u00e1llap\u00edtani?<\/h2>\n\n\n\n<h3 class=\"wp-block-heading\">A csendes vizualiz\u00e1ci\u00f3k m\u00f6g\u00f6tt rejl\u0151 rejt\u00e9ly<\/h3>\n\n\n\n<p>B\u00e1r a legt\u00f6bb k\u00f6z\u00f6ss\u00e9gi h\u00e1l\u00f3zat nem teszi lehet\u0151v\u00e9, hogy k\u00f6zvetlen\u00fcl l\u00e1sd, kik tekintik meg a profilodat, vannak <strong>alkalmaz\u00e1sok, amelyekkel megtudhatod, ki l\u00e1togatja meg a profilodat<\/strong> amelyek elemzik a viselked\u00e9si mint\u00e1kat, az interakci\u00f3kat, a t\u00f6rt\u00e9neteiddel kapcsolatos n\u00e9zeteket \u00e9s egy\u00e9b adatokat.<\/p>\n\n\n\n<p>Ezek az alkalmaz\u00e1sok nem var\u00e1zslatosak, de algoritmusokat haszn\u00e1lnak, hogy el\u00e9g pontos nyomokat adjanak. P\u00e9ld\u00e1ul:<\/p>\n\n\n\n<ul>\n<li>Ki l\u00e1jkol minden poszt ut\u00e1n?<\/li>\n\n\n\n<li>Aki l\u00e1tja a t\u00f6rt\u00e9neteidet, de sosem l\u00e9p kapcsolatba vel\u00fck<\/li>\n\n\n\n<li>Aki gyakran kommentel, m\u00e9g r\u00e9gi bejegyz\u00e9sekhez is<\/li>\n<\/ul>\n\n\n\n<h3 class=\"wp-block-heading\">Mi\u00e9rt akarna b\u00e1rki is k\u00e9mkedni ut\u00e1nad?<\/h3>\n\n\n\n<p>Az okok sokf\u00e9l\u00e9k lehetnek:<\/p>\n\n\n\n<ul>\n<li><strong>K\u00edv\u00e1ncsis\u00e1g<\/strong> (volt partnerek, r\u00e9gi bar\u00e1tok\u2026)<\/li>\n\n\n\n<li><strong>Szakmai kompetencia<\/strong><\/li>\n\n\n\n<li><strong>Romantikus \u00e9rdekl\u0151d\u00e9s\u0171 emberek<\/strong><\/li>\n\n\n\n<li>Vagy egyszer\u0171en\u2026 olyan emberek, akiknek sok szabadidej\u00fck van<\/li>\n<\/ul>\n\n\n\n<p>A megfelel\u0151 eszk\u00f6z\u00f6kkel \u00e9szlelheti ezeket a rejtett viselked\u00e9si form\u00e1kat, \u00e9s eld\u00f6ntheti, mit kezdjen ezekkel az inform\u00e1ci\u00f3kkal.<\/p>\n\n\n\n<h2 class=\"wp-block-heading\">\ud83d\udcf1 A legjobb alkalmaz\u00e1sok, amelyekkel megtudhatod, kik tekintik meg a profilodat<\/h2>\n\n\n\n<p>K\u00f6vetkez\u0151k\u00e9nt bemutatjuk \u00d6nnek <strong>3 megb\u00edzhat\u00f3 alkalmaz\u00e1s<\/strong> hogy megtudd, kik n\u00e9znek r\u00e1d a k\u00f6z\u00f6ss\u00e9gi m\u00e9di\u00e1ban. Mindegyik el\u00e9rhet\u0151 a Google Playen, \u00e9s n\u00e9pszer\u0171s\u00e9g\u00fck, pozit\u00edv \u00e9rt\u00e9kel\u00e9seik \u00e9s k\u00f6nny\u0171 haszn\u00e1lhat\u00f3s\u00e1guk alapj\u00e1n lettek kiv\u00e1lasztva.<\/p>\n\n\n\n<h3 class=\"wp-block-heading\">1. <strong>FollowMeter az Instagramhoz<\/strong><\/h3>\n\n\n\n<p><a href=\"https:\/\/followers-unfollowers.en.softonic.com\/android\">\ud83d\udd17 T\u00f6ltse le a FollowMetert<\/a><\/p>\n\n\n\n<p>A FollowMeter az egyik leg\u00e1tfog\u00f3bb Instagram alkalmaz\u00e1s. R\u00e9szletes statisztik\u00e1kat elemez, \u00e9s megmutatja, hogy mely felhaszn\u00e1l\u00f3k:<\/p>\n\n\n\n<ul>\n<li>N\u00e9zd meg a t\u00f6rt\u00e9neteidet an\u00e9lk\u00fcl, hogy k\u00f6vetn\u00e9lek t\u00e9ged<\/li>\n\n\n\n<li>Abbahagyj\u00e1k a k\u00f6vet\u00e9sed<\/li>\n\n\n\n<li>Sokat kommunik\u00e1lnak (vagy egy\u00e1ltal\u00e1n nem!)<\/li>\n<\/ul>\n\n\n\n<p>Szellemk\u00f6vet\u0151idet is l\u00e1thatod, \u00e9s felfedezheted <strong>ki k\u00e9mkedik ut\u00e1nad a k\u00f6z\u00f6ss\u00e9gi oldalakon<\/strong> an\u00e9lk\u00fcl, hogy tudn\u00e1l.<\/p>\n\n\n\n<p>\u2705 Ide\u00e1lis akt\u00edv Instagram-felhaszn\u00e1l\u00f3k sz\u00e1m\u00e1ra<br><strong><mark class=\"has-inline-color has-luminous-vivid-amber-color\"><strong><mark class=\"has-inline-color has-luminous-vivid-amber-color\"><a>\ud83d\udc49 <\/a><\/mark><\/strong><\/mark><\/strong>Intuit\u00edv \u00e9s gyors kezel\u0151fel\u00fclet<br>\u2705 Val\u00f3s idej\u0171 elemz\u00e9s<\/p>\n\n\n\n<p><\/p>\n\n\n\n<hr class=\"wp-block-separator has-alpha-channel-opacity is-style-wide\" \/>\n\n\n\n<h5 class=\"wp-block-heading has-text-align-left\"><strong><mark class=\"has-inline-color has-luminous-vivid-amber-color\"><strong><mark class=\"has-inline-color has-luminous-vivid-amber-color\"><a>\ud83d\udc49 <\/a><strong><mark class=\"has-inline-color has-luminous-vivid-amber-color\"><strong>T\u00f6ltsd le az alkalmaz\u00e1st:<\/strong><\/mark><\/strong><\/mark><\/strong><\/mark><\/strong><\/h5>\n\n\n    <section class=\"mx-1 my-10\">\n                                                <a href=\"https:\/\/followers-unfollowers.en.softonic.com\/android\" class=\"text-white\" data-analytics-label=\"optionsButton\"\n                    data-action=\"analytics#trackCTA\">\n                    <div data-options-target=\"option\"\n                        class=\"custom-section rounded-xl border p-3 shadow-md w-full bg-green-700 my-3\">\n                        <div class=\"flex w-full items-center justify-between\">\n                            <div class=\"flex items-center space-x-3\">\n                                <div class=\"text-lg font-bold\">\n                                    FollowMeter Instagramra \u279d\n                                <\/div>\n                            <\/div>\n                        <\/div>\n                    <\/div>\n                <\/a>\n                            <p class=\"text-xs text-gray-500 text-right\"\n            style=\"margin-left: 50%; margin-bottom: 50px; margin-top: 5px;\">\n            <!-- You will be redirected to another website -->\n        <\/p>\n    <\/section>\n\n\n\n\n<p class=\"has-text-align-right\"><em><strong><em><strong><em><strong><em><strong><em><strong><em><strong><em><strong><em><strong><em><strong><em><strong>\u00c1t leszel ir\u00e1ny\u00edtva egy m\u00e1sik oldalra!<\/strong><\/em><\/strong><\/em><\/strong><\/em><\/strong><\/em><\/strong><\/em><\/strong><\/em><\/strong><\/em><\/strong><\/em><\/strong><\/em><\/strong><\/em><\/p>\n\n\n\n<hr class=\"wp-block-separator has-alpha-channel-opacity is-style-wide\" \/>\n\n\n\n<p><\/p>\n\n\n\n<h3 class=\"wp-block-heading\">2. <strong>Profilk\u00f6vet\u0151 WhatsApphoz<\/strong><\/h3>\n\n\n\n<p>Azon t\u0171n\u0151dsz, hogy valaki l\u00e1tja-e a WhatsApp profilk\u00e9pedet vagy st\u00e1tuszodat? Ez az alkalmaz\u00e1s seg\u00edthet.<\/p>\n\n\n\n<p>B\u00e1r a WhatsApp nem \u00e1rulja el, hogy kik tekintik meg a profilodat, az alkalmaz\u00e1s azonos\u00edtja az olyan mint\u00e1kat, mint p\u00e9ld\u00e1ul:<\/p>\n\n\n\n<ul>\n<li>Azok a felhaszn\u00e1l\u00f3k, akik gyakran megnyitj\u00e1k a profilodat<\/li>\n\n\n\n<li>Megjelen\u00edt\u00e9si v\u00e1ltoz\u00e1sok<\/li>\n\n\n\n<li>\u00c1llapotok gyors \u00e1ttekint\u00e9se<\/li>\n<\/ul>\n\n\n\n<p>\u2705 T\u00f6k\u00e9letes a WhatsApp figyel\u00e9s\u00e9hez<br><strong><mark class=\"has-inline-color has-luminous-vivid-amber-color\"><strong><mark class=\"has-inline-color has-luminous-vivid-amber-color\"><a>\ud83d\udc49 <\/a><\/mark><\/strong><\/mark><\/strong>K\u00f6nnyen haszn\u00e1lhat\u00f3 b\u00e1rmilyen koroszt\u00e1ly sz\u00e1m\u00e1ra<br>\u2705 Biztons\u00e1gos \u00e9s priv\u00e1t adatok<\/p>\n\n\n\n<p><\/p>\n\n\n\n<hr class=\"wp-block-separator has-alpha-channel-opacity is-style-wide\" \/>\n\n\n\n<h5 class=\"wp-block-heading has-text-align-left\"><strong><mark class=\"has-inline-color has-luminous-vivid-amber-color\"><strong><mark class=\"has-inline-color has-luminous-vivid-amber-color\"><a>\ud83d\udc49 <\/a><strong><mark class=\"has-inline-color has-luminous-vivid-amber-color\"><strong>T\u00f6ltsd le az alkalmaz\u00e1st:<\/strong><\/mark><\/strong><\/mark><\/strong><\/mark><\/strong><\/h5>\n\n\n    <section class=\"mx-1 my-10\">\n                                                <a href=\"https:\/\/who-visited-my-watsapp-profile-whats-track-pro.en.uptodown.com\/android\/download\" class=\"text-white\" data-analytics-label=\"optionsButton\"\n                    data-action=\"analytics#trackCTA\">\n                    <div data-options-target=\"option\"\n                        class=\"custom-section rounded-xl border p-3 shadow-md w-full bg-green-700 my-3\">\n                        <div class=\"flex w-full items-center justify-between\">\n                            <div class=\"flex items-center space-x-3\">\n                                <div class=\"text-lg font-bold\">\n                                    Profilk\u00f6vet\u0151 WhatsApphoz \u279d\n                                <\/div>\n                            <\/div>\n                        <\/div>\n                    <\/div>\n                <\/a>\n                            <p class=\"text-xs text-gray-500 text-right\"\n            style=\"margin-left: 50%; margin-bottom: 50px; margin-top: 5px;\">\n            <!-- You will be redirected to another website -->\n        <\/p>\n    <\/section>\n\n\n\n\n<p class=\"has-text-align-right\"><em><strong><em><strong><em><strong><em><strong><em><strong><em><strong><em><strong><em><strong><em><strong><em><strong>\u00c1t leszel ir\u00e1ny\u00edtva egy m\u00e1sik oldalra!<\/strong><\/em><\/strong><\/em><\/strong><\/em><\/strong><\/em><\/strong><\/em><\/strong><\/em><\/strong><\/em><\/strong><\/em><\/strong><\/em><\/strong><\/em><\/p>\n\n\n\n<hr class=\"wp-block-separator has-alpha-channel-opacity is-style-wide\" \/>\n\n\n\n<p><\/p>\n\n\n\n<h3 class=\"wp-block-heading\">3. <strong>SocialView a Facebookhoz<\/strong><\/h3>\n\n\n\n<p>A SocialView seg\u00edts\u00e9g\u00e9vel k\u00e9pes leszel \u00e9szlelni <strong>Kik n\u00e9zik meg a Facebook profilodat?<\/strong> \u00e9s ki figyeli legink\u00e1bb a bejegyz\u00e9seidet.<\/p>\n\n\n\n<p>Megmutatja neked:<\/p>\n\n\n\n<ul>\n<li>Aki gyakran n\u00e9z r\u00e1d, de soha nem l\u00e9p veled kapcsolatba<\/li>\n\n\n\n<li>A \u201elegjobb k\u00f6vet\u0151k\u201d<\/li>\n\n\n\n<li>A csendes \u201eleskel\u0151k\u201d<\/li>\n<\/ul>\n\n\n\n<p>\u2705 Akkor is m\u0171k\u00f6dik, ha korl\u00e1tozott a Facebook-hozz\u00e1f\u00e9r\u00e9sed<br><strong><mark class=\"has-inline-color has-luminous-vivid-amber-color\"><strong><mark class=\"has-inline-color has-luminous-vivid-amber-color\"><a>\ud83d\udc49 <\/a><\/mark><\/strong><\/mark><\/strong>Ide\u00e1lis azoknak a felhaszn\u00e1l\u00f3knak, akik agg\u00f3dnak az adatv\u00e9delm\u00fck miatt<br>\u2705 K\u00f6nny\u0171 \u00e9s gyors<\/p>\n\n\n\n<p><\/p>\n\n\n\n<hr class=\"wp-block-separator has-alpha-channel-opacity is-style-wide\" \/>\n\n\n\n<h5 class=\"wp-block-heading has-text-align-left\"><strong><mark class=\"has-inline-color has-luminous-vivid-amber-color\"><strong><mark class=\"has-inline-color has-luminous-vivid-amber-color\"><a>\ud83d\udc49 <\/a><strong><mark class=\"has-inline-color has-luminous-vivid-amber-color\"><strong>T\u00f6ltsd le az alkalmaz\u00e1st:<\/strong><\/mark><\/strong><\/mark><\/strong><\/mark><\/strong><\/h5>\n\n\n    <section class=\"mx-1 my-10\">\n                                                <a href=\"https:\/\/social-view.softonic.com.br\/android\" class=\"text-white\" data-analytics-label=\"optionsButton\"\n                    data-action=\"analytics#trackCTA\">\n                    <div data-options-target=\"option\"\n                        class=\"custom-section rounded-xl border p-3 shadow-md w-full bg-green-700 my-3\">\n                        <div class=\"flex w-full items-center justify-between\">\n                            <div class=\"flex items-center space-x-3\">\n                                <div class=\"text-lg font-bold\">\n                                    SocialView a Facebookhoz \u279d\n                                <\/div>\n                            <\/div>\n                        <\/div>\n                    <\/div>\n                <\/a>\n                            <p class=\"text-xs text-gray-500 text-right\"\n            style=\"margin-left: 50%; margin-bottom: 50px; margin-top: 5px;\">\n            <!-- You will be redirected to another website -->\n        <\/p>\n    <\/section>\n\n\n\n\n<p class=\"has-text-align-right\"><em><strong><em><strong><em><strong><em><strong><em><strong><em><strong><em><strong><em><strong><em><strong><em><strong>\u00c1t leszel ir\u00e1ny\u00edtva egy m\u00e1sik oldalra!<\/strong><\/em><\/strong><\/em><\/strong><\/em><\/strong><\/em><\/strong><\/em><\/strong><\/em><\/strong><\/em><\/strong><\/em><\/strong><\/em><\/strong><\/em><\/p>\n\n\n\n<hr class=\"wp-block-separator has-alpha-channel-opacity is-style-wide\" \/>\n\n\n\n<p><\/p>\n\n\n\n<h2 class=\"wp-block-heading\">\ud83d\udd12 Biztons\u00e1gosak ezek az alkalmaz\u00e1sok?<\/h2>\n\n\n\n<h3 class=\"wp-block-heading\">Hogyan haszn\u00e1ljuk biztons\u00e1gosan ezeket az eszk\u00f6z\u00f6ket<\/h3>\n\n\n\n<p>J\u00f3 k\u00e9rd\u00e9s. B\u00e1r ezek az alkalmaz\u00e1sok nyilv\u00e1nos vagy haszn\u00e1lati adatokat haszn\u00e1lnak, fontos, hogy:<\/p>\n\n\n\n<ul>\n<li>Csak innen let\u00f6lthet\u0151 <strong>hivatalos forr\u00e1sok<\/strong> mint a Google Play<\/li>\n\n\n\n<li>Olvassa el a v\u00e9lem\u00e9nyeket \u00e9s az \u00e9rt\u00e9kel\u00e9seket<\/li>\n\n\n\n<li>Ne adj felesleges enged\u00e9lyeket (p\u00e9ld\u00e1ul hozz\u00e1f\u00e9r\u00e9st az \u00fczeneteidhez)<\/li>\n<\/ul>\n\n\n\n<p>Ez a 3 aj\u00e1nlott alkalmaz\u00e1s <strong>biztons\u00e1gos \u00e9s megb\u00edzhat\u00f3<\/strong>, t\u00f6bb milli\u00f3 let\u00f6lt\u00e9ssel \u00e9s folyamatos friss\u00edt\u00e9sekkel.<\/p>\n\n\n\n<h3 class=\"wp-block-heading\">Milyen enged\u00e9lyekre van sz\u00fcks\u00e9g (\u00e9s melyeket ker\u00fclni kell)<\/h3>\n\n\n\n<p>N\u00e9h\u00e1ny alkalmaz\u00e1s hozz\u00e1f\u00e9r\u00e9st k\u00e9r a k\u00f6vetkez\u0151kh\u00f6z:<\/p>\n\n\n\n<ul>\n<li>Aktivit\u00e1si statisztik\u00e1k (megtekint\u00e9sek, interakci\u00f3k)<\/li>\n\n\n\n<li>Korl\u00e1tozott hozz\u00e1f\u00e9r\u00e9s a profilhoz<\/li>\n\n\n\n<li>\u00c9rtes\u00edt\u00e9sek m\u00f3dos\u00edt\u00e1sa<\/li>\n<\/ul>\n\n\n\n<p>Ker\u00fcld az olyan alkalmaz\u00e1sokat, amelyek a k\u00f6vetkez\u0151ket k\u00e9rik:<\/p>\n\n\n\n<ul>\n<li>Teljes hozz\u00e1f\u00e9r\u00e9s a priv\u00e1t \u00fczeneteidhez<\/li>\n\n\n\n<li>Enged\u00e9ly a nev\u00e9ben val\u00f3 k\u00f6zz\u00e9t\u00e9telre<\/li>\n\n\n\n<li>Jogtalan banki vagy szem\u00e9lyes adatok<\/li>\n<\/ul>\n\n\n\n<h2 class=\"wp-block-heading\">\ud83e\udde0 Extra tippek a szem\u00e9lyes adatok v\u00e9delm\u00e9hez<\/h2>\n\n\n\n<p>Hasznos tudni, hogy ki figyel t\u00e9ged, de az is fontos, hogy megv\u00e9dd a digit\u00e1lis jelenl\u00e9tedet. \u00cdme n\u00e9h\u00e1ny tipp:<\/p>\n\n\n\n<ul>\n<li><strong>Ellen\u0151rizze az adatv\u00e9delmi be\u00e1ll\u00edt\u00e1sait<\/strong> rendszeresen<\/li>\n\n\n\n<li><strong>T\u00f6mb<\/strong> vagy korl\u00e1tozza a gyan\u00fas felhaszn\u00e1l\u00f3kat<\/li>\n\n\n\n<li><strong>Ne fogadj el k\u00e9r\u00e9seket idegenekt\u0151l<\/strong><\/li>\n\n\n\n<li><strong>Haszn\u00e1ljon er\u0151s jelszavakat<\/strong> \u00e9s aktiv\u00e1lja a k\u00e9tl\u00e9pcs\u0151s azonos\u00edt\u00e1st<\/li>\n<\/ul>\n\n\n\n<h3 class=\"wp-block-heading\">Hogyan \u00e1ll\u00edtsuk be az adatv\u00e9delmet a nagyobb h\u00e1l\u00f3zatokon<\/h3>\n\n\n\n<p><strong>Instagram<\/strong>: L\u00e9pjen a Be\u00e1ll\u00edt\u00e1sok &gt; Adatv\u00e9delem &gt; Priv\u00e1t fi\u00f3k men\u00fcpontra<br><strong>Facebook<\/strong>Be\u00e1ll\u00edt\u00e1sok &gt; Adatv\u00e9delem &gt; Kik l\u00e1thatj\u00e1k a bejegyz\u00e9seidet<br><strong>WhatsApp<\/strong>Be\u00e1ll\u00edt\u00e1sok &gt; Adatv\u00e9delem &gt; Profilk\u00e9p \/ \u00c1llapot<\/p>\n\n\n\n<p>A kis v\u00e1ltoz\u00e1sok is sz\u00e1m\u00edthatnak.<\/p>\n\n\n<div class=\"wp-block-image\">\n<figure class=\"aligncenter size-full\"><img loading=\"lazy\" decoding=\"async\" width=\"500\" height=\"350\" src=\"https:\/\/blog.universofamilia.com\/wp-content\/uploads\/sites\/154\/2025\/04\/DESTAQUE-BLOG-UNIVERSO-550-x-350-25.jpg\" alt=\"\" class=\"wp-image-660\" srcset=\"https:\/\/blog.universofamilia.com\/wp-content\/uploads\/sites\/154\/2025\/04\/DESTAQUE-BLOG-UNIVERSO-550-x-350-25.jpg 500w, https:\/\/blog.universofamilia.com\/wp-content\/uploads\/sites\/154\/2025\/04\/DESTAQUE-BLOG-UNIVERSO-550-x-350-25-300x210.jpg 300w, https:\/\/blog.universofamilia.com\/wp-content\/uploads\/sites\/154\/2025\/04\/DESTAQUE-BLOG-UNIVERSO-550-x-350-25-18x12.jpg 18w\" sizes=\"(max-width: 500px) 100vw, 500px\" \/><figcaption class=\"wp-element-caption\">Figyelnek, \u00e9s te nem tudsz r\u00f3la?<\/figcaption><\/figure><\/div>\n\n\n<h2 class=\"wp-block-heading\">\ud83d\udd0d T\u00e9vhitek a h\u00e1l\u00f3zatfigyel\u0151 alkalmaz\u00e1sokkal kapcsolatban<\/h2>\n\n\n\n<h3 class=\"wp-block-heading\">T\u00e9nyleg m\u0171k\u00f6dnek?<\/h3>\n\n\n\n<p>Sokan hiszik, hogy ezek az alkalmaz\u00e1sok nem m\u0171k\u00f6dnek, de az igazs\u00e1g az, hogy a m\u00f6g\u00f6tt\u00fck \u00e1ll\u00f3 algoritmusok sokat fejl\u0151dtek. Nem fognak pontos 100% list\u00e1t mutatni, de olyan mint\u00e1kat azonos\u00edtanak, amelyek gondolkod\u00e1sra k\u00e9sztetnek.<\/p>\n\n\n\n<h3 class=\"wp-block-heading\">Mi a helyzet a \u201evar\u00e1zsalkalmaz\u00e1sokkal\u201d?<\/h3>\n\n\n\n<p>L\u00e9gy \u00f3vatos azokkal az alkalmaz\u00e1sokkal, amelyek azt \u00edg\u00e9rik, hogy \u201epontosan l\u00e1tj\u00e1k, kik l\u00e1togatt\u00e1k meg a profilodat\u201d. Ezek \u00e1ltal\u00e1ban hamisak, vagy rejtett c\u00e9lokra gy\u0171jtik az adataidat. Ragaszkodj azokhoz az alkalmaz\u00e1sokhoz, amelyek j\u00f3 \u00e9rt\u00e9kel\u00e9sekkel rendelkeznek, \u00e9s nem tesznek t\u00falz\u00f3 \u00edg\u00e9reteket.<\/p>\n\n\n\n<h2 class=\"wp-block-heading\">\ud83d\udcc8 Kinek sz\u00f3lnak ezek az alkalmaz\u00e1sok?<\/h2>\n\n\n\n<ul>\n<li><strong>Tizen\u00e9vesek<\/strong> Tudni akarj\u00e1k, hogy a szerelm\u00fck n\u00e9z-e r\u00e1juk.<\/li>\n\n\n\n<li><strong>Id\u0151sebb feln\u0151ttek<\/strong> agg\u00f3dnak a mag\u00e1n\u00e9let\u00fck miatt<\/li>\n\n\n\n<li><strong>V\u00e1llalkoz\u00f3k \u00e9s alkot\u00f3k<\/strong> a k\u00f6z\u00f6ns\u00e9g\u00fck elemz\u00e9s\u00e9re t\u00f6rekszenek<\/li>\n\n\n\n<li><strong>Sz\u00fcl\u0151k<\/strong> akik meg akarj\u00e1k v\u00e9deni gyermekeiket az interneten<\/li>\n<\/ul>\n\n\n\n<p>Egy egyszer\u0171, vizu\u00e1lis fel\u00fclettel m\u00e9g azok is gond n\u00e9lk\u00fcl haszn\u00e1lhatj\u00e1k, akik nem ismerik a technol\u00f3gi\u00e1t.<\/p>\n\n\n\n<h2 class=\"wp-block-heading\">\ud83d\udcca Hogyan \u00e9rtelmezz\u00fck az alkalmaz\u00e1sok \u00e1ltal szolg\u00e1ltatott adatokat?<\/h2>\n\n\n\n<p>Nem csak arr\u00f3l van sz\u00f3, hogy tudd, ki figyel t\u00e9ged. Az alkalmaz\u00e1sok a k\u00f6vetkez\u0151ket is k\u00edn\u00e1lj\u00e1k:<\/p>\n\n\n\n<ul>\n<li>A legnagyobb interakci\u00f3 id\u0151szakai<\/li>\n\n\n\n<li>A legink\u00e1bb figyelmet kelt\u0151 tartalomt\u00edpus<\/li>\n\n\n\n<li>Csendes vs. akt\u00edv k\u00f6vet\u0151k<\/li>\n<\/ul>\n\n\n\n<p>Ezek az adatok seg\u00edthetnek eld\u00f6nteni, hogy mit, mikor \u00e9s milyen f\u00f3kuszban kell k\u00f6zz\u00e9tenni.<\/p>\n\n\n\n<h2 class=\"wp-block-heading\">\ud83d\udcac Val\u00f3s felhaszn\u00e1l\u00f3i \u00e9lm\u00e9nyek<\/h2>\n\n\n\n<p>Sok felhaszn\u00e1l\u00f3 sz\u00e1molt be arr\u00f3l, hogy felfedezte:<\/p>\n\n\n\n<ul>\n<li>Volt partnerek \u00e1ttekintik a t\u00f6rt\u00e9neteiket<\/li>\n\n\n\n<li>Munkat\u00e1rsak figyelik a bejegyz\u00e9seidet<\/li>\n\n\n\n<li>\u00daj \u201egyan\u00fas\u201d k\u00f6vet\u0151k, akik nem l\u00e9pnek interakci\u00f3ba<\/li>\n<\/ul>\n\n\n\n<p>\u201eHaszn\u00e1ltam a FollowMetert, \u00e9s r\u00e1j\u00f6ttem, hogy az exem az \u00f6sszes sztorimat n\u00e9zi. Megd\u00f6bbent\u0151 volt!\u201d \u2013 mondja a 24 \u00e9ves Mariana.<\/p>\n\n\n\n<h2 class=\"wp-block-heading\">\ud83d\udd01 Oszd meg ezt az inform\u00e1ci\u00f3t a bar\u00e1taiddal<\/h2>\n\n\n\n<p>Hasznosnak tal\u00e1ltad ezt a cikket? Tal\u00e1n van egy bar\u00e1tod vagy csal\u00e1dtagod, aki szint\u00e9n k\u00edv\u00e1ncsi: \u201eKi l\u00e1togatja a profilomat?\u201d K\u00fcldd el neki a WhatsApp-on!<\/p>\n\n\n\n<h2 class=\"wp-block-heading\">\ud83d\ude80 Cselekedj m\u00e9g ma!<\/h2>\n\n\n\n<p>M\u00e1r ismered a legjobbakat <strong>alkalmaz\u00e1sok, amelyekkel megtudhatod, ki l\u00e1togatja meg a profilodat<\/strong>Felfedezted, hogyan m\u0171k\u00f6dnek, milyen el\u0151ny\u00f6ket k\u00edn\u00e1lnak, \u00e9s hogyan kell biztons\u00e1gosan haszn\u00e1lni \u0151ket.<\/p>\n\n\n\n<p>Ne hagyd, hogy a k\u00edv\u00e1ncsis\u00e1g v\u00e1laszok n\u00e9lk\u00fcl em\u00e9sztsen fel.<\/p>\n\n\n\n<p><strong>T\u00f6ltse le most az aj\u00e1nlott alkalmaz\u00e1sokat<\/strong> \u00e9s kezdd el teljesen \u00e1tvenni az ir\u00e1ny\u00edt\u00e1st a k\u00f6z\u00f6ss\u00e9gi h\u00e1l\u00f3zataid felett.<\/p>\n\n\n\n<p>K\u00e9szen \u00e1llsz megtudni, ki figyel t\u00e9ged?<\/p>","protected":false},"excerpt":{"rendered":"<p>Siente curiosidad por saber qui\u00e9n revisa tu perfil \u00a1Elija una de las opciones! \u00bfQui\u00e9n visita mi perfil? Si alguna vez te has hecho esta pregunta, no est\u00e1s solo. Muchas personas sienten curiosidad por saber qui\u00e9n observa sus redes sociales sin dejar rastro. \u00bfHas notado que ciertas personas siempre aparecen justo despu\u00e9s de que t\u00fa publicas [&hellip;]<\/p>","protected":false},"author":139,"featured_media":660,"comment_status":"closed","ping_status":"open","sticky":false,"template":"","format":"standard","meta":{"footnotes":""},"categories":[4],"tags":[417,416,415,119,125],"yoast_head":"<!-- This site is optimized with the Yoast SEO plugin v23.3 - https:\/\/yoast.com\/wordpress\/plugins\/seo\/ -->\n<title>\u00bfEst\u00e1s siendo observado y no lo sabes? - Blog Universo Fam\u00edlia<\/title>\n<meta name=\"description\" content=\"\u00bfEst\u00e1s siendo observado y no lo sabes?. \u00bfQui\u00e9n visita mi perfil? Si alguna vez te has hecho esta pregunta, no est\u00e1s solo.Muchas personas\" \/>\n<meta name=\"robots\" content=\"index, follow, max-snippet:-1, max-image-preview:large, max-video-preview:-1\" \/>\n<link rel=\"canonical\" href=\"https:\/\/blog.universofamilia.com\/hu\/estas-siendo-observado-y-no-lo-sabes\/\" \/>\n<meta property=\"og:locale\" content=\"hu_HU\" \/>\n<meta property=\"og:type\" content=\"article\" \/>\n<meta property=\"og:title\" content=\"\u00bfEst\u00e1s siendo observado y no lo sabes? - Blog Universo Fam\u00edlia\" \/>\n<meta property=\"og:description\" content=\"\u00bfEst\u00e1s siendo observado y no lo sabes?. \u00bfQui\u00e9n visita mi perfil? Si alguna vez te has hecho esta pregunta, no est\u00e1s solo.Muchas personas\" \/>\n<meta property=\"og:url\" content=\"https:\/\/blog.universofamilia.com\/hu\/estas-siendo-observado-y-no-lo-sabes\/\" \/>\n<meta property=\"og:site_name\" content=\"Blog Universo Fam\u00edlia\" \/>\n<meta property=\"article:published_time\" content=\"2025-04-07T12:41:26+00:00\" \/>\n<meta property=\"article:modified_time\" content=\"2025-04-07T12:41:27+00:00\" \/>\n<meta property=\"og:image\" content=\"https:\/\/blog.universofamilia.com\/wp-content\/uploads\/sites\/154\/2025\/04\/DESTAQUE-BLOG-UNIVERSO-550-x-350-25.jpg\" \/>\n\t<meta property=\"og:image:width\" content=\"500\" \/>\n\t<meta property=\"og:image:height\" content=\"350\" \/>\n\t<meta property=\"og:image:type\" content=\"image\/jpeg\" \/>\n<meta name=\"author\" content=\"Pedro Henrique\" \/>\n<meta name=\"twitter:card\" content=\"summary_large_image\" \/>\n<meta name=\"twitter:label1\" content=\"Written by\" \/>\n\t<meta name=\"twitter:data1\" content=\"Pedro Henrique\" \/>\n\t<meta name=\"twitter:label2\" content=\"Est. reading time\" \/>\n\t<meta name=\"twitter:data2\" content=\"7 perc\" \/>\n<script type=\"application\/ld+json\" class=\"yoast-schema-graph\">{\"@context\":\"https:\/\/schema.org\",\"@graph\":[{\"@type\":\"WebPage\",\"@id\":\"https:\/\/blog.universofamilia.com\/ro\/estas-siendo-observado-y-no-lo-sabes\/\",\"url\":\"https:\/\/blog.universofamilia.com\/ro\/estas-siendo-observado-y-no-lo-sabes\/\",\"name\":\"\u00bfEst\u00e1s siendo observado y no lo sabes? - Blog Universo Fam\u00edlia\",\"isPartOf\":{\"@id\":\"https:\/\/blog.universofamilia.com\/ko\/#website\"},\"primaryImageOfPage\":{\"@id\":\"https:\/\/blog.universofamilia.com\/ro\/estas-siendo-observado-y-no-lo-sabes\/#primaryimage\"},\"image\":{\"@id\":\"https:\/\/blog.universofamilia.com\/ro\/estas-siendo-observado-y-no-lo-sabes\/#primaryimage\"},\"thumbnailUrl\":\"https:\/\/blog.universofamilia.com\/wp-content\/uploads\/sites\/154\/2025\/04\/DESTAQUE-BLOG-UNIVERSO-550-x-350-25.jpg\",\"datePublished\":\"2025-04-07T12:41:26+00:00\",\"dateModified\":\"2025-04-07T12:41:27+00:00\",\"author\":{\"@id\":\"https:\/\/blog.universofamilia.com\/ko\/#\/schema\/person\/f07ce98187dd84d31154262e79b3b7ca\"},\"description\":\"\u00bfEst\u00e1s siendo observado y no lo sabes?. \u00bfQui\u00e9n visita mi perfil? Si alguna vez te has hecho esta pregunta, no est\u00e1s solo.Muchas personas\",\"breadcrumb\":{\"@id\":\"https:\/\/blog.universofamilia.com\/ro\/estas-siendo-observado-y-no-lo-sabes\/#breadcrumb\"},\"inLanguage\":\"hu\",\"potentialAction\":[{\"@type\":\"ReadAction\",\"target\":[\"https:\/\/blog.universofamilia.com\/ro\/estas-siendo-observado-y-no-lo-sabes\/\"]}]},{\"@type\":\"ImageObject\",\"inLanguage\":\"hu\",\"@id\":\"https:\/\/blog.universofamilia.com\/ro\/estas-siendo-observado-y-no-lo-sabes\/#primaryimage\",\"url\":\"https:\/\/blog.universofamilia.com\/wp-content\/uploads\/sites\/154\/2025\/04\/DESTAQUE-BLOG-UNIVERSO-550-x-350-25.jpg\",\"contentUrl\":\"https:\/\/blog.universofamilia.com\/wp-content\/uploads\/sites\/154\/2025\/04\/DESTAQUE-BLOG-UNIVERSO-550-x-350-25.jpg\",\"width\":500,\"height\":350,\"caption\":\"\u00bfEst\u00e1s siendo observado y no lo sabes?\"},{\"@type\":\"BreadcrumbList\",\"@id\":\"https:\/\/blog.universofamilia.com\/ro\/estas-siendo-observado-y-no-lo-sabes\/#breadcrumb\",\"itemListElement\":[{\"@type\":\"ListItem\",\"position\":1,\"name\":\"Home\",\"item\":\"https:\/\/blog.universofamilia.com\/ko\/\"},{\"@type\":\"ListItem\",\"position\":2,\"name\":\"\u00bfEst\u00e1s siendo observado y no lo sabes?\"}]},{\"@type\":\"WebSite\",\"@id\":\"https:\/\/blog.universofamilia.com\/ko\/#website\",\"url\":\"https:\/\/blog.universofamilia.com\/ko\/\",\"name\":\"Blog Universo Fam\u00edlia\",\"description\":\"\",\"potentialAction\":[{\"@type\":\"SearchAction\",\"target\":{\"@type\":\"EntryPoint\",\"urlTemplate\":\"https:\/\/blog.universofamilia.com\/ko\/?s={search_term_string}\"},\"query-input\":\"required name=search_term_string\"}],\"inLanguage\":\"hu\"},{\"@type\":\"Person\",\"@id\":\"https:\/\/blog.universofamilia.com\/ko\/#\/schema\/person\/f07ce98187dd84d31154262e79b3b7ca\",\"name\":\"Pedro Henrique\",\"image\":{\"@type\":\"ImageObject\",\"inLanguage\":\"hu\",\"@id\":\"https:\/\/blog.universofamilia.com\/ko\/#\/schema\/person\/image\/\",\"url\":\"https:\/\/secure.gravatar.com\/avatar\/9edfeb808cb4e1599f64d6e45b130154?s=96&d=mm&r=g\",\"contentUrl\":\"https:\/\/secure.gravatar.com\/avatar\/9edfeb808cb4e1599f64d6e45b130154?s=96&d=mm&r=g\",\"caption\":\"Pedro Henrique\"},\"url\":\"https:\/\/blog.universofamilia.com\/hu\/author\/editor01\/\"}]}<\/script>\n<!-- \/ Yoast SEO plugin. -->","yoast_head_json":{"title":"\u00bfEst\u00e1s siendo observado y no lo sabes? - Blog Universo Fam\u00edlia","description":"\u00bfEst\u00e1s siendo observado y no lo sabes?. \u00bfQui\u00e9n visita mi perfil? Si alguna vez te has hecho esta pregunta, no est\u00e1s solo.Muchas personas","robots":{"index":"index","follow":"follow","max-snippet":"max-snippet:-1","max-image-preview":"max-image-preview:large","max-video-preview":"max-video-preview:-1"},"canonical":"https:\/\/blog.universofamilia.com\/hu\/estas-siendo-observado-y-no-lo-sabes\/","og_locale":"hu_HU","og_type":"article","og_title":"\u00bfEst\u00e1s siendo observado y no lo sabes? - Blog Universo Fam\u00edlia","og_description":"\u00bfEst\u00e1s siendo observado y no lo sabes?. \u00bfQui\u00e9n visita mi perfil? Si alguna vez te has hecho esta pregunta, no est\u00e1s solo.Muchas personas","og_url":"https:\/\/blog.universofamilia.com\/hu\/estas-siendo-observado-y-no-lo-sabes\/","og_site_name":"Blog Universo Fam\u00edlia","article_published_time":"2025-04-07T12:41:26+00:00","article_modified_time":"2025-04-07T12:41:27+00:00","og_image":[{"width":500,"height":350,"url":"https:\/\/blog.universofamilia.com\/wp-content\/uploads\/sites\/154\/2025\/04\/DESTAQUE-BLOG-UNIVERSO-550-x-350-25.jpg","type":"image\/jpeg"}],"author":"Pedro Henrique","twitter_card":"summary_large_image","twitter_misc":{"Written by":"Pedro Henrique","Est. reading time":"7 perc"},"schema":{"@context":"https:\/\/schema.org","@graph":[{"@type":"WebPage","@id":"https:\/\/blog.universofamilia.com\/ro\/estas-siendo-observado-y-no-lo-sabes\/","url":"https:\/\/blog.universofamilia.com\/ro\/estas-siendo-observado-y-no-lo-sabes\/","name":"\u00bfEst\u00e1s siendo observado y no lo sabes? - Blog Universo Fam\u00edlia","isPartOf":{"@id":"https:\/\/blog.universofamilia.com\/ko\/#website"},"primaryImageOfPage":{"@id":"https:\/\/blog.universofamilia.com\/ro\/estas-siendo-observado-y-no-lo-sabes\/#primaryimage"},"image":{"@id":"https:\/\/blog.universofamilia.com\/ro\/estas-siendo-observado-y-no-lo-sabes\/#primaryimage"},"thumbnailUrl":"https:\/\/blog.universofamilia.com\/wp-content\/uploads\/sites\/154\/2025\/04\/DESTAQUE-BLOG-UNIVERSO-550-x-350-25.jpg","datePublished":"2025-04-07T12:41:26+00:00","dateModified":"2025-04-07T12:41:27+00:00","author":{"@id":"https:\/\/blog.universofamilia.com\/ko\/#\/schema\/person\/f07ce98187dd84d31154262e79b3b7ca"},"description":"\u00bfEst\u00e1s siendo observado y no lo sabes?. \u00bfQui\u00e9n visita mi perfil? Si alguna vez te has hecho esta pregunta, no est\u00e1s solo.Muchas personas","breadcrumb":{"@id":"https:\/\/blog.universofamilia.com\/ro\/estas-siendo-observado-y-no-lo-sabes\/#breadcrumb"},"inLanguage":"hu","potentialAction":[{"@type":"ReadAction","target":["https:\/\/blog.universofamilia.com\/ro\/estas-siendo-observado-y-no-lo-sabes\/"]}]},{"@type":"ImageObject","inLanguage":"hu","@id":"https:\/\/blog.universofamilia.com\/ro\/estas-siendo-observado-y-no-lo-sabes\/#primaryimage","url":"https:\/\/blog.universofamilia.com\/wp-content\/uploads\/sites\/154\/2025\/04\/DESTAQUE-BLOG-UNIVERSO-550-x-350-25.jpg","contentUrl":"https:\/\/blog.universofamilia.com\/wp-content\/uploads\/sites\/154\/2025\/04\/DESTAQUE-BLOG-UNIVERSO-550-x-350-25.jpg","width":500,"height":350,"caption":"\u00bfEst\u00e1s siendo observado y no lo sabes?"},{"@type":"BreadcrumbList","@id":"https:\/\/blog.universofamilia.com\/ro\/estas-siendo-observado-y-no-lo-sabes\/#breadcrumb","itemListElement":[{"@type":"ListItem","position":1,"name":"Home","item":"https:\/\/blog.universofamilia.com\/ko\/"},{"@type":"ListItem","position":2,"name":"\u00bfEst\u00e1s siendo observado y no lo sabes?"}]},{"@type":"WebSite","@id":"https:\/\/blog.universofamilia.com\/ko\/#website","url":"https:\/\/blog.universofamilia.com\/ko\/","name":"Blog Universo Fam\u00edlia","description":"","potentialAction":[{"@type":"SearchAction","target":{"@type":"EntryPoint","urlTemplate":"https:\/\/blog.universofamilia.com\/ko\/?s={search_term_string}"},"query-input":"required name=search_term_string"}],"inLanguage":"hu"},{"@type":"Person","@id":"https:\/\/blog.universofamilia.com\/ko\/#\/schema\/person\/f07ce98187dd84d31154262e79b3b7ca","name":"Pedro Henrique","image":{"@type":"ImageObject","inLanguage":"hu","@id":"https:\/\/blog.universofamilia.com\/ko\/#\/schema\/person\/image\/","url":"https:\/\/secure.gravatar.com\/avatar\/9edfeb808cb4e1599f64d6e45b130154?s=96&d=mm&r=g","contentUrl":"https:\/\/secure.gravatar.com\/avatar\/9edfeb808cb4e1599f64d6e45b130154?s=96&d=mm&r=g","caption":"Pedro Henrique"},"url":"https:\/\/blog.universofamilia.com\/hu\/author\/editor01\/"}]}},"_links":{"self":[{"href":"https:\/\/blog.universofamilia.com\/hu\/wp-json\/wp\/v2\/posts\/656"}],"collection":[{"href":"https:\/\/blog.universofamilia.com\/hu\/wp-json\/wp\/v2\/posts"}],"about":[{"href":"https:\/\/blog.universofamilia.com\/hu\/wp-json\/wp\/v2\/types\/post"}],"author":[{"embeddable":true,"href":"https:\/\/blog.universofamilia.com\/hu\/wp-json\/wp\/v2\/users\/139"}],"replies":[{"embeddable":true,"href":"https:\/\/blog.universofamilia.com\/hu\/wp-json\/wp\/v2\/comments?post=656"}],"version-history":[{"count":2,"href":"https:\/\/blog.universofamilia.com\/hu\/wp-json\/wp\/v2\/posts\/656\/revisions"}],"predecessor-version":[{"id":703,"href":"https:\/\/blog.universofamilia.com\/hu\/wp-json\/wp\/v2\/posts\/656\/revisions\/703"}],"wp:featuredmedia":[{"embeddable":true,"href":"https:\/\/blog.universofamilia.com\/hu\/wp-json\/wp\/v2\/media\/660"}],"wp:attachment":[{"href":"https:\/\/blog.universofamilia.com\/hu\/wp-json\/wp\/v2\/media?parent=656"}],"wp:term":[{"taxonomy":"category","embeddable":true,"href":"https:\/\/blog.universofamilia.com\/hu\/wp-json\/wp\/v2\/categories?post=656"},{"taxonomy":"post_tag","embeddable":true,"href":"https:\/\/blog.universofamilia.com\/hu\/wp-json\/wp\/v2\/tags?post=656"}],"curies":[{"name":"wp","href":"https:\/\/api.w.org\/{rel}","templated":true}]}}