{"id":168,"date":"2024-12-26T14:21:50","date_gmt":"2024-12-26T14:21:50","guid":{"rendered":"https:\/\/blog.universofamilia.com\/?p=168"},"modified":"2025-12-12T18:24:11","modified_gmt":"2025-12-12T18:24:11","slug":"advenimiento-de-los-coches-y-camiones-autonomos","status":"publish","type":"post","link":"https:\/\/blog.universofamilia.com\/hu\/advenimiento-de-los-coches-y-camiones-autonomos\/","title":{"rendered":"Az \u00f6nvezet\u0151 aut\u00f3k \u00e9s teheraut\u00f3k megjelen\u00e9se"},"content":{"rendered":"<p>Az \u00f6nvezet\u0151 aut\u00f3k \u00e9s teheraut\u00f3k m\u00e1r nem a sci-fi filmek t\u00e1voli l\u00e1tom\u00e1sai, hanem k\u00e9zzelfoghat\u00f3 val\u00f3s\u00e1g.<\/p>\n\n\n\n<p>Leny\u0171g\u00f6z\u0151 technol\u00f3giai fejl\u0151d\u00e9s\u00fcknek k\u00f6sz\u00f6nhet\u0151en ezek a g\u00e9pek forradalmas\u00edtj\u00e1k a k\u00f6zleked\u00e9st, nagyobb biztons\u00e1got, hat\u00e9konys\u00e1got \u00e9s k\u00e9nyelmet \u00edg\u00e9rve. De hogyan jutottunk el id\u00e1ig?<\/p>\n\n\n\n<p>\u00c9s mit tartogat a j\u00f6v\u0151? Ebben a cikkben felt\u00e1rjuk ennek a vil\u00e1gmegv\u00e1lt\u00f3 technol\u00f3gi\u00e1nak a t\u00f6rt\u00e9net\u00e9t, kih\u00edv\u00e1sait, leg\u00fajabb fejleszt\u00e9seit \u00e9s a k\u00f6vetkez\u0151 l\u00e9p\u00e9seit.<\/p>\n\n\n\n<h2 class=\"wp-block-heading\"><strong>T\u00f6rt\u00e9nelem \u00e9s els\u0151 protot\u00edpusok<\/strong><\/h2>\n\n\n\n<p>Az \u00f6nvezet\u0151 j\u00e1rm\u0171vek \u00f6tlete nem olyan \u00faj, mint amilyennek l\u00e1tszik. A 20. sz\u00e1zad eleje \u00f3ta a m\u00e9rn\u00f6k\u00f6k olyan rendszerek l\u00e9trehoz\u00e1s\u00e1r\u00f3l \u00e1lmodoznak, amelyek felv\u00e1lthatj\u00e1k az emberi vezet\u00e9st.<\/p>\n\n\n\n<p>1925-ben Francis Houdina m\u00e9rn\u00f6k bemutatta az els\u0151 r\u00e1di\u00f3vez\u00e9relt \u201evezet\u0151 n\u00e9lk\u00fcli aut\u00f3t\u201d New York utc\u00e1in.<\/p>\n\n\n\n<p>B\u00e1r kezdetleges, ez a kezdem\u00e9nyez\u00e9s utat nyitott a modern \u00f6nvezet\u0151 aut\u00f3k fejleszt\u00e9se el\u0151tt.<\/p>\n\n\n\n<p>Az 1980-as \u00e9vekben a Carnegie Mellon Egyetem Navlab projektje hozta meg az els\u0151 jelent\u0151s el\u0151rel\u00e9p\u00e9seket.<\/p>\n\n\n\n<p>Ezek a protot\u00edpusok kamer\u00e1kat \u00e9s \u00e9rz\u00e9kel\u0151ket haszn\u00e1ltak a szab\u00e1lyozott k\u00f6rnyezetben val\u00f3 navig\u00e1l\u00e1shoz.<\/p>\n\n\n\n<p>Egy m\u00e1sik fontos m\u00e9rf\u00f6ldk\u0151 a DARPA Grand Challenge program volt, amely arra \u00f6szt\u00f6n\u00f6zte a v\u00e1llalatokat \u00e9s egyetemeket, hogy fejlesszenek ki olyan \u00f6nvezet\u0151 j\u00e1rm\u0171veket, amelyek k\u00e9pesek komplex sivatagi \u00fatvonalakon k\u00f6zlekedni.<\/p>\n\n\n\n<h2 class=\"wp-block-heading\"><strong>Az els\u0151 pr\u00f3b\u00e1k \u00e9s a kezdeti akad\u00e1lyok<\/strong><\/h2>\n\n\n\n<p>Az \u00f6nvezet\u0151 j\u00e1rm\u0171vek els\u0151 tesztjeit z\u00e1rt, ellen\u0151rz\u00f6tt k\u00f6rnyezetben, p\u00e9ld\u00e1ul egyetemi kampuszon \u00e9s tesztp\u00e1ly\u00e1kon v\u00e9gezt\u00e9k.<\/p>\n\n\n\n<p>A f\u0151 kih\u00edv\u00e1st akkoriban az \u00e9rz\u00e9kel\u0151k pontoss\u00e1ga \u00e9s a val\u00f3s idej\u0171 adatfeldolgoz\u00e1s k\u00e9pess\u00e9ge jelentette.<\/p>\n\n\n\n<p>Tov\u00e1bb\u00e1 a technol\u00f3gi\u00e1hoz adapt\u00e1lt infrastrukt\u00fara hi\u00e1nya akad\u00e1lyozta annak sz\u00e9les k\u00f6r\u0171 elterjed\u00e9s\u00e9t.<\/p>\n\n\n\n<p>Azonban a 2010-es \u00e9vekben l\u00e1ttuk az els\u0151 teszteket val\u00f3s k\u00f6zleked\u00e9si k\u00f6r\u00fclm\u00e9nyek k\u00f6z\u00f6tt.<\/p>\n\n\n\n<p>Olyan c\u00e9gek, mint a Google (ma Waymo) \u00e9s a Tesla, elkezdt\u00e9k \u00f6nvezet\u0151 aut\u00f3k tesztel\u00e9s\u00e9t az utakon, olyan technol\u00f3gi\u00e1kat haszn\u00e1lva, mint a LiDAR, a nagy felbont\u00e1s\u00fa kamer\u00e1k \u00e9s a g\u00e9pi tanul\u00e1si algoritmusok a k\u00f6rnyez\u0151 k\u00f6rnyezet \u00e9rtelmez\u00e9s\u00e9hez.<\/p>\n\n\n\n<h2 class=\"wp-block-heading\"><strong>Az \u00f6nvezet\u0151 j\u00e1rm\u0171vek jelenlegi val\u00f3s\u00e1ga<\/strong><\/h2>\n\n\n\n<p>Manaps\u00e1g az \u00f6nvezet\u0151 aut\u00f3k \u00e9s teheraut\u00f3k a vil\u00e1g sz\u00e1mos v\u00e1ros\u00e1ban val\u00f3s\u00e1gg\u00e1 v\u00e1ltak.<\/p>\n\n\n\n<p>Olyan c\u00e9gek vezetik a piacot, mint a Waymo, a Tesla, az Uber \u00e9s a Mercedes-Benz, amelyek a f\u00e9lauton\u00f3m rendszerekt\u0151l a teljesen \u00f6nvezet\u0151 j\u00e1rm\u0171vekig terjed\u0151 megold\u00e1sokat k\u00edn\u00e1lnak.<\/p>\n\n\n\n<p>A gyakorlatban ezt a technol\u00f3gi\u00e1t m\u00e1r alkalmazz\u00e1k olyan \u00e1gazatokban, mint:<\/p>\n\n\n\n<ul class=\"wp-block-list\">\n<li><strong>Szem\u00e9lysz\u00e1ll\u00edt\u00e1s:<\/strong> Olyan szolg\u00e1ltat\u00e1sok, mint a Waymo One, amely \u00f6nvezet\u0151 aut\u00f3k flott\u00e1it \u00fczemelteti olyan v\u00e1rosokban, mint Phoenix, az Egyes\u00fclt \u00c1llamokban.<\/li>\n\n\n\n<li><strong>Logisztika \u00e9s \u00e1rusz\u00e1ll\u00edt\u00e1s:<\/strong> A TuSimple \u00f6nvezet\u0151 teheraut\u00f3i m\u00e1r t\u00f6bb ezer kilom\u00e9tert tesznek meg \u00e1ruk sz\u00e1ll\u00edt\u00e1s\u00e1val.<\/li>\n\n\n\n<li><strong>Tesztj\u00e1rm\u0171vek:<\/strong> A r\u00e9szlegesen autopilot rendszerrel felszerelt aut\u00f3k, mint p\u00e9ld\u00e1ul a Tesla Autopilotja, lehet\u0151v\u00e9 teszik a vezet\u0151k sz\u00e1m\u00e1ra, hogy pihenjenek az aut\u00f3p\u00e1lya-szakaszokon.<\/li>\n<\/ul>\n\n\n\n<h2 class=\"wp-block-heading\"><strong>Gy\u00e1rt\u00f3k \u00e9s \u00e9lvonalbeli technol\u00f3gi\u00e1k<\/strong><\/h2>\n\n\n\n<p>\u00d3ri\u00e1si a verseny ezen a piacon, t\u00f6bb c\u00e9g is verseng a vezet\u0151 szerep\u00e9rt.<\/p>\n\n\n\n<p>\u00cdme n\u00e9h\u00e1ny a legnagyobb gy\u00e1rt\u00f3k k\u00f6z\u00fcl \u00e9s technol\u00f3gi\u00e1ik k\u00f6z\u00fcl:<\/p>\n\n\n\n<ol class=\"wp-block-list\">\n<li><strong>Waymo:<\/strong> Az \u00e1gazat \u00fatt\u00f6r\u0151jek\u00e9nt LiDAR technol\u00f3gi\u00e1t haszn\u00e1l t\u00e1rgyak \u00e9szlel\u00e9s\u00e9re \u00e9s a k\u00f6rnyezet r\u00e9szletes t\u00e9rk\u00e9peinek elk\u00e9sz\u00edt\u00e9s\u00e9re.<\/li>\n\n\n\n<li><strong>Tesla:<\/strong> Az akad\u00e1lymentes megold\u00e1sokra \u00f6sszpontos\u00edtva kamer\u00e1kat \u00e9s ultrahangos \u00e9rz\u00e9kel\u0151ket, valamint fejlett mesters\u00e9ges intelligenci\u00e1t alkalmaz.<\/li>\n\n\n\n<li><strong>Mercedes-Benz:<\/strong> Luxusj\u00e1rm\u0171veiben f\u00e9lauton\u00f3m rendszereket k\u00edn\u00e1l, p\u00e9ld\u00e1ul a Drive Pilotot.<\/li>\n\n\n\n<li><strong>Aurora Innov\u00e1ci\u00f3:<\/strong> \u00d6nvezet\u0151 teheraut\u00f3k rendszereire specializ\u00e1l\u00f3dva, er\u0151s jelenl\u00e9ttel a logisztikai szektorban.<\/li>\n<\/ol>\n\n\n\n<h2 class=\"wp-block-heading\"><strong>Kih\u00edv\u00e1sok \u00e9s k\u00f6vetkez\u0151 l\u00e9p\u00e9sek<\/strong><\/h2>\n\n\n\n<p>B\u00e1r a fejl\u0151d\u00e9s leny\u0171g\u00f6z\u0151, jelent\u0151s kih\u00edv\u00e1sok tov\u00e1bbra is fenn\u00e1llnak. Ezek egyike a jogszab\u00e1lyok k\u00e9rd\u00e9se, mivel sok orsz\u00e1gban m\u00e9g mindig hi\u00e1nyoznak az \u00f6nvezet\u0151 j\u00e1rm\u0171vekre vonatkoz\u00f3 egy\u00e9rtelm\u0171 szabv\u00e1nyok.<\/p>\n\n\n\n<p>Tov\u00e1bb\u00e1 a biztons\u00e1g \u00e1lland\u00f3 aggodalomra ad okot. Az \u00f6nvezet\u0151 j\u00e1rm\u0171veket \u00e9rint\u0151 balesetek elszigetelt esetei k\u00e9rd\u00e9seket vetettek fel ezen rendszerek megb\u00edzhat\u00f3s\u00e1g\u00e1val kapcsolatban.<\/p>\n\n\n\n<p>Egy m\u00e1sik kulcsfontoss\u00e1g\u00fa szempont a t\u00e1rsadalmi elfogadotts\u00e1g. V\u00e9g\u00fcl is sokan m\u00e9g mindig k\u00e9nyelmetlen\u00fcl \u00e9rzik magukat att\u00f3l a gondolatt\u00f3l, hogy \u00e1tadj\u00e1k aut\u00f3juk ir\u00e1ny\u00edt\u00e1s\u00e1t egy g\u00e9pnek.<\/p>\n\n\n\n<p>Ezen kih\u00edv\u00e1sok lek\u00fczd\u00e9s\u00e9re a v\u00e1llalatok a k\u00f6vetkez\u0151kbe fektetnek be:<\/p>\n\n\n\n<ul class=\"wp-block-list\">\n<li><strong>Fokozott biztons\u00e1g:<\/strong> Redundanci\u00e1k megval\u00f3s\u00edt\u00e1sa a meghib\u00e1sod\u00e1sok elker\u00fcl\u00e9se \u00e9rdek\u00e9ben.<\/li>\n\n\n\n<li><strong>Fogyaszt\u00f3i oktat\u00e1s:<\/strong> Kamp\u00e1nyok a lakoss\u00e1g t\u00e1j\u00e9koztat\u00e1s\u00e1ra a technol\u00f3gia el\u0151nyeir\u0151l \u00e9s biztons\u00e1goss\u00e1g\u00e1r\u00f3l.<\/li>\n\n\n\n<li><strong>Egy\u00fcttm\u0171k\u00f6d\u00e9sek a korm\u00e1nyokkal:<\/strong> Alkalmazott infrastrukt\u00fara fejleszt\u00e9se, p\u00e9ld\u00e1ul intelligens k\u00f6zleked\u00e9si l\u00e1mp\u00e1k.<\/li>\n<\/ul>\n\n\n<div class=\"wp-block-image\">\n<figure class=\"aligncenter size-large\"><img loading=\"lazy\" decoding=\"async\" width=\"1024\" height=\"585\" src=\"http:\/\/blog.universofamilia.com\/wp-content\/uploads\/sites\/154\/2024\/12\/DALL\u00b7E-2024-12-26-11.20.34-A-realistic-depiction-of-a-futuristic-highway-with-autonomous-cars-and-trucks-in-operation.-The-scene-should-showcase-modern-technology-such-as-self-d-1024x585.webp\" alt=\"\" class=\"wp-image-174\" srcset=\"https:\/\/blog.universofamilia.com\/wp-content\/uploads\/sites\/154\/2024\/12\/DALL\u00b7E-2024-12-26-11.20.34-A-realistic-depiction-of-a-futuristic-highway-with-autonomous-cars-and-trucks-in-operation.-The-scene-should-showcase-modern-technology-such-as-self-d-1024x585.webp 1024w, https:\/\/blog.universofamilia.com\/wp-content\/uploads\/sites\/154\/2024\/12\/DALL\u00b7E-2024-12-26-11.20.34-A-realistic-depiction-of-a-futuristic-highway-with-autonomous-cars-and-trucks-in-operation.-The-scene-should-showcase-modern-technology-such-as-self-d-300x171.webp 300w, https:\/\/blog.universofamilia.com\/wp-content\/uploads\/sites\/154\/2024\/12\/DALL\u00b7E-2024-12-26-11.20.34-A-realistic-depiction-of-a-futuristic-highway-with-autonomous-cars-and-trucks-in-operation.-The-scene-should-showcase-modern-technology-such-as-self-d-768x439.webp 768w, https:\/\/blog.universofamilia.com\/wp-content\/uploads\/sites\/154\/2024\/12\/DALL\u00b7E-2024-12-26-11.20.34-A-realistic-depiction-of-a-futuristic-highway-with-autonomous-cars-and-trucks-in-operation.-The-scene-should-showcase-modern-technology-such-as-self-d-1536x878.webp 1536w, https:\/\/blog.universofamilia.com\/wp-content\/uploads\/sites\/154\/2024\/12\/DALL\u00b7E-2024-12-26-11.20.34-A-realistic-depiction-of-a-futuristic-highway-with-autonomous-cars-and-trucks-in-operation.-The-scene-should-showcase-modern-technology-such-as-self-d-18x10.webp 18w, https:\/\/blog.universofamilia.com\/wp-content\/uploads\/sites\/154\/2024\/12\/DALL\u00b7E-2024-12-26-11.20.34-A-realistic-depiction-of-a-futuristic-highway-with-autonomous-cars-and-trucks-in-operation.-The-scene-should-showcase-modern-technology-such-as-self-d.webp 1792w\" sizes=\"(max-width: 1024px) 100vw, 1024px\" \/><figcaption class=\"wp-element-caption\">Az \u00f6nvezet\u0151 aut\u00f3k \u00e9s teheraut\u00f3k megjelen\u00e9se<\/figcaption><\/figure><\/div>\n\n\n<h2 class=\"wp-block-heading\"><strong>Hat\u00e1sok a t\u00e1rsadalomra \u00e9s a gazdas\u00e1gra<\/strong><\/h2>\n\n\n\n<p>Az \u00f6nvezet\u0151 j\u00e1rm\u0171vek el\u0151nyei tagadhatatlanok. A legjelent\u0151sebb hat\u00e1sok k\u00f6z\u00fcl kiemelhetj\u00fck:<\/p>\n\n\n\n<ul class=\"wp-block-list\">\n<li><strong>Balesetcs\u00f6kkent\u00e9s:<\/strong> Tanulm\u00e1nyok szerint az \u00f6nvezet\u0151 aut\u00f3kkal a k\u00f6z\u00fati balesetek ak\u00e1r 90%-a is elker\u00fclhet\u0151 lenne.<\/li>\n\n\n\n<li><strong>Kevesebb torl\u00f3d\u00e1s:<\/strong> Az auton\u00f3m vezet\u00e9si rendszerek optimaliz\u00e1lj\u00e1k a forgalom \u00e1raml\u00e1s\u00e1t.<\/li>\n\n\n\n<li><strong>T\u00e1rsadalmi befogad\u00e1s:<\/strong> A fogyat\u00e9kkal \u00e9l\u0151k vagy az id\u0151sek nagy haszn\u00e1t vehetik ennek a technol\u00f3gi\u00e1nak.<\/li>\n\n\n\n<li><strong>\u00c1talakul\u00e1s a munkaer\u0151piacon:<\/strong> Mik\u00f6zben lehet\u0151s\u00e9geket teremt a high-tech szektorokban, a hagyom\u00e1nyos munkak\u00f6r\u00f6ket, p\u00e9ld\u00e1ul a g\u00e9pj\u00e1rm\u0171vezet\u00e9st is felv\u00e1lthatja.<\/li>\n<\/ul>\n\n\n\n<h2 class=\"wp-block-heading\"><strong>K\u00f6vetkeztet\u00e9s<\/strong><\/h2>\n\n\n\n<p>Az \u00f6nvezet\u0151 aut\u00f3k \u00e9s teheraut\u00f3k megjelen\u00e9se korunk egyik legnagyobb \u00faj\u00edt\u00e1sa.<\/p>\n\n\n\n<p>Egy olyan forradalomnak vagyunk tan\u00fai, amely \u00edg\u00e9retet tesz arra, hogy megv\u00e1ltoztatja az utaz\u00e1s \u00e9s az \u00e1rusz\u00e1ll\u00edt\u00e1s m\u00f3dj\u00e1t.<\/p>\n\n\n\n<p>Ez az \u00fat azonban m\u00e9g mindig folyamatban van, tele kih\u00edv\u00e1sokkal \u00e9s lehet\u0151s\u00e9gekkel. Mit gondol err\u0151l a technol\u00f3gi\u00e1r\u00f3l?<\/p>\n\n\n\n<p>Hajland\u00f3 lenn\u00e9l egy \u00f6nvezet\u0151 aut\u00f3ban utazni? \u00cdrd meg a v\u00e9lem\u00e9nyed kommentben!<\/p>\n\n\n\n<p>Ki tudja, tal\u00e1n m\u00e1sokat is arra fogsz inspir\u00e1lni, hogy elgondolkodjanak ezen a m\u00e1r elkezd\u0151d\u00f6tt j\u00f6v\u0151n.<\/p>","protected":false},"excerpt":{"rendered":"<p>Los coches y camiones aut\u00f3nomos ya no son una visi\u00f3n lejana de las pel\u00edculas de ciencia ficci\u00f3n, sino una realidad tangible. Con avances tecnol\u00f3gicos impresionantes, estas m\u00e1quinas est\u00e1n revolucionando el transporte, prometiendo mayor seguridad, eficiencia y conveniencia. Pero, \u00bfc\u00f3mo llegamos hasta aqu\u00ed? \u00bfY qu\u00e9 nos depara el futuro? En este art\u00edculo, exploraremos la historia, los [&hellip;]<\/p>","protected":false},"author":139,"featured_media":174,"comment_status":"closed","ping_status":"open","sticky":false,"template":"","format":"standard","meta":{"footnotes":""},"categories":[4],"tags":[35,76,133],"yoast_head":"<!-- This site is optimized with the Yoast SEO plugin v23.3 - https:\/\/yoast.com\/wordpress\/plugins\/seo\/ -->\n<title>Advenimiento de los Coches y Camiones Aut\u00f3nomos - Blog Universo Fam\u00edlia<\/title>\n<meta name=\"description\" content=\"Advenimiento de los Coches y Camiones Aut\u00f3nomos. Los coches y camiones aut\u00f3nomos ya no son una visi\u00f3n lejana de las pel\u00edculas de ciencia ficci\u00f3n...\" \/>\n<meta name=\"robots\" content=\"index, follow, max-snippet:-1, max-image-preview:large, max-video-preview:-1\" \/>\n<link rel=\"canonical\" href=\"http:\/\/blog.universofamilia.com\/hu\/advenimiento-de-los-coches-y-camiones-autonomos\/\" \/>\n<meta property=\"og:locale\" content=\"hu_HU\" \/>\n<meta property=\"og:type\" content=\"article\" \/>\n<meta property=\"og:title\" content=\"Advenimiento de los Coches y Camiones Aut\u00f3nomos - Blog Universo Fam\u00edlia\" \/>\n<meta property=\"og:description\" content=\"Advenimiento de los Coches y Camiones Aut\u00f3nomos. Los coches y camiones aut\u00f3nomos ya no son una visi\u00f3n lejana de las pel\u00edculas de ciencia ficci\u00f3n...\" \/>\n<meta property=\"og:url\" content=\"http:\/\/blog.universofamilia.com\/hu\/advenimiento-de-los-coches-y-camiones-autonomos\/\" \/>\n<meta property=\"og:site_name\" content=\"Blog Universo Fam\u00edlia\" \/>\n<meta property=\"article:published_time\" content=\"2024-12-26T14:21:50+00:00\" \/>\n<meta property=\"article:modified_time\" content=\"2025-12-12T18:24:11+00:00\" \/>\n<meta property=\"og:image\" content=\"http:\/\/blog.universofamilia.com\/wp-content\/uploads\/sites\/154\/2024\/12\/DALL\u00b7E-2024-12-26-11.20.34-A-realistic-depiction-of-a-futuristic-highway-with-autonomous-cars-and-trucks-in-operation.-The-scene-should-showcase-modern-technology-such-as-self-d.webp\" \/>\n\t<meta property=\"og:image:width\" content=\"1792\" \/>\n\t<meta property=\"og:image:height\" content=\"1024\" \/>\n\t<meta property=\"og:image:type\" content=\"image\/webp\" \/>\n<meta name=\"author\" content=\"Pedro Henrique\" \/>\n<meta name=\"twitter:card\" content=\"summary_large_image\" \/>\n<meta name=\"twitter:label1\" content=\"Written by\" \/>\n\t<meta name=\"twitter:data1\" content=\"Pedro Henrique\" \/>\n\t<meta name=\"twitter:label2\" content=\"Est. reading time\" \/>\n\t<meta name=\"twitter:data2\" content=\"6 perc\" \/>\n<script type=\"application\/ld+json\" class=\"yoast-schema-graph\">{\"@context\":\"https:\/\/schema.org\",\"@graph\":[{\"@type\":\"WebPage\",\"@id\":\"http:\/\/blog.universofamilia.com\/zh_hk\/advenimiento-de-los-coches-y-camiones-autonomos\/\",\"url\":\"http:\/\/blog.universofamilia.com\/zh_hk\/advenimiento-de-los-coches-y-camiones-autonomos\/\",\"name\":\"Advenimiento de los Coches y Camiones Aut\u00f3nomos - Blog Universo Fam\u00edlia\",\"isPartOf\":{\"@id\":\"https:\/\/blog.universofamilia.com\/ko\/#website\"},\"primaryImageOfPage\":{\"@id\":\"http:\/\/blog.universofamilia.com\/zh_hk\/advenimiento-de-los-coches-y-camiones-autonomos\/#primaryimage\"},\"image\":{\"@id\":\"http:\/\/blog.universofamilia.com\/zh_hk\/advenimiento-de-los-coches-y-camiones-autonomos\/#primaryimage\"},\"thumbnailUrl\":\"https:\/\/blog.universofamilia.com\/wp-content\/uploads\/sites\/154\/2024\/12\/DALL\u00b7E-2024-12-26-11.20.34-A-realistic-depiction-of-a-futuristic-highway-with-autonomous-cars-and-trucks-in-operation.-The-scene-should-showcase-modern-technology-such-as-self-d.webp\",\"datePublished\":\"2024-12-26T14:21:50+00:00\",\"dateModified\":\"2025-12-12T18:24:11+00:00\",\"author\":{\"@id\":\"https:\/\/blog.universofamilia.com\/ko\/#\/schema\/person\/f07ce98187dd84d31154262e79b3b7ca\"},\"description\":\"Advenimiento de los Coches y Camiones Aut\u00f3nomos. Los coches y camiones aut\u00f3nomos ya no son una visi\u00f3n lejana de las pel\u00edculas de ciencia ficci\u00f3n...\",\"breadcrumb\":{\"@id\":\"http:\/\/blog.universofamilia.com\/zh_hk\/advenimiento-de-los-coches-y-camiones-autonomos\/#breadcrumb\"},\"inLanguage\":\"hu\",\"potentialAction\":[{\"@type\":\"ReadAction\",\"target\":[\"http:\/\/blog.universofamilia.com\/zh_hk\/advenimiento-de-los-coches-y-camiones-autonomos\/\"]}]},{\"@type\":\"ImageObject\",\"inLanguage\":\"hu\",\"@id\":\"http:\/\/blog.universofamilia.com\/zh_hk\/advenimiento-de-los-coches-y-camiones-autonomos\/#primaryimage\",\"url\":\"https:\/\/blog.universofamilia.com\/wp-content\/uploads\/sites\/154\/2024\/12\/DALL\u00b7E-2024-12-26-11.20.34-A-realistic-depiction-of-a-futuristic-highway-with-autonomous-cars-and-trucks-in-operation.-The-scene-should-showcase-modern-technology-such-as-self-d.webp\",\"contentUrl\":\"https:\/\/blog.universofamilia.com\/wp-content\/uploads\/sites\/154\/2024\/12\/DALL\u00b7E-2024-12-26-11.20.34-A-realistic-depiction-of-a-futuristic-highway-with-autonomous-cars-and-trucks-in-operation.-The-scene-should-showcase-modern-technology-such-as-self-d.webp\",\"width\":1792,\"height\":1024,\"caption\":\"Advenimiento de los Coches y Camiones Aut\u00f3nomos\"},{\"@type\":\"BreadcrumbList\",\"@id\":\"http:\/\/blog.universofamilia.com\/zh_hk\/advenimiento-de-los-coches-y-camiones-autonomos\/#breadcrumb\",\"itemListElement\":[{\"@type\":\"ListItem\",\"position\":1,\"name\":\"Home\",\"item\":\"https:\/\/blog.universofamilia.com\/ko\/\"},{\"@type\":\"ListItem\",\"position\":2,\"name\":\"Advenimiento de los Coches y Camiones Aut\u00f3nomos\"}]},{\"@type\":\"WebSite\",\"@id\":\"https:\/\/blog.universofamilia.com\/ko\/#website\",\"url\":\"https:\/\/blog.universofamilia.com\/ko\/\",\"name\":\"Blog Universo Fam\u00edlia\",\"description\":\"\",\"potentialAction\":[{\"@type\":\"SearchAction\",\"target\":{\"@type\":\"EntryPoint\",\"urlTemplate\":\"https:\/\/blog.universofamilia.com\/ko\/?s={search_term_string}\"},\"query-input\":\"required name=search_term_string\"}],\"inLanguage\":\"hu\"},{\"@type\":\"Person\",\"@id\":\"https:\/\/blog.universofamilia.com\/ko\/#\/schema\/person\/f07ce98187dd84d31154262e79b3b7ca\",\"name\":\"Pedro Henrique\",\"image\":{\"@type\":\"ImageObject\",\"inLanguage\":\"hu\",\"@id\":\"https:\/\/blog.universofamilia.com\/ko\/#\/schema\/person\/image\/\",\"url\":\"https:\/\/secure.gravatar.com\/avatar\/9edfeb808cb4e1599f64d6e45b130154?s=96&d=mm&r=g\",\"contentUrl\":\"https:\/\/secure.gravatar.com\/avatar\/9edfeb808cb4e1599f64d6e45b130154?s=96&d=mm&r=g\",\"caption\":\"Pedro Henrique\"},\"url\":\"https:\/\/blog.universofamilia.com\/hu\/author\/editor01\/\"}]}<\/script>\n<!-- \/ Yoast SEO plugin. -->","yoast_head_json":{"title":"Advenimiento de los Coches y Camiones Aut\u00f3nomos - Blog Universo Fam\u00edlia","description":"Advenimiento de los Coches y Camiones Aut\u00f3nomos. Los coches y camiones aut\u00f3nomos ya no son una visi\u00f3n lejana de las pel\u00edculas de ciencia ficci\u00f3n...","robots":{"index":"index","follow":"follow","max-snippet":"max-snippet:-1","max-image-preview":"max-image-preview:large","max-video-preview":"max-video-preview:-1"},"canonical":"http:\/\/blog.universofamilia.com\/hu\/advenimiento-de-los-coches-y-camiones-autonomos\/","og_locale":"hu_HU","og_type":"article","og_title":"Advenimiento de los Coches y Camiones Aut\u00f3nomos - Blog Universo Fam\u00edlia","og_description":"Advenimiento de los Coches y Camiones Aut\u00f3nomos. Los coches y camiones aut\u00f3nomos ya no son una visi\u00f3n lejana de las pel\u00edculas de ciencia ficci\u00f3n...","og_url":"http:\/\/blog.universofamilia.com\/hu\/advenimiento-de-los-coches-y-camiones-autonomos\/","og_site_name":"Blog Universo Fam\u00edlia","article_published_time":"2024-12-26T14:21:50+00:00","article_modified_time":"2025-12-12T18:24:11+00:00","og_image":[{"width":1792,"height":1024,"url":"http:\/\/blog.universofamilia.com\/wp-content\/uploads\/sites\/154\/2024\/12\/DALL\u00b7E-2024-12-26-11.20.34-A-realistic-depiction-of-a-futuristic-highway-with-autonomous-cars-and-trucks-in-operation.-The-scene-should-showcase-modern-technology-such-as-self-d.webp","type":"image\/webp"}],"author":"Pedro Henrique","twitter_card":"summary_large_image","twitter_misc":{"Written by":"Pedro Henrique","Est. reading time":"6 perc"},"schema":{"@context":"https:\/\/schema.org","@graph":[{"@type":"WebPage","@id":"http:\/\/blog.universofamilia.com\/zh_hk\/advenimiento-de-los-coches-y-camiones-autonomos\/","url":"http:\/\/blog.universofamilia.com\/zh_hk\/advenimiento-de-los-coches-y-camiones-autonomos\/","name":"Advenimiento de los Coches y Camiones Aut\u00f3nomos - Blog Universo Fam\u00edlia","isPartOf":{"@id":"https:\/\/blog.universofamilia.com\/ko\/#website"},"primaryImageOfPage":{"@id":"http:\/\/blog.universofamilia.com\/zh_hk\/advenimiento-de-los-coches-y-camiones-autonomos\/#primaryimage"},"image":{"@id":"http:\/\/blog.universofamilia.com\/zh_hk\/advenimiento-de-los-coches-y-camiones-autonomos\/#primaryimage"},"thumbnailUrl":"https:\/\/blog.universofamilia.com\/wp-content\/uploads\/sites\/154\/2024\/12\/DALL\u00b7E-2024-12-26-11.20.34-A-realistic-depiction-of-a-futuristic-highway-with-autonomous-cars-and-trucks-in-operation.-The-scene-should-showcase-modern-technology-such-as-self-d.webp","datePublished":"2024-12-26T14:21:50+00:00","dateModified":"2025-12-12T18:24:11+00:00","author":{"@id":"https:\/\/blog.universofamilia.com\/ko\/#\/schema\/person\/f07ce98187dd84d31154262e79b3b7ca"},"description":"Advenimiento de los Coches y Camiones Aut\u00f3nomos. Los coches y camiones aut\u00f3nomos ya no son una visi\u00f3n lejana de las pel\u00edculas de ciencia ficci\u00f3n...","breadcrumb":{"@id":"http:\/\/blog.universofamilia.com\/zh_hk\/advenimiento-de-los-coches-y-camiones-autonomos\/#breadcrumb"},"inLanguage":"hu","potentialAction":[{"@type":"ReadAction","target":["http:\/\/blog.universofamilia.com\/zh_hk\/advenimiento-de-los-coches-y-camiones-autonomos\/"]}]},{"@type":"ImageObject","inLanguage":"hu","@id":"http:\/\/blog.universofamilia.com\/zh_hk\/advenimiento-de-los-coches-y-camiones-autonomos\/#primaryimage","url":"https:\/\/blog.universofamilia.com\/wp-content\/uploads\/sites\/154\/2024\/12\/DALL\u00b7E-2024-12-26-11.20.34-A-realistic-depiction-of-a-futuristic-highway-with-autonomous-cars-and-trucks-in-operation.-The-scene-should-showcase-modern-technology-such-as-self-d.webp","contentUrl":"https:\/\/blog.universofamilia.com\/wp-content\/uploads\/sites\/154\/2024\/12\/DALL\u00b7E-2024-12-26-11.20.34-A-realistic-depiction-of-a-futuristic-highway-with-autonomous-cars-and-trucks-in-operation.-The-scene-should-showcase-modern-technology-such-as-self-d.webp","width":1792,"height":1024,"caption":"Advenimiento de los Coches y Camiones Aut\u00f3nomos"},{"@type":"BreadcrumbList","@id":"http:\/\/blog.universofamilia.com\/zh_hk\/advenimiento-de-los-coches-y-camiones-autonomos\/#breadcrumb","itemListElement":[{"@type":"ListItem","position":1,"name":"Home","item":"https:\/\/blog.universofamilia.com\/ko\/"},{"@type":"ListItem","position":2,"name":"Advenimiento de los Coches y Camiones Aut\u00f3nomos"}]},{"@type":"WebSite","@id":"https:\/\/blog.universofamilia.com\/ko\/#website","url":"https:\/\/blog.universofamilia.com\/ko\/","name":"Blog Universo Fam\u00edlia","description":"","potentialAction":[{"@type":"SearchAction","target":{"@type":"EntryPoint","urlTemplate":"https:\/\/blog.universofamilia.com\/ko\/?s={search_term_string}"},"query-input":"required name=search_term_string"}],"inLanguage":"hu"},{"@type":"Person","@id":"https:\/\/blog.universofamilia.com\/ko\/#\/schema\/person\/f07ce98187dd84d31154262e79b3b7ca","name":"Pedro Henrique","image":{"@type":"ImageObject","inLanguage":"hu","@id":"https:\/\/blog.universofamilia.com\/ko\/#\/schema\/person\/image\/","url":"https:\/\/secure.gravatar.com\/avatar\/9edfeb808cb4e1599f64d6e45b130154?s=96&d=mm&r=g","contentUrl":"https:\/\/secure.gravatar.com\/avatar\/9edfeb808cb4e1599f64d6e45b130154?s=96&d=mm&r=g","caption":"Pedro Henrique"},"url":"https:\/\/blog.universofamilia.com\/hu\/author\/editor01\/"}]}},"_links":{"self":[{"href":"https:\/\/blog.universofamilia.com\/hu\/wp-json\/wp\/v2\/posts\/168"}],"collection":[{"href":"https:\/\/blog.universofamilia.com\/hu\/wp-json\/wp\/v2\/posts"}],"about":[{"href":"https:\/\/blog.universofamilia.com\/hu\/wp-json\/wp\/v2\/types\/post"}],"author":[{"embeddable":true,"href":"https:\/\/blog.universofamilia.com\/hu\/wp-json\/wp\/v2\/users\/139"}],"replies":[{"embeddable":true,"href":"https:\/\/blog.universofamilia.com\/hu\/wp-json\/wp\/v2\/comments?post=168"}],"version-history":[{"count":1,"href":"https:\/\/blog.universofamilia.com\/hu\/wp-json\/wp\/v2\/posts\/168\/revisions"}],"predecessor-version":[{"id":1459,"href":"https:\/\/blog.universofamilia.com\/hu\/wp-json\/wp\/v2\/posts\/168\/revisions\/1459"}],"wp:featuredmedia":[{"embeddable":true,"href":"https:\/\/blog.universofamilia.com\/hu\/wp-json\/wp\/v2\/media\/174"}],"wp:attachment":[{"href":"https:\/\/blog.universofamilia.com\/hu\/wp-json\/wp\/v2\/media?parent=168"}],"wp:term":[{"taxonomy":"category","embeddable":true,"href":"https:\/\/blog.universofamilia.com\/hu\/wp-json\/wp\/v2\/categories?post=168"},{"taxonomy":"post_tag","embeddable":true,"href":"https:\/\/blog.universofamilia.com\/hu\/wp-json\/wp\/v2\/tags?post=168"}],"curies":[{"name":"wp","href":"https:\/\/api.w.org\/{rel}","templated":true}]}}