{"id":158,"date":"2024-12-26T13:44:08","date_gmt":"2024-12-26T13:44:08","guid":{"rendered":"https:\/\/blog.universofamilia.com\/?p=158"},"modified":"2024-12-26T13:44:08","modified_gmt":"2024-12-26T13:44:08","slug":"inteligencia-artificial-la-evolucion-del-siglo","status":"publish","type":"post","link":"https:\/\/blog.universofamilia.com\/hu\/inteligencia-artificial-la-evolucion-del-siglo\/","title":{"rendered":"Mesters\u00e9ges intelligencia: Az \u00e9vsz\u00e1zad evol\u00faci\u00f3ja"},"content":{"rendered":"<p>Ha valaha is elgondolkodt\u00e1l azon, hogy a technol\u00f3gia hogyan befoly\u00e1solja a mindennapi \u00e9letedet, akkor val\u00f3sz\u00edn\u0171leg hallott\u00e1l m\u00e1r a mesters\u00e9ges intelligenci\u00e1r\u00f3l (MI).<\/p>\n\n\n\n<p>Ez a forradalom, amely n\u00e9h\u00e1ny \u00e9vvel ezel\u0151tt m\u00e9g tudom\u00e1nyos-fantasztikus t\u00f6rt\u00e9netnek t\u0171nt, most \u00e1talak\u00edtja azt, ahogyan \u00e9l\u00fcnk, dolgozunk \u00e9s a k\u00f6r\u00fcl\u00f6tt\u00fcnk l\u00e9v\u0151 vil\u00e1ggal kommunik\u00e1lunk.<\/p>\n\n\n\n<p>Ebben a cikkben megvizsg\u00e1ljuk, mi a mesters\u00e9ges intelligencia, a t\u00f6rt\u00e9net\u00e9t, hogyan van jelen az \u00e9let\u00fcnkben, \u00e9s merre tartunk ezzel a leny\u0171g\u00f6z\u0151 technol\u00f3gi\u00e1val.<\/p>\n\n\n\n<p>K\u00e9sz\u00fclj fel, mert ez a t\u00e9ma \u00edg\u00e9ret szerint megnyitja az elm\u00e9d!<\/p>\n\n\n\n<h2 class=\"wp-block-heading\">Mi a mesters\u00e9ges intelligencia?<\/h2>\n\n\n\n<p>A mesters\u00e9ges intelligencia nem m\u00e1s, mint egy g\u00e9p vagy szoftver azon k\u00e9pess\u00e9ge, hogy szimul\u00e1lja az emberi viselked\u00e9st, p\u00e9ld\u00e1ul a tanul\u00e1st, az \u00e9rvel\u00e9st \u00e9s a d\u00f6nt\u00e9shozatalt.<\/p>\n\n\n\n<p>Gondolj a virtu\u00e1lis asszisztensekre, mint p\u00e9ld\u00e1ul Alexa vagy Siri: megtanulj\u00e1k a preferenci\u00e1idat, alkalmazkodnak az ig\u00e9nyeidhez, \u00e9s szem\u00e9lyre szabott m\u00f3don reag\u00e1lnak. Ezen interakci\u00f3k m\u00f6g\u00f6tt a folyamatosan fejl\u0151d\u0151 mesters\u00e9ges intelligencia \u00e1ll.<\/p>\n\n\n\n<h2 class=\"wp-block-heading\">A mesters\u00e9ges intelligencia r\u00f6vid t\u00f6rt\u00e9nete<\/h2>\n\n\n\n<p>A mesters\u00e9ges intelligencia koncepci\u00f3ja nem olyan \u00faj kelet\u0171, mint azt sokan hiszik. Eg\u00e9szen az 1950-es \u00e9vekig ny\u00falik vissza, amikor Alan Turing, a sz\u00e1m\u00edt\u00e1stechnika egyik \u00fatt\u00f6r\u0151je azon t\u0171n\u0151d\u00f6tt, hogy a g\u00e9pek k\u00e9pesek-e gondolkodni.<\/p>\n\n\n\n<p>Az\u00f3ta voltak hull\u00e1mv\u00f6lgyeink: nagy el\u0151rel\u00e9p\u00e9sek pillanatai, mint p\u00e9ld\u00e1ul az els\u0151 chatbot l\u00e9trehoz\u00e1sa, \u00e9s stagn\u00e1l\u00e1s id\u0151szakai a fejlett technol\u00f3gia hi\u00e1nya miatt.<\/p>\n\n\n\n<p>Ma azonban egyed\u00fcl\u00e1ll\u00f3 pillanatban \u00e9l\u00fcnk, hihetetlen\u00fcl kifinomult eszk\u00f6z\u00f6k megjelen\u00e9s\u00e9vel, amelyek megv\u00e1ltoztatt\u00e1k a mesters\u00e9ges intelligenci\u00e1r\u00f3l alkotott k\u00e9p\u00fcnket.<\/p>\n\n\n\n<h2 class=\"wp-block-heading\">Hol van jelen a mesters\u00e9ges intelligencia?<\/h2>\n\n\n\n<p>Tudtad, hogy a mesters\u00e9ges intelligencia m\u00e1r az \u00e9leted r\u00e9sze, m\u00e9g ha nem is veszed \u00e9szre? \u00cdme n\u00e9h\u00e1ny p\u00e9lda:<\/p>\n\n\n\n<h3 class=\"wp-block-heading\">1. <strong>Virtu\u00e1lis asszisztensek<\/strong><\/h3>\n\n\n\n<p>Ak\u00e1r a telefonodon, az aut\u00f3dban vagy ak\u00e1r otthon vagy, az olyan asszisztensek, mint a Google Asszisztens, a Siri \u00e9s az Alexa, mesters\u00e9ges intelligenci\u00e1t haszn\u00e1lnak k\u00e9rd\u00e9sek megv\u00e1laszol\u00e1s\u00e1ra, feladatok szervez\u00e9s\u00e9re \u00e9s ak\u00e1r eszk\u00f6z\u00f6k vez\u00e9rl\u00e9s\u00e9re is.<\/p>\n\n\n\n<h3 class=\"wp-block-heading\">2. <strong>K\u00f6z\u00f6ss\u00e9gi h\u00e1l\u00f3zatok<\/strong><\/h3>\n\n\n\n<p>Az algoritmus, amely kiv\u00e1lasztja az Instagramon vagy a Facebookon megjelen\u0151 bejegyz\u00e9seket, a mesters\u00e9ges intelligencia klasszikus p\u00e9ld\u00e1ja. Megtanulja a preferenci\u00e1idat, \u00e9s szem\u00e9lyre szabja a felhaszn\u00e1l\u00f3i \u00e9lm\u00e9nyt.<\/p>\n\n\n\n<h3 class=\"wp-block-heading\">3. <strong>Navig\u00e1ci\u00f3s alkalmaz\u00e1sok<\/strong><\/h3>\n\n\n\n<p>Tudod, amikor a Waze vagy a Google T\u00e9rk\u00e9p gyorsabb \u00fatvonalat javasol? A mesters\u00e9ges intelligencia \u00e1ll m\u00f6g\u00f6tte, val\u00f3s id\u0151ben elemzi a forgalmat \u00e9s megj\u00f3solja a j\u00f6v\u0151beli k\u00f6r\u00fclm\u00e9nyeket.<\/p>\n\n\n\n<h3 class=\"wp-block-heading\">4. <strong>Eg\u00e9szs\u00e9g<\/strong><\/h3>\n\n\n\n<p>A mesters\u00e9ges intelligencia forradalmas\u00edtja az orvosi diagnosztik\u00e1t, seg\u00edtve az eg\u00e9szs\u00e9g\u00fcgyi szakembereket a betegs\u00e9gek gyorsabb \u00e9s pontosabb azonos\u00edt\u00e1s\u00e1ban. Az olyan alkalmaz\u00e1sok, mint a SkinVision, amely a b\u0151rr\u00e1k jeleit elemzi, kiv\u00e1l\u00f3 p\u00e9lda erre.<\/p>\n\n\n\n<h3 class=\"wp-block-heading\">5. <strong>Sz\u00f3rakoz\u00e1s<\/strong><\/h3>\n\n\n\n<p>Amikor a Netflix egy sorozatot vagy filmet aj\u00e1nl, mesters\u00e9ges intelligencia seg\u00edts\u00e9g\u00e9vel megj\u00f3solja, hogy mi fog tetszeni. Ugyanez a logika vonatkozik a Spotify-ra \u00e9s m\u00e1s streaming szolg\u00e1ltat\u00e1sokra is.<\/p>\n\n\n\n<h2 class=\"wp-block-heading\">A mesters\u00e9ges intelligencia el\u0151nyei \u00e9s kih\u00edv\u00e1sai<\/h2>\n\n\n\n<p>Mint minden technol\u00f3gia, a mesters\u00e9ges intelligencia is sz\u00e1mos el\u0151nnyel j\u00e1r, de kih\u00edv\u00e1sokat is jelent.<\/p>\n\n\n\n<p>Vess\u00fcnk egy pillant\u00e1st az \u00e9rem mindk\u00e9t oldal\u00e1ra.<\/p>\n\n\n\n<h3 class=\"wp-block-heading\">El\u0151ny\u00f6k<\/h3>\n\n\n\n<ul class=\"wp-block-list\">\n<li><strong>Hat\u00e9konys\u00e1g<\/strong>A mesters\u00e9ges intelligencia sokkal gyorsabban k\u00e9pes elv\u00e9gezni az ism\u00e9tl\u0151d\u0151 feladatokat, mint az emberek.<\/li>\n\n\n\n<li><strong>Szem\u00e9lyre szab\u00e1s<\/strong>: A felhaszn\u00e1l\u00f3hoz jobban igaz\u00edtott \u00e9lm\u00e9nyt k\u00edn\u00e1l.<\/li>\n\n\n\n<li><strong>Biztons\u00e1g<\/strong>A p\u00e9nz\u00fcgyi szektorban p\u00e9ld\u00e1ul a mesters\u00e9ges intelligenci\u00e1t csal\u00e1sok felder\u00edt\u00e9s\u00e9re haszn\u00e1lj\u00e1k.<\/li>\n\n\n\n<li><strong>Tudom\u00e1nyos el\u0151rel\u00e9p\u00e9sek<\/strong>Felfedez\u00e9seket tesz lehet\u0151v\u00e9 olyan ter\u00fcleteken, mint az orvostudom\u00e1ny, a csillag\u00e1szat \u00e9s az \u00e9ghajlatv\u00e1ltoz\u00e1s.<\/li>\n<\/ul>\n\n\n\n<h3 class=\"wp-block-heading\">Kih\u00edv\u00e1sok<\/h3>\n\n\n\n<ul class=\"wp-block-list\">\n<li><strong>Mag\u00e1n\u00e9let<\/strong>Annyi adat gy\u0171jt\u00e9se mellett hogyan biztos\u00edthatjuk az adatv\u00e9delem tiszteletben tart\u00e1s\u00e1t?<\/li>\n\n\n\n<li><strong>Munkan\u00e9lk\u00fclis\u00e9g<\/strong>A feladatok automatiz\u00e1l\u00e1sa egyes \u00e1gazatokban munkahelyek elveszt\u00e9s\u00e9hez vezethet.<\/li>\n\n\n\n<li><strong>D\u00f6nt\u00e9shozatal<\/strong>Etikus-e hagyni, hogy a g\u00e9pek d\u00f6nts\u00e9k el p\u00e9ld\u00e1ul, hogy ki kapjon k\u00f6lcs\u00f6nt vagy orvosi ell\u00e1t\u00e1st?<\/li>\n<\/ul>\n\n\n\n<figure class=\"wp-block-image alignwide size-large\"><img loading=\"lazy\" decoding=\"async\" width=\"1024\" height=\"585\" src=\"http:\/\/blog.universofamilia.com\/wp-content\/uploads\/sites\/154\/2024\/12\/DALL\u00b7E-2024-12-26-10.43.08-A-realistic-digital-illustration-depicting-the-concept-of-artificial-intelligence.-The-image-features-a-futuristic-cityscape-blending-advanced-technol-1024x585.webp\" alt=\"\" class=\"wp-image-162\" srcset=\"https:\/\/blog.universofamilia.com\/wp-content\/uploads\/sites\/154\/2024\/12\/DALL\u00b7E-2024-12-26-10.43.08-A-realistic-digital-illustration-depicting-the-concept-of-artificial-intelligence.-The-image-features-a-futuristic-cityscape-blending-advanced-technol-1024x585.webp 1024w, https:\/\/blog.universofamilia.com\/wp-content\/uploads\/sites\/154\/2024\/12\/DALL\u00b7E-2024-12-26-10.43.08-A-realistic-digital-illustration-depicting-the-concept-of-artificial-intelligence.-The-image-features-a-futuristic-cityscape-blending-advanced-technol-300x171.webp 300w, https:\/\/blog.universofamilia.com\/wp-content\/uploads\/sites\/154\/2024\/12\/DALL\u00b7E-2024-12-26-10.43.08-A-realistic-digital-illustration-depicting-the-concept-of-artificial-intelligence.-The-image-features-a-futuristic-cityscape-blending-advanced-technol-768x439.webp 768w, https:\/\/blog.universofamilia.com\/wp-content\/uploads\/sites\/154\/2024\/12\/DALL\u00b7E-2024-12-26-10.43.08-A-realistic-digital-illustration-depicting-the-concept-of-artificial-intelligence.-The-image-features-a-futuristic-cityscape-blending-advanced-technol-1536x878.webp 1536w, https:\/\/blog.universofamilia.com\/wp-content\/uploads\/sites\/154\/2024\/12\/DALL\u00b7E-2024-12-26-10.43.08-A-realistic-digital-illustration-depicting-the-concept-of-artificial-intelligence.-The-image-features-a-futuristic-cityscape-blending-advanced-technol-18x10.webp 18w, https:\/\/blog.universofamilia.com\/wp-content\/uploads\/sites\/154\/2024\/12\/DALL\u00b7E-2024-12-26-10.43.08-A-realistic-digital-illustration-depicting-the-concept-of-artificial-intelligence.-The-image-features-a-futuristic-cityscape-blending-advanced-technol.webp 1792w\" sizes=\"(max-width: 1024px) 100vw, 1024px\" \/><figcaption class=\"wp-element-caption\">Mesters\u00e9ges intelligencia: Az \u00e9vsz\u00e1zad evol\u00faci\u00f3ja<\/figcaption><\/figure>\n\n\n\n<h2 class=\"wp-block-heading\">Merre tartunk?<\/h2>\n\n\n\n<p>A mesters\u00e9ges intelligencia j\u00f6v\u0151je izgalmas, de \u00f3vatoss\u00e1got is ig\u00e9nyel. \u00cdme n\u00e9h\u00e1ny trend:<\/p>\n\n\n\n<h3 class=\"wp-block-heading\">1. <strong>Generat\u00edv mesters\u00e9ges intelligencia<\/strong><\/h3>\n\n\n\n<p>Az olyan technol\u00f3gi\u00e1k, mint a ChatGPT, \u00f6n\u00e1ll\u00f3an hoznak l\u00e9tre tartalmakat, forradalmas\u00edtva olyan ter\u00fcleteket, mint a marketing \u00e9s az oktat\u00e1s.<\/p>\n\n\n\n<h3 class=\"wp-block-heading\">2. <strong>\u00d6nvezet\u0151 j\u00e1rm\u0171vek<\/strong><\/h3>\n\n\n\n<p>Az \u00f6nvezet\u0151 aut\u00f3k egyre k\u00f6zelebb ker\u00fclnek a val\u00f3s\u00e1ghoz. \u00cdg\u00e9ret\u00fck szerint cs\u00f6kkenthetik a balesetek sz\u00e1m\u00e1t \u00e9s jav\u00edthatj\u00e1k a v\u00e1rosi mobilit\u00e1st.<\/p>\n\n\n\n<h3 class=\"wp-block-heading\">3. <strong>Szem\u00e9lyre szabott eg\u00e9szs\u00e9g<\/strong><\/h3>\n\n\n\n<p>A mesters\u00e9ges intelligencia seg\u00edts\u00e9g\u00e9vel a kezel\u00e9sek egyre ink\u00e1bb az egyes betegek genetikai profilj\u00e1hoz lesznek igaz\u00edtva.<\/p>\n\n\n\n<h3 class=\"wp-block-heading\">4. <strong>Etika \u00e9s szab\u00e1lyoz\u00e1s<\/strong><\/h3>\n\n\n\n<p>A korm\u00e1nyok \u00e9s int\u00e9zm\u00e9nyek vitatj\u00e1k meg, hogyan szab\u00e1lyozz\u00e1k a mesters\u00e9ges intelligencia haszn\u00e1lat\u00e1t annak \u00e9rdek\u00e9ben, hogy azt tisztess\u00e9gesen \u00e9s biztons\u00e1gosan alkalmazz\u00e1k.<\/p>\n\n\n\n<h2 class=\"wp-block-heading\">Hogyan haszn\u00e1lhatod a mesters\u00e9ges intelligenci\u00e1t a mindennapi \u00e9letedben?<\/h2>\n\n\n\n<p>Nem kell tud\u00f3snak lenned ahhoz, hogy hasznot h\u00fazz a mesters\u00e9ges intelligenci\u00e1b\u00f3l. \u00cdme n\u00e9h\u00e1ny tipp:<\/p>\n\n\n\n<ul class=\"wp-block-list\">\n<li>Haszn\u00e1lj termel\u00e9kenys\u00e9gn\u00f6vel\u0151 alkalmaz\u00e1sokat, p\u00e9ld\u00e1ul a Notiont \u00e9s az Evernote-ot, amelyek mesters\u00e9ges intelligenci\u00e1t haszn\u00e1lnak a feladatok rendszerez\u00e9s\u00e9hez.<\/li>\n\n\n\n<li>Pr\u00f3b\u00e1lj ki fot\u00f3- \u00e9s vide\u00f3szerkeszt\u0151 eszk\u00f6z\u00f6ket, mint p\u00e9ld\u00e1ul a Canv\u00e1t, professzion\u00e1lis tartalmak k\u00e9sz\u00edt\u00e9s\u00e9hez.<\/li>\n\n\n\n<li>Fedezz fel olyan tanul\u00e1si platformokat, mint a Duolingo, amelyek szem\u00e9lyre szabott nyelvoktat\u00e1st biztos\u00edtanak a saj\u00e1t temp\u00f3dban.<\/li>\n<\/ul>\n\n\n\n<h2 class=\"wp-block-heading\">K\u00f6vetkeztet\u00e9s<\/h2>\n\n\n\n<p>A mesters\u00e9ges intelligencia nem csup\u00e1n egy m\u00fal\u00f3 trend. M\u00e1r most is form\u00e1lja a jelen\u00fcnket, \u00e9s a j\u00f6v\u0151 elengedhetetlen r\u00e9sze lesz.<\/p>\n\n\n\n<p>Term\u00e9szetesen vannak kih\u00edv\u00e1sok, de megfelel\u0151 szab\u00e1lyoz\u00e1ssal \u00e9s tudatos haszn\u00e1lattal a mesters\u00e9ges intelligencia hihetetlen el\u0151ny\u00f6kkel j\u00e1rhat a t\u00e1rsadalom sz\u00e1m\u00e1ra.<\/p>\n\n\n\n<p>Most mondd el: Hogyan l\u00e1tod, hogy a mesters\u00e9ges intelligencia hogyan befoly\u00e1solja az \u00e9letedet? Besz\u00e9lj\u00fcnk a hozz\u00e1sz\u00f3l\u00e1sokban!<\/p>\n\n\n\n<h3 class=\"wp-block-heading\"><strong>Gyakran ism\u00e9telt k\u00e9rd\u00e9sek a mesters\u00e9ges intelligenci\u00e1r\u00f3l<\/strong><\/h3>\n\n\n\n<p><strong>1. Mi a mesters\u00e9ges intelligencia?<\/strong><br>A mesters\u00e9ges intelligencia (MI) egy olyan technol\u00f3gia, amely lehet\u0151v\u00e9 teszi a g\u00e9pek \u00e9s szoftverek sz\u00e1m\u00e1ra az emberi k\u00e9pess\u00e9gek, p\u00e9ld\u00e1ul a tanul\u00e1s, az \u00e9rvel\u00e9s \u00e9s a d\u00f6nt\u00e9shozatal szimul\u00e1l\u00e1s\u00e1t. Ezt fejlett algoritmusok \u00e9s hatalmas mennyis\u00e9g\u0171 adat seg\u00edts\u00e9g\u00e9vel \u00e9rik el, amelyek ezeket a g\u00e9peket a k\u00fcl\u00f6nb\u00f6z\u0151 helyzetekhez val\u00f3 alkalmazkod\u00e1sra \u00e9s reag\u00e1l\u00e1sra k\u00e9pezik ki.<\/p>\n\n\n\n<p><strong>2. Hol haszn\u00e1lj\u00e1k a mesters\u00e9ges intelligenci\u00e1t a mindennapi \u00e9letben?<\/strong><br>A mesters\u00e9ges intelligencia olyan alkalmaz\u00e1sokban van jelen, mint a virtu\u00e1lis asszisztensek (Siri, Alexa), a tartalmakat szem\u00e9lyre szab\u00f3 k\u00f6z\u00f6ss\u00e9gi m\u00e9dia algoritmusok, a navig\u00e1ci\u00f3s rendszerek, mint a Google T\u00e9rk\u00e9p, \u00e9s a fejlett orvosi diagnosztikai eszk\u00f6z\u00f6k. Sz\u00f3rakoztat\u00f3iparban is haszn\u00e1lj\u00e1k, p\u00e9ld\u00e1ul a Netflix \u00e9s a Spotify aj\u00e1nl\u00e1saiban.<\/p>\n\n\n\n<p><strong>3. Melyek a mesters\u00e9ges intelligencia f\u0151 el\u0151nyei?<\/strong><br>Az el\u0151ny\u00f6k k\u00f6z\u00f6tt szerepel az ism\u00e9tl\u0151d\u0151 feladatok elv\u00e9gz\u00e9s\u00e9nek hat\u00e9konys\u00e1ga, a felhaszn\u00e1l\u00f3i \u00e9lm\u00e9ny szem\u00e9lyre szab\u00e1sa, a fokozott biztons\u00e1g olyan \u00e1gazatokban, mint a p\u00e9nz\u00fcgy, valamint a tudom\u00e1nyos kutat\u00e1s fejl\u0151d\u00e9se, k\u00fcl\u00f6n\u00f6sen az orvostudom\u00e1ny \u00e9s az \u00e9ghajlatv\u00e9delem ter\u00fclet\u00e9n.<\/p>\n\n\n\n<p><strong>4. Milyen etikai kih\u00edv\u00e1sok mer\u00fclnek fel a mesters\u00e9ges intelligenci\u00e1val kapcsolatban?<\/strong><br>A kih\u00edv\u00e1sok k\u00f6z\u00e9 tartoznak az adatv\u00e9delmi agg\u00e1lyok a nagy mennyis\u00e9g\u0171 adat kezel\u00e9se miatt, a munkahelyi automatiz\u00e1l\u00e1s miatti potenci\u00e1lis munkan\u00e9lk\u00fclis\u00e9g-n\u00f6veked\u00e9s, valamint az etikai k\u00e9rd\u00e9sek a kritikus d\u00f6nt\u00e9shozatalban, p\u00e9ld\u00e1ul a bankhitelek vagy az orvosi diagn\u00f3zisok eset\u00e9ben.<\/p>\n\n\n\n<p><strong>5. Mi a generat\u00edv mesters\u00e9ges intelligencia, \u00e9s hogyan fogja befoly\u00e1solni a j\u00f6v\u0151t?<\/strong><br>A generat\u00edv mesters\u00e9ges intelligencia, ak\u00e1rcsak a ChatGPT, \u00f6n\u00e1ll\u00f3an hoz l\u00e9tre tartalmakat. \u00c1talak\u00edtja az olyan szektorokat, mint a marketing, az oktat\u00e1s \u00e9s a design, lehet\u0151v\u00e9 t\u00e9ve szem\u00e9lyre szabott sz\u00f6vegek, k\u00e9pek \u00e9s vide\u00f3k l\u00e9trehoz\u00e1s\u00e1t.<\/p>\n\n\n\n<p><strong>6. Vajon a mesters\u00e9ges intelligencia felv\u00e1ltja majd az embereket a munkahelyeken?<\/strong><br>B\u00e1r a mesters\u00e9ges intelligencia k\u00e9pes automatiz\u00e1lni a feladatokat, c\u00e9lja nem az, hogy teljesen helyettes\u00edtse az embereket, hanem hogy kieg\u00e9sz\u00edtse \u0151ket azokon a ter\u00fcleteken, amelyek hat\u00e9konys\u00e1got \u00e9s gyors elemz\u00e9st ig\u00e9nyelnek, lehet\u0151v\u00e9 t\u00e9ve az emberek sz\u00e1m\u00e1ra, hogy kreat\u00edvabb \u00e9s strat\u00e9giaibb munk\u00e1ra \u00f6sszpontos\u00edtsanak.<\/p>\n\n\n\n<p><strong>7. Hogyan haszn\u00e1lhatom a mesters\u00e9ges intelligenci\u00e1t a mindennapi \u00e9letemben?<\/strong><br>Haszn\u00e1lhatod az olyan alkalmaz\u00e1sokat, mint a Notion a hat\u00e9konys\u00e1g n\u00f6vel\u00e9s\u00e9re, a Duolingo a nyelvtanul\u00e1sra, a Canva pedig a fot\u00f3- \u00e9s vide\u00f3szerkeszt\u00e9sre.<\/p>","protected":false},"excerpt":{"rendered":"<p>Si alguna vez te has detenido a pensar c\u00f3mo la tecnolog\u00eda impacta en tu d\u00eda a d\u00eda, probablemente hayas o\u00eddo hablar de la inteligencia artificial (IA). Esta revoluci\u00f3n, que hace unos a\u00f1os parec\u00eda ciencia ficci\u00f3n, hoy transforma la manera en que vivimos, trabajamos e interactuamos con el mundo que nos rodea. En este art\u00edculo, exploraremos [&hellip;]<\/p>","protected":false},"author":0,"featured_media":162,"comment_status":"closed","ping_status":"open","sticky":false,"template":"","format":"standard","meta":{"footnotes":""},"categories":[4],"tags":[16,90,132],"yoast_head":"<!-- This site is optimized with the Yoast SEO plugin v23.3 - https:\/\/yoast.com\/wordpress\/plugins\/seo\/ -->\n<title>Inteligencia Artificial: La Evoluci\u00f3n del Siglo - Blog Universo Fam\u00edlia<\/title>\n<meta name=\"description\" content=\"Inteligencia Artificial: La Evoluci\u00f3n del Siglo. Si alguna vez te has detenido a pensar c\u00f3mo la tecnolog\u00eda impacta en tu d\u00eda a d\u00eda...\" \/>\n<meta name=\"robots\" content=\"index, follow, max-snippet:-1, max-image-preview:large, max-video-preview:-1\" \/>\n<link rel=\"canonical\" href=\"https:\/\/blog.universofamilia.com\/hu\/inteligencia-artificial-la-evolucion-del-siglo\/\" \/>\n<meta property=\"og:locale\" content=\"hu_HU\" \/>\n<meta property=\"og:type\" content=\"article\" \/>\n<meta property=\"og:title\" content=\"Inteligencia Artificial: La Evoluci\u00f3n del Siglo - Blog Universo Fam\u00edlia\" \/>\n<meta property=\"og:description\" content=\"Inteligencia Artificial: La Evoluci\u00f3n del Siglo. Si alguna vez te has detenido a pensar c\u00f3mo la tecnolog\u00eda impacta en tu d\u00eda a d\u00eda...\" \/>\n<meta property=\"og:url\" content=\"https:\/\/blog.universofamilia.com\/hu\/inteligencia-artificial-la-evolucion-del-siglo\/\" \/>\n<meta property=\"og:site_name\" content=\"Blog Universo Fam\u00edlia\" \/>\n<meta property=\"article:published_time\" content=\"2024-12-26T13:44:08+00:00\" \/>\n<meta property=\"og:image\" content=\"https:\/\/blog.universofamilia.com\/wp-content\/uploads\/sites\/154\/2024\/12\/DALL\u00b7E-2024-12-26-10.43.08-A-realistic-digital-illustration-depicting-the-concept-of-artificial-intelligence.-The-image-features-a-futuristic-cityscape-blending-advanced-technol.webp\" \/>\n\t<meta property=\"og:image:width\" content=\"1792\" \/>\n\t<meta property=\"og:image:height\" content=\"1024\" \/>\n\t<meta property=\"og:image:type\" content=\"image\/webp\" \/>\n<meta name=\"twitter:card\" content=\"summary_large_image\" \/>\n<meta name=\"twitter:label1\" content=\"Est. reading time\" \/>\n\t<meta name=\"twitter:data1\" content=\"7 perc\" \/>\n<script type=\"application\/ld+json\" class=\"yoast-schema-graph\">{\"@context\":\"https:\/\/schema.org\",\"@graph\":[{\"@type\":\"WebPage\",\"@id\":\"https:\/\/blog.universofamilia.com\/de\/inteligencia-artificial-la-evolucion-del-siglo\/\",\"url\":\"https:\/\/blog.universofamilia.com\/de\/inteligencia-artificial-la-evolucion-del-siglo\/\",\"name\":\"Inteligencia Artificial: La Evoluci\u00f3n del Siglo - Blog Universo Fam\u00edlia\",\"isPartOf\":{\"@id\":\"https:\/\/blog.universofamilia.com\/ko\/#website\"},\"primaryImageOfPage\":{\"@id\":\"https:\/\/blog.universofamilia.com\/de\/inteligencia-artificial-la-evolucion-del-siglo\/#primaryimage\"},\"image\":{\"@id\":\"https:\/\/blog.universofamilia.com\/de\/inteligencia-artificial-la-evolucion-del-siglo\/#primaryimage\"},\"thumbnailUrl\":\"https:\/\/blog.universofamilia.com\/wp-content\/uploads\/sites\/154\/2024\/12\/DALL\u00b7E-2024-12-26-10.43.08-A-realistic-digital-illustration-depicting-the-concept-of-artificial-intelligence.-The-image-features-a-futuristic-cityscape-blending-advanced-technol.webp\",\"datePublished\":\"2024-12-26T13:44:08+00:00\",\"dateModified\":\"2024-12-26T13:44:08+00:00\",\"author\":{\"@id\":\"\"},\"description\":\"Inteligencia Artificial: La Evoluci\u00f3n del Siglo. Si alguna vez te has detenido a pensar c\u00f3mo la tecnolog\u00eda impacta en tu d\u00eda a d\u00eda...\",\"breadcrumb\":{\"@id\":\"https:\/\/blog.universofamilia.com\/de\/inteligencia-artificial-la-evolucion-del-siglo\/#breadcrumb\"},\"inLanguage\":\"hu\",\"potentialAction\":[{\"@type\":\"ReadAction\",\"target\":[\"https:\/\/blog.universofamilia.com\/de\/inteligencia-artificial-la-evolucion-del-siglo\/\"]}]},{\"@type\":\"ImageObject\",\"inLanguage\":\"hu\",\"@id\":\"https:\/\/blog.universofamilia.com\/de\/inteligencia-artificial-la-evolucion-del-siglo\/#primaryimage\",\"url\":\"https:\/\/blog.universofamilia.com\/wp-content\/uploads\/sites\/154\/2024\/12\/DALL\u00b7E-2024-12-26-10.43.08-A-realistic-digital-illustration-depicting-the-concept-of-artificial-intelligence.-The-image-features-a-futuristic-cityscape-blending-advanced-technol.webp\",\"contentUrl\":\"https:\/\/blog.universofamilia.com\/wp-content\/uploads\/sites\/154\/2024\/12\/DALL\u00b7E-2024-12-26-10.43.08-A-realistic-digital-illustration-depicting-the-concept-of-artificial-intelligence.-The-image-features-a-futuristic-cityscape-blending-advanced-technol.webp\",\"width\":1792,\"height\":1024,\"caption\":\"Inteligencia Artificial: La Evoluci\u00f3n del Siglo\"},{\"@type\":\"BreadcrumbList\",\"@id\":\"https:\/\/blog.universofamilia.com\/de\/inteligencia-artificial-la-evolucion-del-siglo\/#breadcrumb\",\"itemListElement\":[{\"@type\":\"ListItem\",\"position\":1,\"name\":\"Home\",\"item\":\"https:\/\/blog.universofamilia.com\/ko\/\"},{\"@type\":\"ListItem\",\"position\":2,\"name\":\"Inteligencia Artificial: La Evoluci\u00f3n del Siglo\"}]},{\"@type\":\"WebSite\",\"@id\":\"https:\/\/blog.universofamilia.com\/ko\/#website\",\"url\":\"https:\/\/blog.universofamilia.com\/ko\/\",\"name\":\"Blog Universo Fam\u00edlia\",\"description\":\"\",\"potentialAction\":[{\"@type\":\"SearchAction\",\"target\":{\"@type\":\"EntryPoint\",\"urlTemplate\":\"https:\/\/blog.universofamilia.com\/ko\/?s={search_term_string}\"},\"query-input\":\"required name=search_term_string\"}],\"inLanguage\":\"hu\"}]}<\/script>\n<!-- \/ Yoast SEO plugin. -->","yoast_head_json":{"title":"Inteligencia Artificial: La Evoluci\u00f3n del Siglo - Blog Universo Fam\u00edlia","description":"Inteligencia Artificial: La Evoluci\u00f3n del Siglo. Si alguna vez te has detenido a pensar c\u00f3mo la tecnolog\u00eda impacta en tu d\u00eda a d\u00eda...","robots":{"index":"index","follow":"follow","max-snippet":"max-snippet:-1","max-image-preview":"max-image-preview:large","max-video-preview":"max-video-preview:-1"},"canonical":"https:\/\/blog.universofamilia.com\/hu\/inteligencia-artificial-la-evolucion-del-siglo\/","og_locale":"hu_HU","og_type":"article","og_title":"Inteligencia Artificial: La Evoluci\u00f3n del Siglo - Blog Universo Fam\u00edlia","og_description":"Inteligencia Artificial: La Evoluci\u00f3n del Siglo. Si alguna vez te has detenido a pensar c\u00f3mo la tecnolog\u00eda impacta en tu d\u00eda a d\u00eda...","og_url":"https:\/\/blog.universofamilia.com\/hu\/inteligencia-artificial-la-evolucion-del-siglo\/","og_site_name":"Blog Universo Fam\u00edlia","article_published_time":"2024-12-26T13:44:08+00:00","og_image":[{"width":1792,"height":1024,"url":"https:\/\/blog.universofamilia.com\/wp-content\/uploads\/sites\/154\/2024\/12\/DALL\u00b7E-2024-12-26-10.43.08-A-realistic-digital-illustration-depicting-the-concept-of-artificial-intelligence.-The-image-features-a-futuristic-cityscape-blending-advanced-technol.webp","type":"image\/webp"}],"twitter_card":"summary_large_image","twitter_misc":{"Est. reading time":"7 perc"},"schema":{"@context":"https:\/\/schema.org","@graph":[{"@type":"WebPage","@id":"https:\/\/blog.universofamilia.com\/de\/inteligencia-artificial-la-evolucion-del-siglo\/","url":"https:\/\/blog.universofamilia.com\/de\/inteligencia-artificial-la-evolucion-del-siglo\/","name":"Inteligencia Artificial: La Evoluci\u00f3n del Siglo - Blog Universo Fam\u00edlia","isPartOf":{"@id":"https:\/\/blog.universofamilia.com\/ko\/#website"},"primaryImageOfPage":{"@id":"https:\/\/blog.universofamilia.com\/de\/inteligencia-artificial-la-evolucion-del-siglo\/#primaryimage"},"image":{"@id":"https:\/\/blog.universofamilia.com\/de\/inteligencia-artificial-la-evolucion-del-siglo\/#primaryimage"},"thumbnailUrl":"https:\/\/blog.universofamilia.com\/wp-content\/uploads\/sites\/154\/2024\/12\/DALL\u00b7E-2024-12-26-10.43.08-A-realistic-digital-illustration-depicting-the-concept-of-artificial-intelligence.-The-image-features-a-futuristic-cityscape-blending-advanced-technol.webp","datePublished":"2024-12-26T13:44:08+00:00","dateModified":"2024-12-26T13:44:08+00:00","author":{"@id":""},"description":"Inteligencia Artificial: La Evoluci\u00f3n del Siglo. Si alguna vez te has detenido a pensar c\u00f3mo la tecnolog\u00eda impacta en tu d\u00eda a d\u00eda...","breadcrumb":{"@id":"https:\/\/blog.universofamilia.com\/de\/inteligencia-artificial-la-evolucion-del-siglo\/#breadcrumb"},"inLanguage":"hu","potentialAction":[{"@type":"ReadAction","target":["https:\/\/blog.universofamilia.com\/de\/inteligencia-artificial-la-evolucion-del-siglo\/"]}]},{"@type":"ImageObject","inLanguage":"hu","@id":"https:\/\/blog.universofamilia.com\/de\/inteligencia-artificial-la-evolucion-del-siglo\/#primaryimage","url":"https:\/\/blog.universofamilia.com\/wp-content\/uploads\/sites\/154\/2024\/12\/DALL\u00b7E-2024-12-26-10.43.08-A-realistic-digital-illustration-depicting-the-concept-of-artificial-intelligence.-The-image-features-a-futuristic-cityscape-blending-advanced-technol.webp","contentUrl":"https:\/\/blog.universofamilia.com\/wp-content\/uploads\/sites\/154\/2024\/12\/DALL\u00b7E-2024-12-26-10.43.08-A-realistic-digital-illustration-depicting-the-concept-of-artificial-intelligence.-The-image-features-a-futuristic-cityscape-blending-advanced-technol.webp","width":1792,"height":1024,"caption":"Inteligencia Artificial: La Evoluci\u00f3n del Siglo"},{"@type":"BreadcrumbList","@id":"https:\/\/blog.universofamilia.com\/de\/inteligencia-artificial-la-evolucion-del-siglo\/#breadcrumb","itemListElement":[{"@type":"ListItem","position":1,"name":"Home","item":"https:\/\/blog.universofamilia.com\/ko\/"},{"@type":"ListItem","position":2,"name":"Inteligencia Artificial: La Evoluci\u00f3n del Siglo"}]},{"@type":"WebSite","@id":"https:\/\/blog.universofamilia.com\/ko\/#website","url":"https:\/\/blog.universofamilia.com\/ko\/","name":"Blog Universo Fam\u00edlia","description":"","potentialAction":[{"@type":"SearchAction","target":{"@type":"EntryPoint","urlTemplate":"https:\/\/blog.universofamilia.com\/ko\/?s={search_term_string}"},"query-input":"required name=search_term_string"}],"inLanguage":"hu"}]}},"_links":{"self":[{"href":"https:\/\/blog.universofamilia.com\/hu\/wp-json\/wp\/v2\/posts\/158"}],"collection":[{"href":"https:\/\/blog.universofamilia.com\/hu\/wp-json\/wp\/v2\/posts"}],"about":[{"href":"https:\/\/blog.universofamilia.com\/hu\/wp-json\/wp\/v2\/types\/post"}],"replies":[{"embeddable":true,"href":"https:\/\/blog.universofamilia.com\/hu\/wp-json\/wp\/v2\/comments?post=158"}],"version-history":[{"count":0,"href":"https:\/\/blog.universofamilia.com\/hu\/wp-json\/wp\/v2\/posts\/158\/revisions"}],"wp:featuredmedia":[{"embeddable":true,"href":"https:\/\/blog.universofamilia.com\/hu\/wp-json\/wp\/v2\/media\/162"}],"wp:attachment":[{"href":"https:\/\/blog.universofamilia.com\/hu\/wp-json\/wp\/v2\/media?parent=158"}],"wp:term":[{"taxonomy":"category","embeddable":true,"href":"https:\/\/blog.universofamilia.com\/hu\/wp-json\/wp\/v2\/categories?post=158"},{"taxonomy":"post_tag","embeddable":true,"href":"https:\/\/blog.universofamilia.com\/hu\/wp-json\/wp\/v2\/tags?post=158"}],"curies":[{"name":"wp","href":"https:\/\/api.w.org\/{rel}","templated":true}]}}