{"id":150,"date":"2024-12-26T13:30:08","date_gmt":"2024-12-26T13:30:08","guid":{"rendered":"https:\/\/blog.universofamilia.com\/?p=150"},"modified":"2024-12-26T13:30:08","modified_gmt":"2024-12-26T13:30:08","slug":"la-transformacion-digital-de-los-anos-2000","status":"publish","type":"post","link":"https:\/\/blog.universofamilia.com\/hu\/la-transformacion-digital-de-los-anos-2000\/","title":{"rendered":"A 2000-es \u00e9vek digit\u00e1lis \u00e1talakul\u00e1sa"},"content":{"rendered":"<p>Az ezredfordul\u00f3 m\u00e9lyrehat\u00f3 \u00e1talakul\u00e1sok id\u0151szak\u00e1t jelentette \u00e9let\u00fcnk szinte minden ter\u00fclet\u00e9n.<\/p>\n\n\n\n<p>K\u00f6z\u00fcl\u00fck a digit\u00e1lis transzform\u00e1ci\u00f3 \u00e9rdemel k\u00fcl\u00f6n eml\u00edt\u00e9st.<\/p>\n\n\n\n<p>Akik \u00e1t\u00e9lt\u00e9k a 2000-es \u00e9veket, eml\u00e9keznek a bet\u00e1rcs\u00e1z\u00f3s internet hangj\u00e1ra, a mobiltelefon-forradalomra \u00e9s a k\u00f6z\u00f6ss\u00e9gi m\u00e9dia megjelen\u00e9s\u00e9re, amelyek \u2013 legy\u00fcnk \u0151szint\u00e9k \u2013 megv\u00e1ltoztatt\u00e1k a kommunik\u00e1ci\u00f3, a munka \u00e9s a sz\u00f3rakoz\u00e1s m\u00f3dj\u00e1t.<\/p>\n\n\n\n<p>De mi hat\u00e1rozta meg igaz\u00e1n azt az \u00e9vtizedet? Fedezz\u00fck fel egy\u00fctt a digit\u00e1lis \u00e1talakul\u00e1s legfontosabb aspektusait \u00e9s a vil\u00e1gra gyakorolt hat\u00e1s\u00e1t.<\/p>\n\n\n\n<h2 class=\"wp-block-heading\"><strong>A sz\u00e9less\u00e1v\u00fa internet \u00e9rkez\u00e9se<\/strong><\/h2>\n\n\n\n<p>Ha \u00e1t\u00e9lted a 90-es \u00e9veket, val\u00f3sz\u00edn\u0171leg eml\u00e9kszel, milyen volt csatlakozni az internethez. A bet\u00e1rcs\u00e1z\u00f3s internet zaja manaps\u00e1g szinte nosztalgikus, de hihetetlen\u00fcl korl\u00e1tozott volt.<\/p>\n\n\n\n<p>A 2000-es \u00e9vekben a sz\u00e9less\u00e1v\u00fa internet kezdett n\u00e9pszer\u0171v\u00e9 v\u00e1lni, forradalmas\u00edtva az inform\u00e1ci\u00f3hoz \u00e9s a kommunik\u00e1ci\u00f3hoz val\u00f3 hozz\u00e1f\u00e9r\u00e9st.<\/p>\n\n\n\n<p>A gyorsabb internettel olyan platformok, mint a YouTube \u00e9s a blogok vir\u00e1goztak, lehet\u0151v\u00e9 t\u00e9ve a h\u00e9tk\u00f6znapi emberek sz\u00e1m\u00e1ra, hogy tartalomk\u00e9sz\u00edt\u0151kk\u00e9 v\u00e1ljanak.<\/p>\n\n\n\n<p>Ki ne eml\u00e9kezne az els\u0151 vir\u00e1lis vide\u00f3kra? Akkoriban kezdett el terjedni a \u201edigit\u00e1lis influenszer\u201d kifejez\u00e9s.<\/p>\n\n\n\n<h2 class=\"wp-block-heading\"><strong>A mobiltelefonb\u00f3l okostelefon lesz<\/strong><\/h2>\n\n\n\n<p>2000 el\u0151tt a mobiltelefonokat alapvet\u0151en h\u00edv\u00e1sok kezdem\u00e9nyez\u00e9s\u00e9re \u00e9s legfeljebb SMS-ek k\u00fcld\u00e9s\u00e9re haszn\u00e1lt\u00e1k.<\/p>\n\n\n\n<p>Azt\u00e1n j\u00f6tt az okostelefon-forradalom, amelyet olyan c\u00e9gek vezettek, mint a Nokia, majd k\u00e9s\u0151bb az Apple a 2007-es iPhone-nal.<\/p>\n\n\n\n<p>Eml\u00e9kszel a klasszikus K\u00edgy\u00f3s j\u00e1t\u00e9kra? Az volt a legjobb! De azt\u00e1n hirtelen megjelentek a mobiltelefonok kamer\u00e1kkal, internet-hozz\u00e1f\u00e9r\u00e9ssel, s\u0151t olyan alkalmaz\u00e1sokkal is, amelyek teljesen \u00e1talak\u00edtott\u00e1k a mindennapi \u00e9let\u00fcnket.<\/p>\n\n\n\n<p>Manaps\u00e1g mindenre haszn\u00e1ljuk a telefonunkat, az \u00e9telrendel\u00e9st\u0151l kezdve \u00e9let\u00fcnk szerelm\u00e9nek megtal\u00e1l\u00e1s\u00e1ig t\u00e1rskeres\u0151 alkalmaz\u00e1sokon.<\/p>\n\n\n\n<h2 class=\"wp-block-heading\"><strong>A k\u00f6z\u00f6ss\u00e9gi m\u00e9dia fellend\u00fcl\u00e9se<\/strong><\/h2>\n\n\n\n<p>\u00d3, a k\u00f6z\u00f6ss\u00e9gi m\u00e9dia! Eml\u00e9kszel m\u00e9g az Orkutra? A 2000-es \u00e9vek elej\u00e9n az egy jelens\u00e9g volt. Mindenki meg akart h\u00edvni ebbe a h\u00e1l\u00f3zatba, ahol a k\u00f6z\u00f6ss\u00e9gek \u00e9s a v\u00e9lem\u00e9nyek voltak a k\u00f6z\u00e9ppontj\u00e1ban.<\/p>\n\n\n\n<p>\u00c9s nem telt bele sok id\u0151, mire a Facebook, a Twitter, majd k\u00e9s\u0151bb az Instagram uralta a piacot.<\/p>\n\n\n\n<p>A k\u00f6z\u00f6ss\u00e9gi m\u00e9dia megv\u00e1ltoztatta a bar\u00e1tokkal \u00e9s a csal\u00e1ddal val\u00f3 kapcsolattart\u00e1s m\u00f3dj\u00e1t, teret teremtve a m\u00e1rk\u00e1k \u00e9s az influenszerek sz\u00e1m\u00e1ra is.<\/p>\n\n\n\n<h2 class=\"wp-block-heading\"><strong>Streaming \u00e9s ig\u00e9ny szerinti sz\u00f3rakoztat\u00e1s<\/strong><\/h2>\n\n\n\n<p>Kor\u00e1bban egy film vagy t\u00e9v\u00e9m\u0171sor megtekint\u00e9se egy fix id\u0151beoszt\u00e1shoz k\u00f6t\u00f6tt.<\/p>\n\n\n\n<p>A 2000-es \u00e9vekben az olyan streaming platformok, mint a Netflix (ami kezdetben egy DVD-ket postai \u00faton k\u00fcld\u0151 szolg\u00e1ltat\u00e1s volt), \u00e1talak\u00edtott\u00e1k a sz\u00f3rakoztat\u00f3ipar fogyaszt\u00e1s\u00e1t.<\/p>\n\n\n\n<p>Hirtelen azt l\u00e1thattuk, amit akartunk, akkor, amikor akartuk. Nem volt ez csod\u00e1latos?<\/p>\n\n\n\n<p>Manaps\u00e1g a streaming piac hatalmas, \u00e9s az olyan c\u00e9gek k\u00f6z\u00f6tti verseny, mint az Amazon Prime, a Disney+ \u00e9s m\u00e1sok, csak n\u00f6vekszik. Mindez a 2000-es \u00e9vek digit\u00e1lis \u00e1talakul\u00e1s\u00e1ban kezd\u0151d\u00f6tt.<\/p>\n\n\n\n<h2 class=\"wp-block-heading\"><strong>Az e-kereskedelem egyre elterjedtebb\u00e9 v\u00e1lik<\/strong><\/h2>\n\n\n\n<p>Az online v\u00e1s\u00e1rl\u00e1s a 2000-es \u00e9vek elej\u00e9n m\u00e9g \u00fajdons\u00e1gnak sz\u00e1m\u00edtott.<\/p>\n\n\n\n<p>Az Amazon \u00e9s az eBay kezdte uralni a glob\u00e1lis piacot, m\u00edg itt, Latin-Amerik\u00e1ban a Mercado Libre \u00e9s m\u00e1s helyi oldalak h\u00f3d\u00edtottak meg.<\/p>\n\n\n\n<p>Az emberek r\u00e1j\u00f6ttek, hogy mindent megv\u00e1s\u00e1rolhatnak an\u00e9lk\u00fcl, hogy elhagyn\u00e1k otthonukat, a k\u00f6nyvekt\u0151l kezdve a ruh\u00e1kon \u00e1t az elektronikai cikkekig.<\/p>\n\n\n\n<p>Az e-kereskedelem n\u00f6veked\u00e9s\u00e9vel kih\u00edv\u00e1sok is felmer\u00fcltek, p\u00e9ld\u00e1ul a tranzakci\u00f3k biztons\u00e1ga.<\/p>\n\n\n\n<p>De k\u00e9ts\u00e9gtelen, hogy ez egy olyan id\u0151szak volt, amikor a fogyaszt\u00e1si szok\u00e1sok val\u00f3di forradalmon mentek kereszt\u00fcl.<\/p>\n\n\n<div class=\"wp-block-image\">\n<figure class=\"aligncenter size-large\"><img loading=\"lazy\" decoding=\"async\" width=\"1024\" height=\"585\" src=\"http:\/\/blog.universofamilia.com\/wp-content\/uploads\/sites\/154\/2024\/12\/DALL\u00b7E-2024-12-26-10.29.00-A-realistic-digital-illustration-showcasing-the-transformation-of-technology-in-the-2000s.-The-image-features-key-elements-like-a-vintage-smartphone--1024x585.webp\" alt=\"\" class=\"wp-image-155\" srcset=\"https:\/\/blog.universofamilia.com\/wp-content\/uploads\/sites\/154\/2024\/12\/DALL\u00b7E-2024-12-26-10.29.00-A-realistic-digital-illustration-showcasing-the-transformation-of-technology-in-the-2000s.-The-image-features-key-elements-like-a-vintage-smartphone--1024x585.webp 1024w, https:\/\/blog.universofamilia.com\/wp-content\/uploads\/sites\/154\/2024\/12\/DALL\u00b7E-2024-12-26-10.29.00-A-realistic-digital-illustration-showcasing-the-transformation-of-technology-in-the-2000s.-The-image-features-key-elements-like-a-vintage-smartphone--300x171.webp 300w, https:\/\/blog.universofamilia.com\/wp-content\/uploads\/sites\/154\/2024\/12\/DALL\u00b7E-2024-12-26-10.29.00-A-realistic-digital-illustration-showcasing-the-transformation-of-technology-in-the-2000s.-The-image-features-key-elements-like-a-vintage-smartphone--768x439.webp 768w, https:\/\/blog.universofamilia.com\/wp-content\/uploads\/sites\/154\/2024\/12\/DALL\u00b7E-2024-12-26-10.29.00-A-realistic-digital-illustration-showcasing-the-transformation-of-technology-in-the-2000s.-The-image-features-key-elements-like-a-vintage-smartphone--1536x878.webp 1536w, https:\/\/blog.universofamilia.com\/wp-content\/uploads\/sites\/154\/2024\/12\/DALL\u00b7E-2024-12-26-10.29.00-A-realistic-digital-illustration-showcasing-the-transformation-of-technology-in-the-2000s.-The-image-features-key-elements-like-a-vintage-smartphone--18x10.webp 18w, https:\/\/blog.universofamilia.com\/wp-content\/uploads\/sites\/154\/2024\/12\/DALL\u00b7E-2024-12-26-10.29.00-A-realistic-digital-illustration-showcasing-the-transformation-of-technology-in-the-2000s.-The-image-features-key-elements-like-a-vintage-smartphone-.webp 1792w\" sizes=\"(max-width: 1024px) 100vw, 1024px\" \/><figcaption class=\"wp-element-caption\">A 2000-es \u00e9vek digit\u00e1lis \u00e1talakul\u00e1sa<\/figcaption><\/figure><\/div>\n\n\n<h2 class=\"wp-block-heading\"><strong>A mesters\u00e9ges intelligencia els\u0151 l\u00e9p\u00e9sei<\/strong><\/h2>\n\n\n\n<p>B\u00e1r a mesters\u00e9ges intelligenci\u00e1t ink\u00e1bb a modern technol\u00f3gi\u00e1khoz k\u00f6tik, els\u0151 l\u00e9p\u00e9sei is a 2000-es \u00e9vekben t\u00f6rt\u00e9ntek.<\/p>\n\n\n\n<p>A v\u00e1llalatok algoritmusokat kezdtek haszn\u00e1lni a felhaszn\u00e1l\u00f3i \u00e9lm\u00e9ny szem\u00e9lyre szab\u00e1s\u00e1hoz, p\u00e9ld\u00e1ul az Amazon aj\u00e1nl\u00e1saihoz vagy a Spotify lej\u00e1tsz\u00e1si list\u00e1ihoz.<\/p>\n\n\n\n<p>Eml\u00e9kszik valaki a klasszikus \u201eClippy\u201d-re, a Microsoft asszisztens\u00e9re? B\u00e1r kezdetleges volt, egy olyan koncepci\u00f3t k\u00e9pviselt, amelyet ma m\u00e1r olyan virtu\u00e1lis asszisztensek t\u00f6k\u00e9letes\u00edtenek, mint az Alexa \u00e9s a Google Asszisztens.<\/p>\n\n\n\n<h2 class=\"wp-block-heading\"><strong>Oktat\u00e1s \u00e9s munka a digit\u00e1lis korban<\/strong><\/h2>\n\n\n\n<p>A 2000-es \u00e9vek forradalmat hoztak az oktat\u00e1sban \u00e9s a munk\u00e1ban is. Megjelentek az online tanul\u00e1si platformok, amelyek online kurzusokat k\u00edn\u00e1ltak a k\u00e9pes\u00edt\u00e9st szerezni k\u00edv\u00e1n\u00f3k sz\u00e1m\u00e1ra.<\/p>\n\n\n\n<p>A v\u00e1llalatok digit\u00e1lis eszk\u00f6z\u00f6ket is bevezettek, p\u00e9ld\u00e1ul e-mailt \u00e9s videokonferenci\u00e1t, amelyek megk\u00f6nny\u00edtett\u00e9k a t\u00e1vmunk\u00e1t, ami az elm\u00falt \u00e9vekben elengedhetetlenn\u00e9 v\u00e1lt.<\/p>\n\n\n\n<p>Ki ne pr\u00f3b\u00e1lt volna m\u00e1r ki egy online kurzust, \u00e9s fedezte volna fel, hogy az otthoni tanul\u00e1s lehet \u00e1ld\u00e1s \u00e9s kih\u00edv\u00e1s is egyszerre?<\/p>\n\n\n\n<h2 class=\"wp-block-heading\"><strong>Konkl\u00fazi\u00f3: Egy \u00e9vtized, amely \u00e1talak\u00edtotta a j\u00f6v\u0151t<\/strong><\/h2>\n\n\n\n<p>A 2000-es \u00e9vekre visszatekinteni olyan, mintha \u00fajra \u00e1tgondoln\u00e1nk a mai vil\u00e1g alapjait.<\/p>\n\n\n\n<p>Az \u00e9vtized digit\u00e1lis \u00e1talakul\u00e1sa olyan eszk\u00f6z\u00f6ket adott a kez\u00fcnkbe, amelyek form\u00e1lt\u00e1k az \u00e9let\u00fcnket, a munk\u00e1nkat \u00e9s az interakci\u00f3nkat.<\/p>\n\n\n\n<p>\u00c9s neked milyen eml\u00e9keid vannak arr\u00f3l az id\u0151szakr\u00f3l? Oszd meg a 2000-es \u00e9vek digit\u00e1lis v\u00e1ltoz\u00e1saival kapcsolatos tapasztalataidat a hozz\u00e1sz\u00f3l\u00e1sokban, \u00e9s oszd meg ezt a bejegyz\u00e9st valakivel, aki \u00e1t\u00e9lte ezt a hihetetlen \u00e9vtizedet. Folytassuk a besz\u00e9lget\u00e9st!<\/p>\n\n\n\n<h3 class=\"wp-block-heading\"><strong>Gyakran ism\u00e9telt k\u00e9rd\u00e9sek a 2000-es \u00e9vek digit\u00e1lis \u00e1talakul\u00e1s\u00e1val kapcsolatban<\/strong><\/h3>\n\n\n\n<p><strong>1. Mit jelent a 2000-es \u00e9vek digit\u00e1lis \u00e1talakul\u00e1sa?<\/strong><br>A 2000-es \u00e9vek digit\u00e1lis \u00e1talakul\u00e1sa a technol\u00f3giai v\u00e1ltoz\u00e1sok egyik kulcsfontoss\u00e1g\u00fa id\u0151szaka volt, amely a sz\u00e9less\u00e1v\u00fa internet, az okostelefonok \u00e9s a k\u00f6z\u00f6ss\u00e9gi m\u00e9dia sz\u00e9les k\u00f6r\u0171 elterjed\u00e9s\u00e9t hozta mag\u00e1val. Ez a jelens\u00e9g egy olyan korszak kezdet\u00e9t jelentette, amelyben a technol\u00f3gia m\u00e9lyrehat\u00f3an befoly\u00e1solta \u00e9letm\u00f3dunkat, munkav\u00e9gz\u00e9s\u00fcnket \u00e9s kommunik\u00e1ci\u00f3nkat.<\/p>\n\n\n\n<p><strong>2. Hogyan befoly\u00e1solta a dolgokat a sz\u00e9less\u00e1v\u00fa internet megjelen\u00e9se?<\/strong><br>A sz\u00e9less\u00e1v\u00fa internet sokkal gyorsabb \u00e9s stabilabb internetkapcsolatot tett lehet\u0151v\u00e9, megk\u00f6nny\u00edtve a hozz\u00e1f\u00e9r\u00e9st olyan \u00faj platformokhoz, mint a YouTube, blogok \u00e9s online szolg\u00e1ltat\u00e1sok. Ez \u00e1talak\u00edtotta az emberek inform\u00e1ci\u00f3fogyaszt\u00e1s\u00e1nak \u00e9s a glob\u00e1lis kommunik\u00e1ci\u00f3nak a m\u00f3dj\u00e1t.<\/p>\n\n\n\n<p><strong>3. Milyen szerepet j\u00e1tszottak az okostelefonok?<\/strong><br>Az okostelefonok forradalmas\u00edtott\u00e1k a kommunik\u00e1ci\u00f3t a kamer\u00e1k, az internet-hozz\u00e1f\u00e9r\u00e9s \u00e9s az alkalmaz\u00e1sok integr\u00e1l\u00e1s\u00e1val. Ezek a multifunkcion\u00e1lis eszk\u00f6z\u00f6k n\u00e9lk\u00fcl\u00f6zhetetlen eszk\u00f6z\u00f6kk\u00e9 v\u00e1ltak a mindennapi \u00e9letben, megk\u00f6nny\u00edtve az olyan feladatokat, mint a t\u00e1vmunka \u00e9s a val\u00f3s idej\u0171 kapcsolattart\u00e1s.<\/p>\n\n\n\n<p><strong>4. Mi\u00e9rt voltak olyan fontosak a k\u00f6z\u00f6ss\u00e9gi h\u00e1l\u00f3zatok?<\/strong><br>Az olyan k\u00f6z\u00f6ss\u00e9gi h\u00e1l\u00f3zatok, mint az Orkut, a Facebook \u00e9s a Twitter, megv\u00e1ltoztatt\u00e1k az emberek interakci\u00f3j\u00e1t. Tereket hoztak l\u00e9tre az \u00e9lm\u00e9nyek megoszt\u00e1s\u00e1ra, a kapcsolatok er\u0151s\u00edt\u00e9s\u00e9re \u00e9s az online k\u00f6z\u00f6ss\u00e9gek \u00e9p\u00edt\u00e9s\u00e9re, lerakva a mai digit\u00e1lis befoly\u00e1s alapjait.<\/p>\n\n\n\n<p><strong>5. Mi volt az e-kereskedelem jelent\u0151s\u00e9ge?<\/strong><br>Az e-kereskedelem megszil\u00e1rd\u00edtotta a fogyaszt\u00e1s egy \u00faj form\u00e1j\u00e1t. Az olyan oldalak, mint az Amazon \u00e9s a Mercado Libre, lehet\u0151v\u00e9 tett\u00e9k az otthon elhagy\u00e1sa n\u00e9lk\u00fcli v\u00e1s\u00e1rl\u00e1st, \u00faj fogyaszt\u00e1si dinamik\u00e1val \u00e1talak\u00edtva a glob\u00e1lis \u00e9s a helyi piacokat.<\/p>\n\n\n\n<p><strong>6. Milyen el\u0151rel\u00e9p\u00e9sek t\u00f6rt\u00e9ntek a mesters\u00e9ges intelligencia ter\u00fclet\u00e9n?<\/strong><br>B\u00e1r m\u00e9g korai szakaszban van, a mesters\u00e9ges intelligencia m\u00e1r elkezdte szem\u00e9lyre szabni az \u00e9lm\u00e9nyeket algoritmusok seg\u00edts\u00e9g\u00e9vel. Ilyenek p\u00e9ld\u00e1ul az Amazon aj\u00e1nl\u00e1sai \u00e9s a Spotify lej\u00e1tsz\u00e1si list\u00e1i, amelyek el\u0151revet\u00edtik a virtu\u00e1lis asszisztensek jelenlegi haszn\u00e1lat\u00e1t.<\/p>\n\n\n\n<p><strong>7. Hogyan v\u00e1ltozott az oktat\u00e1s \u00e9s a munka?<\/strong><br>Az oktat\u00e1s \u00e9s a munka is profit\u00e1lt a digit\u00e1lis eszk\u00f6z\u00f6kb\u0151l, p\u00e9ld\u00e1ul az online tanul\u00e1si platformokb\u00f3l \u00e9s a videokonferenci\u00e1kb\u00f3l, amelyek megk\u00f6nny\u00edtett\u00e9k a tud\u00e1shoz val\u00f3 hozz\u00e1f\u00e9r\u00e9st \u00e9s a t\u00e1vmunk\u00e1t, alkalmazkodva a modern ig\u00e9nyekhez.<\/p>\n\n\n\n<p><\/p>","protected":false},"excerpt":{"rendered":"<p>El cambio de milenio marc\u00f3 un per\u00edodo de profundas transformaciones en casi todos los aspectos de nuestra vida. Entre ellas, la transformaci\u00f3n digital merece una menci\u00f3n especial. Quienes vivieron los a\u00f1os 2000 recuerdan el sonido del internet de marcaci\u00f3n, la revoluci\u00f3n de los tel\u00e9fonos m\u00f3viles y la aparici\u00f3n de las redes sociales que, seamos honestos, [&hellip;]<\/p>","protected":false},"author":0,"featured_media":155,"comment_status":"closed","ping_status":"open","sticky":false,"template":"","format":"standard","meta":{"footnotes":""},"categories":[4],"tags":[85,89,138],"yoast_head":"<!-- This site is optimized with the Yoast SEO plugin v23.3 - https:\/\/yoast.com\/wordpress\/plugins\/seo\/ -->\n<title>La Transformaci\u00f3n Digital de los A\u00f1os 2000 - Blog Universo Fam\u00edlia<\/title>\n<meta name=\"description\" content=\"La Transformaci\u00f3n Digital de los A\u00f1os 2000. El cambio de milenio marc\u00f3 un per\u00edodo de profundas transformaciones en casi todos los aspectos de nuestra vida.\" \/>\n<meta name=\"robots\" content=\"index, follow, max-snippet:-1, max-image-preview:large, max-video-preview:-1\" \/>\n<link rel=\"canonical\" href=\"https:\/\/blog.universofamilia.com\/hu\/la-transformacion-digital-de-los-anos-2000\/\" \/>\n<meta property=\"og:locale\" content=\"hu_HU\" \/>\n<meta property=\"og:type\" content=\"article\" \/>\n<meta property=\"og:title\" content=\"La Transformaci\u00f3n Digital de los A\u00f1os 2000 - Blog Universo Fam\u00edlia\" \/>\n<meta property=\"og:description\" content=\"La Transformaci\u00f3n Digital de los A\u00f1os 2000. El cambio de milenio marc\u00f3 un per\u00edodo de profundas transformaciones en casi todos los aspectos de nuestra vida.\" \/>\n<meta property=\"og:url\" content=\"https:\/\/blog.universofamilia.com\/hu\/la-transformacion-digital-de-los-anos-2000\/\" \/>\n<meta property=\"og:site_name\" content=\"Blog Universo Fam\u00edlia\" \/>\n<meta property=\"article:published_time\" content=\"2024-12-26T13:30:08+00:00\" \/>\n<meta property=\"og:image\" content=\"https:\/\/blog.universofamilia.com\/wp-content\/uploads\/sites\/154\/2024\/12\/DALL\u00b7E-2024-12-26-10.29.00-A-realistic-digital-illustration-showcasing-the-transformation-of-technology-in-the-2000s.-The-image-features-key-elements-like-a-vintage-smartphone-.webp\" \/>\n\t<meta property=\"og:image:width\" content=\"1792\" \/>\n\t<meta property=\"og:image:height\" content=\"1024\" \/>\n\t<meta property=\"og:image:type\" content=\"image\/webp\" \/>\n<meta name=\"twitter:card\" content=\"summary_large_image\" \/>\n<meta name=\"twitter:label1\" content=\"Est. reading time\" \/>\n\t<meta name=\"twitter:data1\" content=\"7 perc\" \/>\n<script type=\"application\/ld+json\" class=\"yoast-schema-graph\">{\"@context\":\"https:\/\/schema.org\",\"@graph\":[{\"@type\":\"WebPage\",\"@id\":\"https:\/\/blog.universofamilia.com\/ro\/la-transformacion-digital-de-los-anos-2000\/\",\"url\":\"https:\/\/blog.universofamilia.com\/ro\/la-transformacion-digital-de-los-anos-2000\/\",\"name\":\"La Transformaci\u00f3n Digital de los A\u00f1os 2000 - Blog Universo Fam\u00edlia\",\"isPartOf\":{\"@id\":\"https:\/\/blog.universofamilia.com\/ko\/#website\"},\"primaryImageOfPage\":{\"@id\":\"https:\/\/blog.universofamilia.com\/ro\/la-transformacion-digital-de-los-anos-2000\/#primaryimage\"},\"image\":{\"@id\":\"https:\/\/blog.universofamilia.com\/ro\/la-transformacion-digital-de-los-anos-2000\/#primaryimage\"},\"thumbnailUrl\":\"https:\/\/blog.universofamilia.com\/wp-content\/uploads\/sites\/154\/2024\/12\/DALL\u00b7E-2024-12-26-10.29.00-A-realistic-digital-illustration-showcasing-the-transformation-of-technology-in-the-2000s.-The-image-features-key-elements-like-a-vintage-smartphone-.webp\",\"datePublished\":\"2024-12-26T13:30:08+00:00\",\"dateModified\":\"2024-12-26T13:30:08+00:00\",\"author\":{\"@id\":\"\"},\"description\":\"La Transformaci\u00f3n Digital de los A\u00f1os 2000. El cambio de milenio marc\u00f3 un per\u00edodo de profundas transformaciones en casi todos los aspectos de nuestra vida.\",\"breadcrumb\":{\"@id\":\"https:\/\/blog.universofamilia.com\/ro\/la-transformacion-digital-de-los-anos-2000\/#breadcrumb\"},\"inLanguage\":\"hu\",\"potentialAction\":[{\"@type\":\"ReadAction\",\"target\":[\"https:\/\/blog.universofamilia.com\/ro\/la-transformacion-digital-de-los-anos-2000\/\"]}]},{\"@type\":\"ImageObject\",\"inLanguage\":\"hu\",\"@id\":\"https:\/\/blog.universofamilia.com\/ro\/la-transformacion-digital-de-los-anos-2000\/#primaryimage\",\"url\":\"https:\/\/blog.universofamilia.com\/wp-content\/uploads\/sites\/154\/2024\/12\/DALL\u00b7E-2024-12-26-10.29.00-A-realistic-digital-illustration-showcasing-the-transformation-of-technology-in-the-2000s.-The-image-features-key-elements-like-a-vintage-smartphone-.webp\",\"contentUrl\":\"https:\/\/blog.universofamilia.com\/wp-content\/uploads\/sites\/154\/2024\/12\/DALL\u00b7E-2024-12-26-10.29.00-A-realistic-digital-illustration-showcasing-the-transformation-of-technology-in-the-2000s.-The-image-features-key-elements-like-a-vintage-smartphone-.webp\",\"width\":1792,\"height\":1024,\"caption\":\"La Transformaci\u00f3n Digital de los A\u00f1os 2000\"},{\"@type\":\"BreadcrumbList\",\"@id\":\"https:\/\/blog.universofamilia.com\/ro\/la-transformacion-digital-de-los-anos-2000\/#breadcrumb\",\"itemListElement\":[{\"@type\":\"ListItem\",\"position\":1,\"name\":\"Home\",\"item\":\"https:\/\/blog.universofamilia.com\/ko\/\"},{\"@type\":\"ListItem\",\"position\":2,\"name\":\"La Transformaci\u00f3n Digital de los A\u00f1os 2000\"}]},{\"@type\":\"WebSite\",\"@id\":\"https:\/\/blog.universofamilia.com\/ko\/#website\",\"url\":\"https:\/\/blog.universofamilia.com\/ko\/\",\"name\":\"Blog Universo Fam\u00edlia\",\"description\":\"\",\"potentialAction\":[{\"@type\":\"SearchAction\",\"target\":{\"@type\":\"EntryPoint\",\"urlTemplate\":\"https:\/\/blog.universofamilia.com\/ko\/?s={search_term_string}\"},\"query-input\":\"required name=search_term_string\"}],\"inLanguage\":\"hu\"}]}<\/script>\n<!-- \/ Yoast SEO plugin. -->","yoast_head_json":{"title":"La Transformaci\u00f3n Digital de los A\u00f1os 2000 - Blog Universo Fam\u00edlia","description":"La Transformaci\u00f3n Digital de los A\u00f1os 2000. El cambio de milenio marc\u00f3 un per\u00edodo de profundas transformaciones en casi todos los aspectos de nuestra vida.","robots":{"index":"index","follow":"follow","max-snippet":"max-snippet:-1","max-image-preview":"max-image-preview:large","max-video-preview":"max-video-preview:-1"},"canonical":"https:\/\/blog.universofamilia.com\/hu\/la-transformacion-digital-de-los-anos-2000\/","og_locale":"hu_HU","og_type":"article","og_title":"La Transformaci\u00f3n Digital de los A\u00f1os 2000 - Blog Universo Fam\u00edlia","og_description":"La Transformaci\u00f3n Digital de los A\u00f1os 2000. El cambio de milenio marc\u00f3 un per\u00edodo de profundas transformaciones en casi todos los aspectos de nuestra vida.","og_url":"https:\/\/blog.universofamilia.com\/hu\/la-transformacion-digital-de-los-anos-2000\/","og_site_name":"Blog Universo Fam\u00edlia","article_published_time":"2024-12-26T13:30:08+00:00","og_image":[{"width":1792,"height":1024,"url":"https:\/\/blog.universofamilia.com\/wp-content\/uploads\/sites\/154\/2024\/12\/DALL\u00b7E-2024-12-26-10.29.00-A-realistic-digital-illustration-showcasing-the-transformation-of-technology-in-the-2000s.-The-image-features-key-elements-like-a-vintage-smartphone-.webp","type":"image\/webp"}],"twitter_card":"summary_large_image","twitter_misc":{"Est. reading time":"7 perc"},"schema":{"@context":"https:\/\/schema.org","@graph":[{"@type":"WebPage","@id":"https:\/\/blog.universofamilia.com\/ro\/la-transformacion-digital-de-los-anos-2000\/","url":"https:\/\/blog.universofamilia.com\/ro\/la-transformacion-digital-de-los-anos-2000\/","name":"La Transformaci\u00f3n Digital de los A\u00f1os 2000 - Blog Universo Fam\u00edlia","isPartOf":{"@id":"https:\/\/blog.universofamilia.com\/ko\/#website"},"primaryImageOfPage":{"@id":"https:\/\/blog.universofamilia.com\/ro\/la-transformacion-digital-de-los-anos-2000\/#primaryimage"},"image":{"@id":"https:\/\/blog.universofamilia.com\/ro\/la-transformacion-digital-de-los-anos-2000\/#primaryimage"},"thumbnailUrl":"https:\/\/blog.universofamilia.com\/wp-content\/uploads\/sites\/154\/2024\/12\/DALL\u00b7E-2024-12-26-10.29.00-A-realistic-digital-illustration-showcasing-the-transformation-of-technology-in-the-2000s.-The-image-features-key-elements-like-a-vintage-smartphone-.webp","datePublished":"2024-12-26T13:30:08+00:00","dateModified":"2024-12-26T13:30:08+00:00","author":{"@id":""},"description":"La Transformaci\u00f3n Digital de los A\u00f1os 2000. El cambio de milenio marc\u00f3 un per\u00edodo de profundas transformaciones en casi todos los aspectos de nuestra vida.","breadcrumb":{"@id":"https:\/\/blog.universofamilia.com\/ro\/la-transformacion-digital-de-los-anos-2000\/#breadcrumb"},"inLanguage":"hu","potentialAction":[{"@type":"ReadAction","target":["https:\/\/blog.universofamilia.com\/ro\/la-transformacion-digital-de-los-anos-2000\/"]}]},{"@type":"ImageObject","inLanguage":"hu","@id":"https:\/\/blog.universofamilia.com\/ro\/la-transformacion-digital-de-los-anos-2000\/#primaryimage","url":"https:\/\/blog.universofamilia.com\/wp-content\/uploads\/sites\/154\/2024\/12\/DALL\u00b7E-2024-12-26-10.29.00-A-realistic-digital-illustration-showcasing-the-transformation-of-technology-in-the-2000s.-The-image-features-key-elements-like-a-vintage-smartphone-.webp","contentUrl":"https:\/\/blog.universofamilia.com\/wp-content\/uploads\/sites\/154\/2024\/12\/DALL\u00b7E-2024-12-26-10.29.00-A-realistic-digital-illustration-showcasing-the-transformation-of-technology-in-the-2000s.-The-image-features-key-elements-like-a-vintage-smartphone-.webp","width":1792,"height":1024,"caption":"La Transformaci\u00f3n Digital de los A\u00f1os 2000"},{"@type":"BreadcrumbList","@id":"https:\/\/blog.universofamilia.com\/ro\/la-transformacion-digital-de-los-anos-2000\/#breadcrumb","itemListElement":[{"@type":"ListItem","position":1,"name":"Home","item":"https:\/\/blog.universofamilia.com\/ko\/"},{"@type":"ListItem","position":2,"name":"La Transformaci\u00f3n Digital de los A\u00f1os 2000"}]},{"@type":"WebSite","@id":"https:\/\/blog.universofamilia.com\/ko\/#website","url":"https:\/\/blog.universofamilia.com\/ko\/","name":"Blog Universo Fam\u00edlia","description":"","potentialAction":[{"@type":"SearchAction","target":{"@type":"EntryPoint","urlTemplate":"https:\/\/blog.universofamilia.com\/ko\/?s={search_term_string}"},"query-input":"required name=search_term_string"}],"inLanguage":"hu"}]}},"_links":{"self":[{"href":"https:\/\/blog.universofamilia.com\/hu\/wp-json\/wp\/v2\/posts\/150"}],"collection":[{"href":"https:\/\/blog.universofamilia.com\/hu\/wp-json\/wp\/v2\/posts"}],"about":[{"href":"https:\/\/blog.universofamilia.com\/hu\/wp-json\/wp\/v2\/types\/post"}],"replies":[{"embeddable":true,"href":"https:\/\/blog.universofamilia.com\/hu\/wp-json\/wp\/v2\/comments?post=150"}],"version-history":[{"count":0,"href":"https:\/\/blog.universofamilia.com\/hu\/wp-json\/wp\/v2\/posts\/150\/revisions"}],"wp:featuredmedia":[{"embeddable":true,"href":"https:\/\/blog.universofamilia.com\/hu\/wp-json\/wp\/v2\/media\/155"}],"wp:attachment":[{"href":"https:\/\/blog.universofamilia.com\/hu\/wp-json\/wp\/v2\/media?parent=150"}],"wp:term":[{"taxonomy":"category","embeddable":true,"href":"https:\/\/blog.universofamilia.com\/hu\/wp-json\/wp\/v2\/categories?post=150"},{"taxonomy":"post_tag","embeddable":true,"href":"https:\/\/blog.universofamilia.com\/hu\/wp-json\/wp\/v2\/tags?post=150"}],"curies":[{"name":"wp","href":"https:\/\/api.w.org\/{rel}","templated":true}]}}