{"id":1278,"date":"2025-10-23T18:42:30","date_gmt":"2025-10-23T18:42:30","guid":{"rendered":"https:\/\/blog.universofamilia.com\/?p=1278"},"modified":"2025-10-23T18:51:02","modified_gmt":"2025-10-23T18:51:02","slug":"mejores-vinos-italianos-para-acompanar-pasta","status":"publish","type":"post","link":"http:\/\/blog.universofamilia.com\/tr\/mejores-vinos-italianos-para-acompanar-pasta\/","title":{"rendered":"Makarnayla e\u015fle\u015ftirilebilecek en iyi \u0130talyan \u015faraplar\u0131"},"content":{"rendered":"<p class=\"has-text-align-center\">Ke\u015ffedin <strong>makarnayla e\u015fle\u015ftirilebilecek en iyi \u0130talyan \u015faraplar\u0131<\/strong> Bu, gastronomik bir tercihten \u00e7ok daha fazlas\u0131:<\/p>\n\n\n\n<p class=\"has-text-align-center\">Damak tad\u0131yla \u0130talya&#039;y\u0131 dola\u015fmaya, aromalar\u0131n\u0131, b\u00f6lgelerini ve geleneklerini ke\u015ffetmeye davet ediyor.<\/p>\n\n\n\n<figure class=\"wp-block-gallery aligncenter has-nested-images columns-default is-cropped wp-block-gallery-1 is-layout-flex wp-block-gallery-is-layout-flex\">\n<figure class=\"wp-block-image size-full\"><img loading=\"lazy\" decoding=\"async\" width=\"500\" height=\"350\" data-id=\"1280\" src=\"https:\/\/blog.universofamilia.com\/wp-content\/uploads\/sites\/154\/2025\/10\/DESTAQUE-BLOG-UNIVERSO-550-x-350-36-1.jpg\" alt=\"\" class=\"wp-image-1280\" srcset=\"http:\/\/blog.universofamilia.com\/wp-content\/uploads\/sites\/154\/2025\/10\/DESTAQUE-BLOG-UNIVERSO-550-x-350-36-1.jpg 500w, http:\/\/blog.universofamilia.com\/wp-content\/uploads\/sites\/154\/2025\/10\/DESTAQUE-BLOG-UNIVERSO-550-x-350-36-1-300x210.jpg 300w, http:\/\/blog.universofamilia.com\/wp-content\/uploads\/sites\/154\/2025\/10\/DESTAQUE-BLOG-UNIVERSO-550-x-350-36-1-18x12.jpg 18w\" sizes=\"(max-width: 500px) 100vw, 500px\" \/><figcaption class=\"wp-element-caption\">CANVA<\/figcaption><\/figure>\n<\/figure>\n\n\n\n<p class=\"has-text-align-center\">Baz\u0131 makarna yemeklerinin bir kadeh \u015farapla birlikte t\u00fcketildi\u011finde neden sihirli bir \u015fekilde daha lezzetli g\u00f6r\u00fcnd\u00fc\u011f\u00fcn\u00fc hi\u00e7 merak ettiniz mi?<\/p>\n\n\n\n<p class=\"has-text-align-center\">Tesad\u00fcf de\u011fil. \u0130\u015fin s\u0131rr\u0131 e\u015fle\u015fmede.<\/p>\n\n\n\n<p>Bu yaz\u0131m\u0131zda makarna ve sosuna uygun ideal \u015farab\u0131 se\u00e7menize yard\u0131mc\u0131 olacak eksiksiz, basit ve lezzetli bir rehber bulacaks\u0131n\u0131z.<\/p>\n\n\n\n<p>E\u011flenceli bilgiler, pratik ipu\u00e7lar\u0131, ger\u00e7ek hayattan \u00f6rnekler ve taze pi\u015fmi\u015f lazanya kadar lezzetli bir sonu\u00e7 da payla\u015faca\u011f\u0131m.<\/p>\n\n\n\n<h3 class=\"wp-block-heading\">\ud83e\uddfe Bu yaz\u0131da \u015funlar\u0131 bulacaks\u0131n\u0131z:<\/h3>\n\n\n\n<ol>\n<li>\u015earap ve makarna e\u015fle\u015fmesinin ger\u00e7ek anlam\u0131.<\/li>\n\n\n\n<li>Yeme\u011fin t\u00fcr\u00fcne g\u00f6re en iyi \u0130talyan \u015faraplar\u0131.<\/li>\n\n\n\n<li>Kusursuz kombinasyonlar\u0131n yer ald\u0131\u011f\u0131 pratik bir tablo.<\/li>\n\n\n\n<li>\u0130talyan sommelierlerden ipu\u00e7lar\u0131.<\/li>\n\n\n\n<li>Gastronomik ve k\u00fclt\u00fcrel yans\u0131malar\u0131 olan bir sonu\u00e7.<\/li>\n<\/ol>\n\n\n\n<p>Haz\u0131r olun, \u00e7\u00fcnk\u00fc bu turun sonunda makarna taba\u011f\u0131n\u0131za bir daha asla ayn\u0131 \u015fekilde bakmayacaks\u0131n\u0131z.<\/p>\n\n\n\n<h2 class=\"wp-block-heading\">\u015earap ve makarna e\u015fle\u015fmesi neden bu kadar \u00f6nemli?<\/h2>\n\n\n\n<p>\u0130talya sadece makarnan\u0131n do\u011fum yeri de\u011fil, ayn\u0131 zamanda Avrupa \u015farab\u0131n\u0131n da kalbidir.<\/p>\n\n\n\n<p>Orada her b\u00f6lgenin kendine has karakteri, iklimi, aksan\u0131... ve \u00fcz\u00fcm\u00fc var.<\/p>\n\n\n\n<p>\u015earap ve makarna e\u015fle\u015fmesi, lezzet, doku ve duygu aras\u0131nda denge arayan kadim k\u00fclt\u00fcr\u00fcn bir par\u00e7as\u0131d\u0131r.<\/p>\n\n\n\n<p>\u0130yi bir e\u015fle\u015ftirme, dayatmay\u0131 de\u011fil, tamamlamay\u0131 ama\u00e7lar. Do\u011fru \u015farap, malzemeleri zenginle\u015ftirir, dama\u011f\u0131 temizler ve uyum yarat\u0131r. \u00d6rne\u011fin:<\/p>\n\n\n\n<ul>\n<li>Hafif soslar taze, asidik \u015faraplar gerektirir.<\/li>\n\n\n\n<li>Kremal\u0131 soslar dolgun beyazlardan faydalan\u0131r.<\/li>\n\n\n\n<li>Et soslar\u0131 sert, yap\u0131land\u0131r\u0131lm\u0131\u015f k\u0131rm\u0131z\u0131 \u015faraplar gerektirir.<\/li>\n<\/ul>\n\n\n\n<p>Do\u011fru kadeh, deneyimi tamamen de\u011fi\u015ftirebilir. \u00d6te yandan, k\u00f6t\u00fc se\u00e7ilmi\u015f bir \u015farap, yeme\u011fin n\u00fcanslar\u0131n\u0131 k\u00f6reltebilir.<\/p>\n\n\n\n<p>Ve bu k\u00fc\u00e7\u00fck bir ayr\u0131nt\u0131 gibi g\u00f6r\u00fcnse de, \u0130talya&#039;da bu o kadar ciddiye al\u0131n\u0131yor ki, yemek yiyenlerin &#039;i do\u011fru \u015farab\u0131n <strong>mutfak deneyimini \u00f6nemli \u00f6l\u00e7\u00fcde iyile\u015ftirir<\/strong> (Floransa \u00dcniversitesi&#039;nin 2023 y\u0131l\u0131 ger\u00e7ek verileri).<\/p>\n\n\n\n<h2 class=\"wp-block-heading\">\u015earab\u0131n \u0130talyan ruhu<\/h2>\n\n\n\n<p>E\u015fle\u015fmelere ge\u00e7meden \u00f6nce, biraz ba\u011flam\u0131 anlamakta fayda var. \u0130talya, 100&#039;den fazla \u00fcr\u00fcn \u00fcretiyor. <strong>Y\u0131lda 50 milyon hektolitre \u015farap<\/strong>Bu da onu Fransa ve \u0130spanya ile birlikte d\u00fcnyan\u0131n en b\u00fcy\u00fck \u00fc\u00e7 \u00fcreticisi aras\u0131na sokuyor.<\/p>\n\n\n\n<p>\u0130talya&#039;n\u0131n her b\u00f6lgesinin (Toskana, Piedmont, Veneto, Sicilya ve di\u011ferleri) \u015farab\u0131n karakterini belirleyen bir mikro iklimi ve toprak tipi vard\u0131r.<\/p>\n\n\n\n<p>Bu y\u00fczden bundan bahsetti\u011fimizde <strong>makarnayla e\u015fle\u015ftirilebilecek en iyi \u0130talyan \u015faraplar\u0131<\/strong>, \u00e7ok \u00e7e\u015fitli stillerden ve \u015fi\u015felenmi\u015f duygulardan bahsediyoruz.<\/p>\n\n\n\n<ul>\n<li>\u0130\u00e7inde <strong>Toskana<\/strong>, ruh dolu k\u0131rm\u0131z\u0131lar (Chianti Classico gibi) k\u0131rsall\u0131\u011f\u0131 ve k\u00f6yl\u00fc tutkusunu yans\u0131t\u0131r.<\/li>\n\n\n\n<li>\u0130\u00e7inde <strong>Piedmont<\/strong>Nebbiolo \u015faraplar\u0131, sayg\u0131 ve zaman isteyen Barolo ve Barbaresco \u015faraplar\u0131na hayat veriyor.<\/li>\n\n\n\n<li>\u0130\u00e7inde <strong>Veneto<\/strong>canl\u0131 beyazlar ve Prosecco gibi ne\u015feli k\u00f6p\u00fckl\u00fc \u015faraplar do\u011fuyor.<\/li>\n<\/ul>\n\n\n\n<p>Her yudum \u0130talya&#039;dan bir kartpostal, her tabak makarna ise o tarihi onurland\u0131rmak i\u00e7in bir f\u0131rsat.<\/p>\n\n\n\n<h2 class=\"wp-block-heading\">Makarnayla e\u015fle\u015ftirilebilecek en iyi \u0130talyan \u015faraplar\u0131<\/h2>\n\n\n\n<p>\u0130\u015fte en lezzetli k\u0131sma geldik: Hangi \u015faraplar\u0131n hangi makarna t\u00fcr\u00fcyle en iyi uyum sa\u011flad\u0131\u011f\u0131n\u0131 ke\u015ffetmek.<\/p>\n\n\n\n<h3 class=\"wp-block-heading\">1. Chianti Classico (Toskana)<\/h3>\n\n\n\n<p>\u00dcz\u00fcmlerden yap\u0131lan bu orta g\u00f6vdeli k\u0131rm\u0131z\u0131 \u015farap <strong>Sangiovese<\/strong>Olgun kiraz, menek\u015fe ve bir tutam baharat notalar\u0131 i\u00e7eriyor.<\/p>\n\n\n\n<p>Taze, zarif ve dama\u011f\u0131 temizleyecek asiditeye sahip.<br><\/p>\n\n\n\n<p>\u0130deal olan\u0131: Bolonez soslu makarna, etli lazanya veya rag\u00f9 soslu tagliatelle.<\/p>\n\n\n\n<p>\ud83d\udca1 <em>Ger\u00e7ek \u00f6rnek:<\/em> Siena b\u00f6lgesinde yerel \u015fefler genellikle kal\u0131n bir makarna olan pici&#039;yi yaban domuzu ragu ve Chianti Classico ile e\u015fle\u015ftirirler.<\/p>\n\n\n\n<p>Sonu\u00e7: Etin ya\u011f\u0131 ile \u015farab\u0131n asiditesi aras\u0131nda m\u00fckemmel bir denge.<\/p>\n\n\n\n<h3 class=\"wp-block-heading\">2. Barolo (Piyemonte)<\/h3>\n\n\n\n<p>&quot;\u0130talyan \u015faraplar\u0131n\u0131n kral\u0131&quot; olarak adland\u0131r\u0131lan <strong>Barolo<\/strong> Yo\u011fun, derin ve belirgin tanenlere sahiptir. \u00dcz\u00fcmlerden yap\u0131l\u0131r. <\/p>\n\n\n\n<p>Nebbiolo&#039;nun en iyi \u015fekilde olgunla\u015fmas\u0131 i\u00e7in birka\u00e7 y\u0131l y\u0131lland\u0131r\u0131lmas\u0131 gerekir.<br>\u0130deal kullan\u0131m alan\u0131: Zengin soslu makarnalar, dana eti, mantar veya tr\u00fcf mantar\u0131.<\/p>\n\n\n\n<p>\ud83e\udde0 <em>E\u011flenceli ger\u00e7ek:<\/em> Barolo&#039;nun a\u00e7\u0131lmas\u0131 i\u00e7in zamana ihtiyac\u0131 var, t\u0131pk\u0131 ak\u015fam yeme\u011finden sonra g\u00fczel bir \u0130talyan sohbeti gibi.<\/p>\n\n\n\n<h3 class=\"wp-block-heading\">3. Pinot Grigio (Veneto)<\/h3>\n\n\n\n<p>Hafif, meyveli ve ferahlat\u0131c\u0131, <strong>Pinot Grigio<\/strong> Karma\u015f\u0131kl\u0131ktan uzak, \u015f\u0131kl\u0131\u011f\u0131 arayanlar\u0131n favori beyaz \u015farab\u0131d\u0131r. <\/p>\n\n\n\n<p>Narenciye ve \u00e7i\u00e7eksi notalar\u0131 zarif yemeklerin tad\u0131n\u0131 zenginle\u015ftirir.<br>\u0130deal olan\u0131: Deniz mahsull\u00fc makarna, istiridye, karides veya sotelenmi\u015f sebzeler.<\/p>\n\n\n\n<p>\ud83d\udcac <em>\u00d6rnek:<\/em> Spagetti alle vongole (midyeli) ve so\u011futulmu\u015f Pinot Grigio, deniz kenar\u0131nda bir yemek i\u00e7in m\u00fckemmel bir kombinasyondur.<\/p>\n\n\n\n<h3 class=\"wp-block-heading\">4. Verdicchio (Markalar)<\/h3>\n\n\n\n<p>O <strong>Verdicchio<\/strong> Canl\u0131 asidite ve bitkisel notalar\u0131 bir araya getirir. Pestolu makarna veya f\u0131r\u0131nlanm\u0131\u015f sebzelerle m\u00fckemmel uyum sa\u011flar. Hafif ac\u0131l\u0131\u011f\u0131, kremal\u0131 soslar\u0131 dengeler.<\/p>\n\n\n\n<p>\ud83e\udde9 <em>Benzetme:<\/em> Verdicchio, tarlan\u0131n tazeli\u011fini tabakla birle\u015ftiren ye\u015fil bir iplik gibidir.<\/p>\n\n\n\n<h3 class=\"wp-block-heading\">5. Prosecco (Veneto)<\/h3>\n\n\n\n<p>E\u011fer m\u00fckemmel bir ne\u015feli \u015farap varsa, o da \u015fudur: <strong>Prosecco<\/strong>I\u015f\u0131lt\u0131l\u0131, \u00e7i\u00e7eksi ve \u00e7ok y\u00f6nl\u00fc olan bu \u015farap, so\u011fuk makarnalara, salatalara veya hafif yemeklere uyum sa\u011flar.<br><\/p>\n\n\n\n<p>\u0130deal kullan\u0131m alanlar\u0131: Etkinlikler, resmi olmayan yemekler veya ana yemek \u00f6ncesi meze olarak.<\/p>\n\n\n\n<h3 class=\"wp-block-heading\">6. Nero d&#039;Avola (Sicilya)<\/h3>\n\n\n\n<p>O <strong>Nero d&#039;Avola<\/strong> G\u00fcney \u0130talya&#039;dan karakteristik bir k\u0131rm\u0131z\u0131 \u015farap. K\u0131rm\u0131z\u0131 meyve, baharat ve \u00e7ikolata notalar\u0131 ta\u015f\u0131yor.<br><\/p>\n\n\n\n<p>\u0130deal kullan\u0131m alan\u0131: Ac\u0131 soslu makarnalar veya pasta all&#039;arrabbiata gibi \u015fark\u00fcteri \u00fcr\u00fcnleriyle.<\/p>\n\n\n\n<p>\ud83c\udf36\ufe0f G\u00fcc\u00fc, ac\u0131 biber ve domatesin yo\u011funlu\u011funu dengeler.<\/p>\n\n\n\n<h3 class=\"wp-block-heading\">7. Soave Classico (Veneto)<\/h3>\n\n\n\n<p>Badem esintileri ta\u015f\u0131yan, kuru ve zarif bir beyaz \u015farap.<br>\u0130deal kullan\u0131m alan\u0131: Kremal\u0131, peynirli veya deniz \u00fcr\u00fcnleri soslu makarnalar.<\/p>\n\n\n\n<p>\ud83e\uddc0 \u0130peksi dokusu Parmesan peyniriyle lezzetli bir kontrast olu\u015fturuyor.<\/p>\n\n\n\n<h2 class=\"wp-block-heading\">\ud83d\udcca Pratik e\u015fle\u015ftirme tablosu<\/h2>\n\n\n\n<figure class=\"wp-block-table\"><table><thead><tr><th>Makarna \u00c7e\u015fitleri<\/th><th>\u00d6nerilen \u0130talyan \u015earab\u0131<\/th><th>Birle\u015ftiren \u00f6zellikler<\/th><\/tr><\/thead><tbody><tr><td>Pesto soslu makarna<\/td><td>Verdicchio, Pinot Grigio<\/td><td>Tazelik ve bitkisel notalar<\/td><\/tr><tr><td>Ragulu makarna<\/td><td>Chianti, Barolo<\/td><td>G\u00f6vde, tanenler ve dengeli asidite<\/td><\/tr><tr><td>Deniz mahsull\u00fc makarna<\/td><td>Pinot Grigio, Soave<\/td><td>Hafiflik ve narenciye dokunu\u015fu<\/td><\/tr><tr><td>Alfredo makarna<\/td><td>Chardonnay, Soave<\/td><td>Kremsi yap\u0131y\u0131 dengeleyen g\u00f6vde<\/td><\/tr><tr><td>So\u011fuk makarna veya salata<\/td><td>Prosecco, Lambrusco<\/td><td>Kabarc\u0131klar ve tazelik<\/td><\/tr><tr><td>Ac\u0131l\u0131 makarna (arrabbiata)<\/td><td>Nero d&#039;Avola<\/td><td>Sosu destekleyen yo\u011funluk<\/td><\/tr><\/tbody><\/table><figcaption class=\"wp-element-caption\">Makarnayla e\u015fle\u015ftirilebilecek en iyi \u0130talyan \u015faraplar\u0131<\/figcaption><\/figure>\n\n\n\n<figure class=\"wp-block-gallery aligncenter has-nested-images columns-default is-cropped wp-block-gallery-2 is-layout-flex wp-block-gallery-is-layout-flex\">\n<figure class=\"wp-block-image size-full\"><img loading=\"lazy\" decoding=\"async\" width=\"500\" height=\"350\" data-id=\"1281\" src=\"https:\/\/blog.universofamilia.com\/wp-content\/uploads\/sites\/154\/2025\/10\/DESTAQUE-BLOG-UNIVERSO-550-x-350-37.jpg\" alt=\"\" class=\"wp-image-1281\" srcset=\"http:\/\/blog.universofamilia.com\/wp-content\/uploads\/sites\/154\/2025\/10\/DESTAQUE-BLOG-UNIVERSO-550-x-350-37.jpg 500w, http:\/\/blog.universofamilia.com\/wp-content\/uploads\/sites\/154\/2025\/10\/DESTAQUE-BLOG-UNIVERSO-550-x-350-37-300x210.jpg 300w, http:\/\/blog.universofamilia.com\/wp-content\/uploads\/sites\/154\/2025\/10\/DESTAQUE-BLOG-UNIVERSO-550-x-350-37-18x12.jpg 18w\" sizes=\"(max-width: 500px) 100vw, 500px\" \/><figcaption class=\"wp-element-caption\">CANVA<\/figcaption><\/figure>\n<\/figure>\n\n\n\n<p>Devam\u0131n\u0131 oku:&nbsp;<a href=\"http:\/\/blog.universofamilia.com\/tr\/postres-tradicionales-mas-famosos-del-mundo\/\">D\u00fcnyan\u0131n en \u00fcnl\u00fc geleneksel tatl\u0131lar\u0131<\/a><\/p>\n\n\n\n<h2 class=\"wp-block-heading\">Makarnayla e\u015fle\u015ftirilecek en iyi \u0130talyan \u015faraplar\u0131n\u0131 se\u00e7mek i\u00e7in pratik ipu\u00e7lar\u0131 <\/h2>\n\n\n\n<ol>\n<li><strong>Makarnadan \u00f6nce sosu d\u00fc\u015f\u00fcn\u00fcn.<\/strong> \u015earab\u0131n yo\u011funlu\u011funu belirleyen sosudur.<\/li>\n\n\n\n<li><strong>Asitli\u011fi d\u00fc\u015f\u00fcn\u00fcn.<\/strong> \u0130talyan \u015faraplar\u0131 daha asidik olma e\u011filimindedir, bu da dama\u011f\u0131n temizlenmesine yard\u0131mc\u0131 olur.<\/li>\n\n\n\n<li><strong>Kurallar\u0131 \u00e7i\u011fnemekten korkmay\u0131n.<\/strong> K\u0131rm\u0131z\u0131 soslu beyaz \u015farap seviyorsan\u0131z, afiyetle yiyin. E\u015fle\u015ftirme de ki\u015fisel bir zevktir.<\/li>\n\n\n\n<li><strong>\u015earab\u0131 do\u011fru s\u0131cakl\u0131kta servis edin.<\/strong> K\u0131rm\u0131z\u0131lar 16-18 \u00b0C, beyazlar ise 8-12 \u00b0C aras\u0131ndad\u0131r.<\/li>\n\n\n\n<li><strong>Barda\u011fa iyi bak.<\/strong> K\u0131rm\u0131z\u0131 \u015faraplar i\u00e7in daha geni\u015f bir bardak daha iyi oksijenlenme sa\u011flar; beyaz \u015faraplar i\u00e7in daha dar bir bardak ise aromalar\u0131n korunmas\u0131n\u0131 sa\u011flar.<\/li>\n<\/ol>\n\n\n\n<h2 class=\"wp-block-heading\">Makarnayla birlikte i\u00e7ilebilecek en iyi \u0130talyan \u015faraplar\u0131 hakk\u0131nda g\u00fcncel ve alakal\u0131 bilgiler<\/h2>\n\n\n\n<p>Buna g\u00f6re <strong>\u0130talya Ulusal \u0130statistik Enstit\u00fcs\u00fc (ISTAT)<\/strong>2024 y\u0131l\u0131nda yurti\u00e7i \u015farap t\u00fcketimi % artt\u0131 <strong>8 %<\/strong>Gastronomi turizmi ve \u201cslow food\u201d ak\u0131m\u0131n\u0131n etkisiyle.<\/p>\n\n\n\n<p>Ziyaret\u00e7iler, geleneksel trattorialarda yerel \u015farap ve makarna e\u015fle\u015ftirmeleri gibi otantik deneyimler ar\u0131yorlar.<\/p>\n\n\n\n<p>Bu trend, \u015farab\u0131n art\u0131k sadece bir e\u015flik\u00e7i olmad\u0131\u011f\u0131n\u0131, bug\u00fcn deneyimin ba\u015frol oyuncusu oldu\u011funu g\u00f6steriyor.<\/p>\n\n\n\n<h2 class=\"wp-block-heading\">Duyusal bir deneyim olarak e\u015fle\u015ftirme<\/h2>\n\n\n\n<p>E\u015fle\u015ftirme sadece bir teknik de\u011fil; malzemelerle duygular aras\u0131ndaki bir diyalogdur.<\/p>\n\n\n\n<p>\u00c7ok g\u00fc\u00e7l\u00fc bir \u015farap, hafif bir sosu &quot;bast\u0131rabilir&quot; ve hafif bir \u015farap, yo\u011fun bir makarna kar\u015f\u0131s\u0131nda kaybolabilir.<\/p>\n\n\n\n<p>\u0130\u015fte bu y\u00fczden \u0130talyan \u015farap garsonlar\u0131 \u0131srar ediyor: <em>\u201c\u015earap yeme\u011fe sayg\u0131 duymal\u0131, onunla rekabet etmemeli.\u201d<\/em><\/p>\n\n\n\n<p>Bu dengeyi yakalad\u0131\u011f\u0131n\u0131zda, deneyim \u00e7ok duyulu hale gelir: aroma sizi sarar, lezzet artar ve makarnan\u0131n dokusu daha net alg\u0131lan\u0131r.<\/p>\n\n\n\n<h2 class=\"wp-block-heading\">Makarnayla e\u015fle\u015ftirilebilecek en iyi \u0130talyan \u015faraplar\u0131 hakk\u0131nda ilgin\u00e7 bilgiler<\/h2>\n\n\n\n<ul>\n<li>\u0130talya&#039;da, tahminen \u015fu kadard\u0131r ki <strong>350&#039;den fazla makarna \u00e7e\u015fidi<\/strong> Ve <strong>350&#039;den fazla yerli \u00fcz\u00fcm \u00e7e\u015fidi<\/strong>Tesad\u00fcf m\u00fc? Bir\u00e7ok \u0130talyan i\u00e7in hay\u0131r: ikisi de g\u00fcnl\u00fck ya\u015fam\u0131n \u00e7e\u015fitlili\u011fini temsil ediyor.<\/li>\n\n\n\n<li>Piedmont&#039;ta sonbaharda beyaz tr\u00fcf mantar\u0131 ve Barolo ile Tajarin makarna servis etmek gelenekseldir.<\/li>\n\n\n\n<li>Sicilya&#039;da pazar \u00f6\u011fle yemeklerinde genellikle Nero d&#039;Avola e\u015fli\u011finde f\u0131r\u0131nda makarna yer al\u0131r.<\/li>\n<\/ul>\n\n\n\n<h2 class=\"wp-block-heading\">\u00c7\u00f6z\u00fcm<\/h2>\n\n\n\n<p>Se\u00e7in <strong>makarnayla e\u015fle\u015ftirilebilecek en iyi \u0130talyan \u015faraplar\u0131<\/strong> Bu, bir rehberi takip etmekten \u00e7ok daha fazlas\u0131; denge sanat\u0131n\u0131n tad\u0131n\u0131 \u00e7\u0131karmay\u0131 \u00f6\u011frenmektir.<\/p>\n\n\n\n<p>\u0130talya&#039;n\u0131n her b\u00f6lgesinde \u015farap bir hikaye anlat\u0131r: iklimin, topra\u011f\u0131n, insan eme\u011finin ve zaman\u0131n hikayesi.<\/p>\n\n\n\n<p>Makarna ise aileleri, nesilleri ve k\u00fclt\u00fcrleri birle\u015ftiren ortak dildir.<\/p>\n\n\n\n<p>\u0130kisi bir araya geldi\u011finde ortaya nefis bir simya \u00e7\u0131kar. Bir Chianti lazanyay\u0131 parlatabilir; bir Pinot Grigio ise basit deniz mahsull\u00fc makarnay\u0131 bir ziyafete d\u00f6n\u00fc\u015ft\u00fcrebilir.<\/p>\n\n\n\n<p> \u00d6nemli olan sadece birle\u015fim de\u011fil, yaratt\u0131\u011f\u0131 duygusal deneyimdir: payla\u015fmak, ke\u015ffetmek, sakince tad\u0131n\u0131 \u00e7\u0131karmak.<\/p>\n\n\n\n<p>Ayr\u0131ca, e\u015fle\u015ftirmeyi ke\u015ffetmek, \u015funlar\u0131 bilmenizi sa\u011flar: <strong>\u0130talyan k\u00fclt\u00fcrel \u00e7e\u015fitlili\u011fi<\/strong>, n\u00fcanslar\u0131n\u0131 anlay\u0131n ve toprak ile sofra aras\u0131ndaki ba\u011flant\u0131y\u0131 takdir edin. \u015earap i\u00e7mek y\u00fczeysel bir hareket de\u011fil; hayat\u0131n kendisini kutlayan kadim bir gelene\u011fe kat\u0131lmakt\u0131r.<\/p>\n\n\n\n<p><\/p>\n\n\n\n<p>Devam\u0131n\u0131 oku: <a href=\"http:\/\/blog.universofamilia.com\/tr\/cocina-italiana-las-recetas-mas-iconicas\/\">\u0130talyan mutfa\u011f\u0131: En ikonik tarifler<\/a><\/p>\n\n\n\n<h2 class=\"wp-block-heading\">\u2753 S\u0131k\u00e7a sorulan sorular <strong>makarnayla e\u015fle\u015ftirilebilecek en iyi \u0130talyan \u015faraplar\u0131<\/strong><\/h2>\n\n\n\n<p><strong>Makarnay\u0131 roze \u015farapla e\u015fle\u015ftirebilir miyim?<\/strong><br>Evet. Kuru \u0130talyan ros\u00e9 \u015farab\u0131 hafif veya domates soslar\u0131yla harika bir uyum sa\u011flar.<\/p>\n\n\n\n<p><strong>\u0130talyan \u015farab\u0131 kullanmak zorunlu mu?<\/strong><br>Hay\u0131r, ama \u015farap ve makarna aras\u0131ndaki dengeyi ilk kuranlar \u0130talyanlard\u0131 ve bu da ortada.<\/p>\n\n\n\n<p><strong>Kremal\u0131 makarnaya k\u0131rm\u0131z\u0131 \u015farap e\u015flik edebilir mi?<\/strong><br>Evet, yeter ki p\u00fcr\u00fczs\u00fcz olsun ve Valpolicella gibi yuvarlak tanenlere sahip olsun.<\/p>\n\n\n\n<p><strong>Ac\u0131l\u0131 makarnaya hangi \u015farap yak\u0131\u015f\u0131r?<\/strong><br>Puglia&#039;dan Nero d&#039;Avola veya Primitivo gibi g\u00fcney k\u0131rm\u0131z\u0131lar\u0131.<\/p>\n\n\n\n<p><strong>E\u015fle\u015ftirme kesin bir bilim midir?<\/strong><br>Hay\u0131r, bu duyusal ve \u00f6znel bir deneyim. \u0130deal olan, deneyip zevkinizin sizi y\u00f6nlendirmesine izin vermeniz.<\/p>","protected":false},"excerpt":{"rendered":"<p>Descubrir los mejores vinos italianos para acompa\u00f1ar pasta es mucho m\u00e1s que una elecci\u00f3n gastron\u00f3mica: Es una invitaci\u00f3n a viajar por Italia a trav\u00e9s del paladar, explorando sus aromas, regiones y tradiciones. \u00bfAlguna vez te has detenido a pensar por qu\u00e9 ciertos platos de pasta parecen m\u00e1gicamente m\u00e1s sabrosos cuando los acompa\u00f1as con una copa [&hellip;]<\/p>","protected":false},"author":219,"featured_media":1279,"comment_status":"closed","ping_status":"open","sticky":false,"template":"","format":"standard","meta":{"footnotes":""},"categories":[3],"tags":[],"yoast_head":"<!-- This site is optimized with the Yoast SEO plugin v23.3 - https:\/\/yoast.com\/wordpress\/plugins\/seo\/ -->\n<title>Mejores vinos italianos para acompa\u00f1ar pasta - Blog Universo Fam\u00edlia<\/title>\n<meta name=\"description\" content=\"Descubrir los mejores vinos italianos para acompa\u00f1ar pasta es mucho m\u00e1s que una elecci\u00f3n gastron\u00f3mica: Es una invitaci\u00f3n a viajar por Italia.\" \/>\n<meta name=\"robots\" content=\"index, follow, max-snippet:-1, max-image-preview:large, max-video-preview:-1\" \/>\n<link rel=\"canonical\" href=\"http:\/\/blog.universofamilia.com\/tr\/mejores-vinos-italianos-para-acompanar-pasta\/\" \/>\n<meta property=\"og:locale\" content=\"tr_TR\" \/>\n<meta property=\"og:type\" content=\"article\" \/>\n<meta property=\"og:title\" content=\"Mejores vinos italianos para acompa\u00f1ar pasta - Blog Universo Fam\u00edlia\" \/>\n<meta property=\"og:description\" content=\"Descubrir los mejores vinos italianos para acompa\u00f1ar pasta es mucho m\u00e1s que una elecci\u00f3n gastron\u00f3mica: Es una invitaci\u00f3n a viajar por Italia.\" \/>\n<meta property=\"og:url\" content=\"http:\/\/blog.universofamilia.com\/tr\/mejores-vinos-italianos-para-acompanar-pasta\/\" \/>\n<meta property=\"og:site_name\" content=\"Blog Universo Fam\u00edlia\" \/>\n<meta property=\"article:published_time\" content=\"2025-10-23T18:42:30+00:00\" \/>\n<meta property=\"article:modified_time\" content=\"2025-10-23T18:51:02+00:00\" \/>\n<meta property=\"og:image\" content=\"http:\/\/blog.universofamilia.com\/wp-content\/uploads\/sites\/154\/2025\/10\/DESTAQUE-BLOG-UNIVERSO-550-x-350-36.jpg\" \/>\n\t<meta property=\"og:image:width\" content=\"500\" \/>\n\t<meta property=\"og:image:height\" content=\"350\" \/>\n\t<meta property=\"og:image:type\" content=\"image\/jpeg\" \/>\n<meta name=\"author\" content=\"Matheus Sangaletti\" \/>\n<meta name=\"twitter:card\" content=\"summary_large_image\" \/>\n<meta name=\"twitter:label1\" content=\"Written by\" \/>\n\t<meta name=\"twitter:data1\" content=\"Matheus Sangaletti\" \/>\n\t<meta name=\"twitter:label2\" content=\"Est. reading time\" \/>\n\t<meta name=\"twitter:data2\" content=\"10 dakika\" \/>\n<script type=\"application\/ld+json\" class=\"yoast-schema-graph\">{\"@context\":\"https:\/\/schema.org\",\"@graph\":[{\"@type\":\"WebPage\",\"@id\":\"http:\/\/blog.universofamilia.com\/zh_hk\/mejores-vinos-italianos-para-acompanar-pasta\/\",\"url\":\"http:\/\/blog.universofamilia.com\/zh_hk\/mejores-vinos-italianos-para-acompanar-pasta\/\",\"name\":\"Mejores vinos italianos para acompa\u00f1ar pasta - Blog Universo Fam\u00edlia\",\"isPartOf\":{\"@id\":\"https:\/\/blog.universofamilia.com\/ko\/#website\"},\"primaryImageOfPage\":{\"@id\":\"http:\/\/blog.universofamilia.com\/zh_hk\/mejores-vinos-italianos-para-acompanar-pasta\/#primaryimage\"},\"image\":{\"@id\":\"http:\/\/blog.universofamilia.com\/zh_hk\/mejores-vinos-italianos-para-acompanar-pasta\/#primaryimage\"},\"thumbnailUrl\":\"http:\/\/blog.universofamilia.com\/wp-content\/uploads\/sites\/154\/2025\/10\/DESTAQUE-BLOG-UNIVERSO-550-x-350-36.jpg\",\"datePublished\":\"2025-10-23T18:42:30+00:00\",\"dateModified\":\"2025-10-23T18:51:02+00:00\",\"author\":{\"@id\":\"https:\/\/blog.universofamilia.com\/ko\/#\/schema\/person\/92fcd07e9b1f4323bf74f3170fc0f78a\"},\"description\":\"Descubrir los mejores vinos italianos para acompa\u00f1ar pasta es mucho m\u00e1s que una elecci\u00f3n gastron\u00f3mica: Es una invitaci\u00f3n a viajar por Italia.\",\"breadcrumb\":{\"@id\":\"http:\/\/blog.universofamilia.com\/zh_hk\/mejores-vinos-italianos-para-acompanar-pasta\/#breadcrumb\"},\"inLanguage\":\"tr\",\"potentialAction\":[{\"@type\":\"ReadAction\",\"target\":[\"http:\/\/blog.universofamilia.com\/zh_hk\/mejores-vinos-italianos-para-acompanar-pasta\/\"]}]},{\"@type\":\"ImageObject\",\"inLanguage\":\"tr\",\"@id\":\"http:\/\/blog.universofamilia.com\/zh_hk\/mejores-vinos-italianos-para-acompanar-pasta\/#primaryimage\",\"url\":\"http:\/\/blog.universofamilia.com\/wp-content\/uploads\/sites\/154\/2025\/10\/DESTAQUE-BLOG-UNIVERSO-550-x-350-36.jpg\",\"contentUrl\":\"http:\/\/blog.universofamilia.com\/wp-content\/uploads\/sites\/154\/2025\/10\/DESTAQUE-BLOG-UNIVERSO-550-x-350-36.jpg\",\"width\":500,\"height\":350},{\"@type\":\"BreadcrumbList\",\"@id\":\"http:\/\/blog.universofamilia.com\/zh_hk\/mejores-vinos-italianos-para-acompanar-pasta\/#breadcrumb\",\"itemListElement\":[{\"@type\":\"ListItem\",\"position\":1,\"name\":\"Home\",\"item\":\"https:\/\/blog.universofamilia.com\/ko\/\"},{\"@type\":\"ListItem\",\"position\":2,\"name\":\"Mejores vinos italianos para acompa\u00f1ar pasta\"}]},{\"@type\":\"WebSite\",\"@id\":\"https:\/\/blog.universofamilia.com\/ko\/#website\",\"url\":\"https:\/\/blog.universofamilia.com\/ko\/\",\"name\":\"Blog Universo Fam\u00edlia\",\"description\":\"\",\"potentialAction\":[{\"@type\":\"SearchAction\",\"target\":{\"@type\":\"EntryPoint\",\"urlTemplate\":\"https:\/\/blog.universofamilia.com\/ko\/?s={search_term_string}\"},\"query-input\":\"required name=search_term_string\"}],\"inLanguage\":\"tr\"},{\"@type\":\"Person\",\"@id\":\"https:\/\/blog.universofamilia.com\/ko\/#\/schema\/person\/92fcd07e9b1f4323bf74f3170fc0f78a\",\"name\":\"Matheus Sangaletti\",\"image\":{\"@type\":\"ImageObject\",\"inLanguage\":\"tr\",\"@id\":\"https:\/\/blog.universofamilia.com\/ko\/#\/schema\/person\/image\/\",\"url\":\"http:\/\/2.gravatar.com\/avatar\/280ea957a14a48e6a1ad2133d2cc27c9?s=96&d=mm&r=g\",\"contentUrl\":\"http:\/\/2.gravatar.com\/avatar\/280ea957a14a48e6a1ad2133d2cc27c9?s=96&d=mm&r=g\",\"caption\":\"Matheus Sangaletti\"},\"url\":\"http:\/\/blog.universofamilia.com\/tr\/author\/matheuss\/\"}]}<\/script>\n<!-- \/ Yoast SEO plugin. -->","yoast_head_json":{"title":"Mejores vinos italianos para acompa\u00f1ar pasta - Blog Universo Fam\u00edlia","description":"Descubrir los mejores vinos italianos para acompa\u00f1ar pasta es mucho m\u00e1s que una elecci\u00f3n gastron\u00f3mica: Es una invitaci\u00f3n a viajar por Italia.","robots":{"index":"index","follow":"follow","max-snippet":"max-snippet:-1","max-image-preview":"max-image-preview:large","max-video-preview":"max-video-preview:-1"},"canonical":"http:\/\/blog.universofamilia.com\/tr\/mejores-vinos-italianos-para-acompanar-pasta\/","og_locale":"tr_TR","og_type":"article","og_title":"Mejores vinos italianos para acompa\u00f1ar pasta - Blog Universo Fam\u00edlia","og_description":"Descubrir los mejores vinos italianos para acompa\u00f1ar pasta es mucho m\u00e1s que una elecci\u00f3n gastron\u00f3mica: Es una invitaci\u00f3n a viajar por Italia.","og_url":"http:\/\/blog.universofamilia.com\/tr\/mejores-vinos-italianos-para-acompanar-pasta\/","og_site_name":"Blog Universo Fam\u00edlia","article_published_time":"2025-10-23T18:42:30+00:00","article_modified_time":"2025-10-23T18:51:02+00:00","og_image":[{"width":500,"height":350,"url":"http:\/\/blog.universofamilia.com\/wp-content\/uploads\/sites\/154\/2025\/10\/DESTAQUE-BLOG-UNIVERSO-550-x-350-36.jpg","type":"image\/jpeg"}],"author":"Matheus Sangaletti","twitter_card":"summary_large_image","twitter_misc":{"Written by":"Matheus Sangaletti","Est. reading time":"10 dakika"},"schema":{"@context":"https:\/\/schema.org","@graph":[{"@type":"WebPage","@id":"http:\/\/blog.universofamilia.com\/zh_hk\/mejores-vinos-italianos-para-acompanar-pasta\/","url":"http:\/\/blog.universofamilia.com\/zh_hk\/mejores-vinos-italianos-para-acompanar-pasta\/","name":"Mejores vinos italianos para acompa\u00f1ar pasta - Blog Universo Fam\u00edlia","isPartOf":{"@id":"https:\/\/blog.universofamilia.com\/ko\/#website"},"primaryImageOfPage":{"@id":"http:\/\/blog.universofamilia.com\/zh_hk\/mejores-vinos-italianos-para-acompanar-pasta\/#primaryimage"},"image":{"@id":"http:\/\/blog.universofamilia.com\/zh_hk\/mejores-vinos-italianos-para-acompanar-pasta\/#primaryimage"},"thumbnailUrl":"http:\/\/blog.universofamilia.com\/wp-content\/uploads\/sites\/154\/2025\/10\/DESTAQUE-BLOG-UNIVERSO-550-x-350-36.jpg","datePublished":"2025-10-23T18:42:30+00:00","dateModified":"2025-10-23T18:51:02+00:00","author":{"@id":"https:\/\/blog.universofamilia.com\/ko\/#\/schema\/person\/92fcd07e9b1f4323bf74f3170fc0f78a"},"description":"Descubrir los mejores vinos italianos para acompa\u00f1ar pasta es mucho m\u00e1s que una elecci\u00f3n gastron\u00f3mica: Es una invitaci\u00f3n a viajar por Italia.","breadcrumb":{"@id":"http:\/\/blog.universofamilia.com\/zh_hk\/mejores-vinos-italianos-para-acompanar-pasta\/#breadcrumb"},"inLanguage":"tr","potentialAction":[{"@type":"ReadAction","target":["http:\/\/blog.universofamilia.com\/zh_hk\/mejores-vinos-italianos-para-acompanar-pasta\/"]}]},{"@type":"ImageObject","inLanguage":"tr","@id":"http:\/\/blog.universofamilia.com\/zh_hk\/mejores-vinos-italianos-para-acompanar-pasta\/#primaryimage","url":"http:\/\/blog.universofamilia.com\/wp-content\/uploads\/sites\/154\/2025\/10\/DESTAQUE-BLOG-UNIVERSO-550-x-350-36.jpg","contentUrl":"http:\/\/blog.universofamilia.com\/wp-content\/uploads\/sites\/154\/2025\/10\/DESTAQUE-BLOG-UNIVERSO-550-x-350-36.jpg","width":500,"height":350},{"@type":"BreadcrumbList","@id":"http:\/\/blog.universofamilia.com\/zh_hk\/mejores-vinos-italianos-para-acompanar-pasta\/#breadcrumb","itemListElement":[{"@type":"ListItem","position":1,"name":"Home","item":"https:\/\/blog.universofamilia.com\/ko\/"},{"@type":"ListItem","position":2,"name":"Mejores vinos italianos para acompa\u00f1ar pasta"}]},{"@type":"WebSite","@id":"https:\/\/blog.universofamilia.com\/ko\/#website","url":"https:\/\/blog.universofamilia.com\/ko\/","name":"Blog Universo Fam\u00edlia","description":"","potentialAction":[{"@type":"SearchAction","target":{"@type":"EntryPoint","urlTemplate":"https:\/\/blog.universofamilia.com\/ko\/?s={search_term_string}"},"query-input":"required name=search_term_string"}],"inLanguage":"tr"},{"@type":"Person","@id":"https:\/\/blog.universofamilia.com\/ko\/#\/schema\/person\/92fcd07e9b1f4323bf74f3170fc0f78a","name":"Matheus Sangaletti","image":{"@type":"ImageObject","inLanguage":"tr","@id":"https:\/\/blog.universofamilia.com\/ko\/#\/schema\/person\/image\/","url":"http:\/\/2.gravatar.com\/avatar\/280ea957a14a48e6a1ad2133d2cc27c9?s=96&d=mm&r=g","contentUrl":"http:\/\/2.gravatar.com\/avatar\/280ea957a14a48e6a1ad2133d2cc27c9?s=96&d=mm&r=g","caption":"Matheus Sangaletti"},"url":"http:\/\/blog.universofamilia.com\/tr\/author\/matheuss\/"}]}},"_links":{"self":[{"href":"http:\/\/blog.universofamilia.com\/tr\/wp-json\/wp\/v2\/posts\/1278"}],"collection":[{"href":"http:\/\/blog.universofamilia.com\/tr\/wp-json\/wp\/v2\/posts"}],"about":[{"href":"http:\/\/blog.universofamilia.com\/tr\/wp-json\/wp\/v2\/types\/post"}],"author":[{"embeddable":true,"href":"http:\/\/blog.universofamilia.com\/tr\/wp-json\/wp\/v2\/users\/219"}],"replies":[{"embeddable":true,"href":"http:\/\/blog.universofamilia.com\/tr\/wp-json\/wp\/v2\/comments?post=1278"}],"version-history":[{"count":3,"href":"http:\/\/blog.universofamilia.com\/tr\/wp-json\/wp\/v2\/posts\/1278\/revisions"}],"predecessor-version":[{"id":1284,"href":"http:\/\/blog.universofamilia.com\/tr\/wp-json\/wp\/v2\/posts\/1278\/revisions\/1284"}],"wp:featuredmedia":[{"embeddable":true,"href":"http:\/\/blog.universofamilia.com\/tr\/wp-json\/wp\/v2\/media\/1279"}],"wp:attachment":[{"href":"http:\/\/blog.universofamilia.com\/tr\/wp-json\/wp\/v2\/media?parent=1278"}],"wp:term":[{"taxonomy":"category","embeddable":true,"href":"http:\/\/blog.universofamilia.com\/tr\/wp-json\/wp\/v2\/categories?post=1278"},{"taxonomy":"post_tag","embeddable":true,"href":"http:\/\/blog.universofamilia.com\/tr\/wp-json\/wp\/v2\/tags?post=1278"}],"curies":[{"name":"wp","href":"https:\/\/api.w.org\/{rel}","templated":true}]}}