{"id":736,"date":"2025-04-14T19:15:44","date_gmt":"2025-04-14T19:15:44","guid":{"rendered":"https:\/\/blog.universofamilia.com\/?p=736"},"modified":"2025-04-15T13:21:37","modified_gmt":"2025-04-15T13:21:37","slug":"termine-mi-relacion-y-quiero-conocerte-por-apps-de-citas","status":"publish","type":"post","link":"http:\/\/blog.universofamilia.com\/hu\/termine-mi-relacion-y-quiero-conocerte-por-apps-de-citas\/","title":{"rendered":"V\u00e9get vetettem a kapcsolatomnak, \u00e9s t\u00e1rskeres\u0151 alkalmaz\u00e1sokon kereszt\u00fcl szeretn\u00e9k megismerkedni veled."},"content":{"rendered":"<h3 class=\"wp-block-heading has-text-align-center\">Mert minden v\u00e9g lehet egyben egy \u00faj kezdet is<\/h3>\n\n\n\n<p><\/p>\n\n\n\n<h5 class=\"wp-block-heading has-text-align-center\"><mark class=\"has-inline-color has-vivid-cyan-blue-color\"><mark class=\"has-inline-color has-vivid-cyan-blue-color\">mi vagy te? <strong>keres\u00e9s<\/strong>?<\/mark><\/mark><\/h5>\n\n\n    <section class=\"mx-1 my-10\">\n                                                <a href=\"http:\/\/blog.universofamilia.com\/hu\/apps-mais-50\/\" class=\"text-white\" data-analytics-label=\"optionsButton\"\n                    data-action=\"analytics#trackCTA\">\n                    <div data-options-target=\"option\"\n                        class=\"custom-section rounded-xl border p-3 shadow-md w-full bg-green-700 my-3\">\n                        <div class=\"flex w-full items-center justify-between\">\n                            <div class=\"flex items-center space-x-3\">\n                                <div class=\"text-lg font-bold\">\n                                    Ismerd meg a legszebbet! \u279d\n                                <\/div>\n                            <\/div>\n                        <\/div>\n                    <\/div>\n                <\/a>\n                                                            <a href=\"http:\/\/blog.universofamilia.com\/hu\/descubriendo-nuevas-amistades\/\" class=\"text-white\" data-analytics-label=\"optionsButton\"\n                    data-action=\"analytics#trackCTA\">\n                    <div data-options-target=\"option\"\n                        class=\"custom-section rounded-xl border p-3 shadow-md w-full bg-green-700 my-3\">\n                        <div class=\"flex w-full items-center justify-between\">\n                            <div class=\"flex items-center space-x-3\">\n                                <div class=\"text-lg font-bold\">\n                                    Ismerkedj meg a norm\u00e1lis n\u0151kkel! \u279d\n                                <\/div>\n                            <\/div>\n                        <\/div>\n                    <\/div>\n                <\/a>\n                                                            <a href=\"http:\/\/blog.universofamilia.com\/hu\/aplicaciones-de-citas\/\" class=\"text-white\" data-analytics-label=\"optionsButton\"\n                    data-action=\"analytics#trackCTA\">\n                    <div data-options-target=\"option\"\n                        class=\"custom-section rounded-xl border p-3 shadow-md w-full bg-green-700 my-3\">\n                        <div class=\"flex w-full items-center justify-between\">\n                            <div class=\"flex items-center space-x-3\">\n                                <div class=\"text-lg font-bold\">\n                                    Szia, besz\u00e9lj most! \u279d\n                                <\/div>\n                            <\/div>\n                        <\/div>\n                    <\/div>\n                <\/a>\n                            <p class=\"text-xs text-gray-500 text-right hidden\"\n            style=\"margin-left: 50%; margin-bottom: 50px; margin-top: 5px;\">\n            <!-- You will be redirected to another website -->\n        <\/p>\n    <\/section>\n\n\n\n\n<p class=\"has-text-align-right\"><em><strong><em><strong><em><strong><em><strong><em><strong><em><strong><em><strong><em><strong><em><strong><em><strong>Ugyanott fog maradni!<\/strong><\/em><\/strong><\/em><\/strong><\/em><\/strong><\/em><\/strong><\/em><\/strong><\/em><\/strong><\/em><\/strong><\/em><\/strong><\/em><\/strong><\/em><\/p>\n\n\n\n<p><\/p>\n\n\n\n<p><strong>V\u00e9get vetettem a kapcsolatomnak, \u00e9s t\u00e1rskeres\u0151 alkalmaz\u00e1sokon kereszt\u00fcl szeretn\u00e9k megismerkedni veled.<\/strong>Tudom, nem k\u00f6nny\u0171 kimondani, nemhogy \u00e9rezni.<\/p>\n\n\n\n<p>De itt vagy te, b\u00e1tor, hajland\u00f3 vagy el\u0151rel\u00e9pni, \u00fajra mosolyogni, \u00e9s megadni magadnak a lehet\u0151s\u00e9get, hogy valami \u00fajat tapasztalj meg.<\/p>\n\n\n\n<p>Amikor egy t\u00f6rt\u00e9net v\u00e9get \u00e9r, helyet ad egy m\u00e1siknak, hogy elkezd\u0151dhessen.<\/p>\n\n\n\n<p>\u00c9s ebben a digit\u00e1lis korban ez a kezdet k\u00f6zelebb lehet, mint gondoln\u00e1d: csak egy kattint\u00e1snyira.<\/p>\n\n\n\n<p>A randialkalmaz\u00e1sok nem csak a partner megtal\u00e1l\u00e1s\u00e1r\u00f3l sz\u00f3lnak, hanem arr\u00f3l is, hogy \u00fajj\u00e1\u00e9p\u00edtsd magad, felfedezd \u00f6nmagad, \u00e9s \u00fajra kapcsolatba l\u00e9pj azzal, ami boldogg\u00e1 tesz.<\/p>\n\n\n\n<p>Ha valaha is elgondolkodt\u00e1l azon, hogy \u201eVajon valaha \u00fajra pillang\u00f3k lesznek a gyomromban?\u201d, ez a cikk neked sz\u00f3l.<\/p>\n\n\n\n<p>Ma felfedezni fogjuk<a href=\"http:\/\/blog.universofamilia.com\/hu\/apps-mais-50\/\"> A legjobb alkalmaz\u00e1sok szak\u00edt\u00e1s ut\u00e1ni ismerked\u00e9shez<\/a>, hogyan kell biztons\u00e1gosan haszn\u00e1lni \u0151ket, \u00e9s mindenekel\u0151tt hogyan lehet ezt \u00fagy tenni, hogy minden l\u00e9p\u00e9st \u00e9lvezz\u00fcnk.<\/p>\n\n\n\n<p>K\u00e9sz\u00fclj, mert ez az utaz\u00e1s a ti\u00e9d. \u00c9s most kezd\u0151dik.<\/p>\n\n\n\n<p><\/p>\n\n\n\n<hr class=\"wp-block-separator has-alpha-channel-opacity is-style-wide\" \/>\n\n\n\n<h2 class=\"wp-block-heading has-text-align-center\"><mark class=\"has-inline-color has-luminous-vivid-orange-color\"><a href=\"http:\/\/blog.universofamilia.com\/hu\/zumba-en-casa-descubre-la-diversion-de-bailar\/\">Olvasd el ezt is<\/a><\/mark><\/h2>\n\n\n    <section class=\"mx-1 my-10\">\n                                                <a href=\"http:\/\/blog.universofamilia.com\/hu\/aplicaciones-de-citas\/\" class=\"text-white\" data-analytics-label=\"optionsButton\"\n                    data-action=\"analytics#trackCTA\">\n                    <div data-options-target=\"option\"\n                        class=\"custom-section rounded-xl border p-3 shadow-md w-full bg-green-700 my-3\">\n                        <div class=\"flex w-full items-center justify-between\">\n                            <div class=\"flex items-center space-x-3\">\n                                <div class=\"text-lg font-bold\">\n                                    Randialkalmaz\u00e1sok \u279d\n                                <\/div>\n                            <\/div>\n                        <\/div>\n                    <\/div>\n                <\/a>\n                                                            <a href=\"http:\/\/blog.universofamilia.com\/hu\/descubre-quien-ve-tu-perfil-en-instagram-y-facebook\/\" class=\"text-white\" data-analytics-label=\"optionsButton\"\n                    data-action=\"analytics#trackCTA\">\n                    <div data-options-target=\"option\"\n                        class=\"custom-section rounded-xl border p-3 shadow-md w-full bg-green-700 my-3\">\n                        <div class=\"flex w-full items-center justify-between\">\n                            <div class=\"flex items-center space-x-3\">\n                                <div class=\"text-lg font-bold\">\n                                    Tudd meg, kik n\u00e9zik meg a profilodat \u279d\n                                <\/div>\n                            <\/div>\n                        <\/div>\n                    <\/div>\n                <\/a>\n                                                            <a href=\"http:\/\/blog.universofamilia.com\/hu\/santa-biblia-ave-maria\/\" class=\"text-white\" data-analytics-label=\"optionsButton\"\n                    data-action=\"analytics#trackCTA\">\n                    <div data-options-target=\"option\"\n                        class=\"custom-section rounded-xl border p-3 shadow-md w-full bg-green-700 my-3\">\n                        <div class=\"flex w-full items-center justify-between\">\n                            <div class=\"flex items-center space-x-3\">\n                                <div class=\"text-lg font-bold\">\n                                    Szent Biblia \u00dcdv\u00f6zl\u00e9gy M\u00e1ria \u279d\n                                <\/div>\n                            <\/div>\n                        <\/div>\n                    <\/div>\n                <\/a>\n                            <p class=\"text-xs text-gray-500 text-right hidden\"\n            style=\"margin-left: 50%; margin-bottom: 50px; margin-top: 5px;\">\n            <!-- You will be redirected to another website -->\n        <\/p>\n    <\/section>\n\n\n\n\n<p class=\"has-text-align-right\"><em><strong><em><strong><em><strong><em><strong><em><strong>Ugyanott fog maradni!<\/strong><\/em><\/strong><\/em><\/strong><\/em><\/strong><\/em><\/strong><\/em><\/p>\n\n\n\n<hr class=\"wp-block-separator has-alpha-channel-opacity is-style-wide\" \/>\n\n\n\n<p><\/p>\n\n\n\n<h2 class=\"wp-block-heading\">Szak\u00edt\u00e1s ut\u00e1n: Mi\u00e9rt keress \u00faj kapcsolatokat?<\/h2>\n\n\n\n<h3 class=\"wp-block-heading\">Nem a cser\u00e9r\u0151l van sz\u00f3, hanem a tov\u00e1bbl\u00e9p\u00e9sr\u0151l<\/h3>\n\n\n\n<p>Amikor egy kapcsolat v\u00e9get \u00e9r, gyakran ott van az a kellemetlen \u00fcress\u00e9g \u00e9rz\u00e9se. Szomor\u00fas\u00e1g, k\u00e9ts\u00e9g \u00e9s f\u00e9lelem kever\u00e9ke. \u00c9s ez \u00edgy van rendj\u00e9n.<\/p>\n\n\n\n<p>Nem vagy egyed\u00fcl. De a tov\u00e1bbl\u00e9p\u00e9s nem azt jelenti, hogy elfelejted, amit megtapasztalt\u00e1l; azt jelenti, hogy lehet\u0151s\u00e9get adsz magadnak arra, hogy a saj\u00e1t m\u00f3doddal \u00faj fejezetet \u00edrj.<\/p>\n\n\n\n<p>A randialkalmaz\u00e1sok seg\u00edthetnek ebben a szakaszban. Hogyan?<\/p>\n\n\n\n<p>Lehet\u0151v\u00e9 teszik, hogy val\u00f3di, hasonl\u00f3 \u00e9rdekl\u0151d\u00e9s\u0171 emberekkel tal\u00e1lkozz, akik nyitottak a besz\u00e9lget\u00e9sre, a nevet\u00e9sre, \u00e9s tal\u00e1n k\u00f6z\u00f6sen \u00e9p\u00edtenek valamit.<\/p>\n\n\n\n<p>\u00c9s a legjobb az eg\u00e9szben: a saj\u00e1t temp\u00f3dban csin\u00e1lhatod, nyom\u00e1s vagy elv\u00e1r\u00e1sok n\u00e9lk\u00fcl.<\/p>\n\n\n\n<h3 class=\"wp-block-heading\">Az alkalmaz\u00e1sok haszn\u00e1lat\u00e1nak val\u00f3di el\u0151nyei szak\u00edt\u00e1s ut\u00e1n:<\/h3>\n\n\n\n<ul>\n<li>Visszanyered az \u00f6nbecs\u00fcl\u00e9sedet \u00e9s az \u00f6nbizalmadat<\/li>\n\n\n\n<li>R\u00e1j\u00f6tt\u00e9l, hogy a vil\u00e1g nem d\u0151lt \u00f6ssze.<\/li>\n\n\n\n<li>Sz\u0171r\u0151k n\u00e9lk\u00fcl, a saj\u00e1t igazs\u00e1godb\u00f3l besz\u00e9lhetsz<\/li>\n\n\n\n<li>\u00daj lehet\u0151s\u00e9geket kezdesz megl\u00e1tni magad k\u00f6r\u00fcl<\/li>\n\n\n\n<li>Megtanulod fel\u00e1ll\u00edtani a hat\u00e1raidat, \u00e9s kifejezni, hogy mit szeretn\u00e9l igaz\u00e1n.<\/li>\n<\/ul>\n\n\n\n<p>\u00c9s ne feledd: te d\u00f6nt\u00f6d el, hogy kivel, mikor \u00e9s hogyan besz\u00e9lsz. Te ir\u00e1ny\u00edtasz.<\/p>\n\n\n\n<h2 class=\"wp-block-heading\">K\u00e9szen \u00e1llsz az \u00fajrakezd\u00e9sre?<\/h2>\n\n\n\n<h3 class=\"wp-block-heading\">Hallgass a sz\u00edvedre (\u00e9s az intu\u00edci\u00f3dra is)<\/h3>\n\n\n\n<p>Miel\u0151tt fejest ugran\u00e1l az online randiz\u00e1s vil\u00e1g\u00e1ba, \u00e1llj meg egy pillanatra. Vegy\u00e9l egy m\u00e9ly l\u00e9legzetet, \u00e9s k\u00e9rdezd meg magadt\u00f3l:<\/p>\n\n\n\n<ul>\n<li>T\u00e1rsas\u00e1got keresek, vagy csak figyelemelterel\u00e9st?<\/li>\n\n\n\n<li>Komoly, laza besz\u00e9lget\u00e9sre v\u00e1gyom?<\/li>\n\n\n\n<li>\u00c9rzelmileg nyitott vagyok az \u00faj emberekkel val\u00f3 tal\u00e1lkoz\u00e1sra?<\/li>\n<\/ul>\n\n\n\n<p>Nincsenek j\u00f3 vagy rossz v\u00e1laszok. Csak a te igazs\u00e1god.<\/p>\n\n\n\n<h3 class=\"wp-block-heading\">Jelek, hogy itt az ideje:<\/h3>\n\n\n\n<ul>\n<li>Az exed m\u00e1r nem uralja a gondolataidat<\/li>\n\n\n\n<li>Izgatott vagy az \u00f6tlett\u0151l, hogy tal\u00e1lkozz valakivel<\/li>\n\n\n\n<li>Nevetni, pillang\u00f3kat \u00e9rezni, t\u00f6rt\u00e9neteket megosztani<\/li>\n\n\n\n<li>\u00dagy \u00e9rzed, hogy t\u00f6bbet \u00e9s jobbat \u00e9rdemelsz\u2026<\/li>\n<\/ul>\n\n\n\n<p>Ha ezek k\u00f6z\u00fcl b\u00e1rmelyikkel is egyet\u00e9rtesz, itt az ideje megtenni az els\u0151 l\u00e9p\u00e9st.<\/p>\n\n\n\n<h2 class=\"wp-block-heading\">A legjobb randialkalmaz\u00e1sok, hogy szak\u00edt\u00e1s ut\u00e1n \u00faj emberekkel tal\u00e1lkozhass<\/h2>\n\n\n\n<h3 class=\"wp-block-heading\">1. <strong>Badoo \u2013 \u00c9p\u00edts igazi kapcsolatokat a v\u00e1rosodban<\/strong><\/h3>\n\n\n\n<p><a href=\"https:\/\/badoo.com\/pt\/\">\ud83d\udc49 Let\u00f6lt\u00e9s a Play \u00c1ruh\u00e1zb\u00f3l<\/a><\/p>\n\n\n\n<p>T\u00f6bb mint 500 milli\u00f3 felhaszn\u00e1l\u00f3j\u00e1val vil\u00e1gszerte a Badoo az egyik legmegb\u00edzhat\u00f3bb platform \u00faj emberekkel val\u00f3 ismerked\u00e9sre a k\u00f6zeledben.<\/p>\n\n\n\n<p>Nem kell hozz\u00e1 tech szak\u00e9rt\u0151nek lenned: a diz\u00e1jn intuit\u00edv, vizu\u00e1lis \u00e9s mindenki sz\u00e1m\u00e1ra el\u00e9rhet\u0151.<\/p>\n\n\n\n<p><strong>Ami kiemelkedik a Badoo-ban:<\/strong><\/p>\n\n\n\n<ul>\n<li>Lehet\u0151s\u00e9g annak megtekint\u00e9s\u00e9re, hogy ki van a k\u00f6zelben \u00e9s ki \u00e9rhet\u0151 el<\/li>\n\n\n\n<li>Biztons\u00e1gos videoh\u00edv\u00e1sokat kezdem\u00e9nyezhet egy tal\u00e1lkoz\u00f3 el\u0151tt<\/li>\n\n\n\n<li>Kiv\u00e1laszthatod, mit keresel: bar\u00e1ts\u00e1got, komoly kapcsolatot vagy csak egy kis kikapcsol\u00f3d\u00e1st.<\/li>\n<\/ul>\n\n\n\n<p>A Badoo ide\u00e1lis v\u00e1laszt\u00e1s, ha egy olyan alkalmaz\u00e1st keresel, amely sok lehet\u0151s\u00e9get k\u00edn\u00e1l, k\u00f6nnyen haszn\u00e1lhat\u00f3 \u00e9s ellen\u0151rz\u00f6tt felhaszn\u00e1l\u00f3kkal rendelkezik.<\/p>\n\n\n\n<p><\/p>\n\n\n\n<hr class=\"wp-block-separator has-alpha-channel-opacity is-style-wide\" \/>\n\n\n\n<h5 class=\"wp-block-heading has-text-align-left\"><strong><mark class=\"has-inline-color has-luminous-vivid-amber-color\"><strong><mark class=\"has-inline-color has-luminous-vivid-amber-color\"><a>\ud83d\udc49 <\/a><strong><mark class=\"has-inline-color has-luminous-vivid-amber-color\"><strong>T\u00f6ltsd le az alkalmaz\u00e1st:<\/strong><\/mark><\/strong><\/mark><\/strong><\/mark><\/strong><\/h5>\n\n\n    <section class=\"mx-1 my-10\">\n                                                <a href=\"https:\/\/badoo.com\/\" class=\"text-white\" data-analytics-label=\"optionsButton\"\n                    data-action=\"analytics#trackCTA\">\n                    <div data-options-target=\"option\"\n                        class=\"custom-section rounded-xl border p-3 shadow-md w-full bg-green-700 my-3\">\n                        <div class=\"flex w-full items-center justify-between\">\n                            <div class=\"flex items-center space-x-3\">\n                                <div class=\"text-lg font-bold\">\n                                    Badoo \u279d\n                                <\/div>\n                            <\/div>\n                        <\/div>\n                    <\/div>\n                <\/a>\n                            <p class=\"text-xs text-gray-500 text-right\"\n            style=\"margin-left: 50%; margin-bottom: 50px; margin-top: 5px;\">\n            <!-- You will be redirected to another website -->\n        <\/p>\n    <\/section>\n\n\n\n\n<p class=\"has-text-align-right\"><em><strong><em><strong><em><strong><em><strong><em><strong><em><strong><em><strong><em><strong><em><strong><em><strong>\u00c1t leszel ir\u00e1ny\u00edtva egy m\u00e1sik oldalra!<\/strong><\/em><\/strong><\/em><\/strong><\/em><\/strong><\/em><\/strong><\/em><\/strong><\/em><\/strong><\/em><\/strong><\/em><\/strong><\/em><\/strong><\/em><\/p>\n\n\n\n<hr class=\"wp-block-separator has-alpha-channel-opacity is-style-wide\" \/>\n\n\n\n<p><\/p>\n\n\n\n<h3 class=\"wp-block-heading\">2. <strong>Tinder \u2013 A klasszikus, ami sosem vall kudarcot<\/strong><\/h3>\n\n\n\n<p>A Tindert nem kell bemutatni. Ez a vil\u00e1g legn\u00e9pszer\u0171bb alkalmaz\u00e1sa az emberekkel val\u00f3 ismerked\u00e9sre. De kevesen tudj\u00e1k, hogy egy biztons\u00e1gos \u00e9s tiszteletteljes t\u00e9r is azok sz\u00e1m\u00e1ra, akik komoly kapcsolatot vagy ak\u00e1r bar\u00e1ts\u00e1got keresnek.<\/p>\n\n\n\n<p><strong>A Tinder el\u0151nyei:<\/strong><\/p>\n\n\n\n<ul>\n<li>K\u00f6z\u00f6s \u00e9rdekl\u0151d\u00e9sen alapul\u00f3 profilok<\/li>\n\n\n\n<li>Vil\u00e1gos \u00e9s k\u00f6zvetlen m\u00e9rk\u0151z\u00e9srendszer<\/li>\n\n\n\n<li>Hangjegyzetek, f\u00e9nyk\u00e9pek \u00e9s \u00e9rdekl\u0151d\u00e9si k\u00f6r\u00f6k hozz\u00e1ad\u00e1s\u00e1nak lehet\u0151s\u00e9ge a jobb kapcsolatteremt\u00e9s \u00e9rdek\u00e9ben<\/li>\n<\/ul>\n\n\n\n<p>A Tinder olyan, mint egy hatalmas piact\u00e9r a lehet\u0151s\u00e9gek t\u00e1rh\u00e1za: te v\u00e1lasztod ki, mit keresel, \u00e9s hogyan szeretn\u00e9d megtapasztalni.<\/p>\n\n\n\n<p><\/p>\n\n\n\n<hr class=\"wp-block-separator has-alpha-channel-opacity is-style-wide\" \/>\n\n\n\n<h5 class=\"wp-block-heading has-text-align-left\"><strong><mark class=\"has-inline-color has-luminous-vivid-amber-color\"><strong><mark class=\"has-inline-color has-luminous-vivid-amber-color\"><a>\ud83d\udc49 <\/a><strong><mark class=\"has-inline-color has-luminous-vivid-amber-color\"><strong>T\u00f6ltsd le az alkalmaz\u00e1st:<\/strong><\/mark><\/strong><\/mark><\/strong><\/mark><\/strong><\/h5>\n\n\n    <section class=\"mx-1 my-10\">\n                                                <a href=\"https:\/\/tinder.com\/pt\/download\" class=\"text-white\" data-analytics-label=\"optionsButton\"\n                    data-action=\"analytics#trackCTA\">\n                    <div data-options-target=\"option\"\n                        class=\"custom-section rounded-xl border p-3 shadow-md w-full bg-green-700 my-3\">\n                        <div class=\"flex w-full items-center justify-between\">\n                            <div class=\"flex items-center space-x-3\">\n                                <div class=\"text-lg font-bold\">\n                                    Tinder \u279d\n                                <\/div>\n                            <\/div>\n                        <\/div>\n                    <\/div>\n                <\/a>\n                            <p class=\"text-xs text-gray-500 text-right\"\n            style=\"margin-left: 50%; margin-bottom: 50px; margin-top: 5px;\">\n            <!-- You will be redirected to another website -->\n        <\/p>\n    <\/section>\n\n\n\n\n<p class=\"has-text-align-right\"><em><strong><em><strong><em><strong><em><strong><em><strong><em><strong><em><strong><em><strong><em><strong><em><strong>\u00c1t leszel ir\u00e1ny\u00edtva egy m\u00e1sik oldalra!<\/strong><\/em><\/strong><\/em><\/strong><\/em><\/strong><\/em><\/strong><\/em><\/strong><\/em><\/strong><\/em><\/strong><\/em><\/strong><\/em><\/strong><\/em><\/p>\n\n\n\n<hr class=\"wp-block-separator has-alpha-channel-opacity is-style-wide\" \/>\n\n\n\n<p><\/p>\n\n\n\n<h3 class=\"wp-block-heading\">3. <strong>Bumble \u2013 Az alkalmaz\u00e1s, ahol a ti\u00e9d az ir\u00e1ny\u00edt\u00e1s<\/strong><\/h3>\n\n\n\n<p>A Bumble forradalmas\u00edtja a randiz\u00e1s vil\u00e1g\u00e1t az\u00e1ltal, hogy lehet\u0151v\u00e9 teszi <strong>l\u00e9gy az, aki elkezdi a besz\u00e9lget\u00e9st<\/strong>Nincsenek furcsa vagy tolakod\u00f3 \u00fczenetek. Itt te d\u00f6nt\u00f6d el, hogy kivel \u00e9s mikor besz\u00e9lsz.<\/p>\n\n\n\n<p><strong>Amit szeret\u00fcnk a Bumble-ben:<\/strong><\/p>\n\n\n\n<ul>\n<li>A n\u0151k teszik meg az els\u0151 l\u00e9p\u00e9st<\/li>\n\n\n\n<li>T\u00f6bb m\u00f3d: randiz\u00e1s, bar\u00e1ts\u00e1g vagy kapcsolat\u00e9p\u00edt\u00e9s<\/li>\n\n\n\n<li>Biztons\u00e1gos, modern \u00e9s ellen\u0151rz\u00f6tt k\u00f6rnyezet<\/li>\n<\/ul>\n\n\n\n<p>Ha tiszteletre, m\u00e9ly besz\u00e9lget\u00e9sekre \u00e9s egy olyan alkalmaz\u00e1sra v\u00e1gysz, ahol te ir\u00e1ny\u00edthatod a temp\u00f3t, a Bumble a legjobb v\u00e1laszt\u00e1s.<\/p>\n\n\n\n<p><\/p>\n\n\n\n<hr class=\"wp-block-separator has-alpha-channel-opacity is-style-wide\" \/>\n\n\n\n<h5 class=\"wp-block-heading has-text-align-left\"><strong><mark class=\"has-inline-color has-luminous-vivid-amber-color\"><strong><mark class=\"has-inline-color has-luminous-vivid-amber-color\"><a>\ud83d\udc49 <\/a><strong><mark class=\"has-inline-color has-luminous-vivid-amber-color\"><strong>T\u00f6ltsd le az alkalmaz\u00e1st:<\/strong><\/mark><\/strong><\/mark><\/strong><\/mark><\/strong><\/h5>\n\n\n    <section class=\"mx-1 my-10\">\n                                                <a href=\"https:\/\/bumble.com\/pt\/\" class=\"text-white\" data-analytics-label=\"optionsButton\"\n                    data-action=\"analytics#trackCTA\">\n                    <div data-options-target=\"option\"\n                        class=\"custom-section rounded-xl border p-3 shadow-md w-full bg-green-700 my-3\">\n                        <div class=\"flex w-full items-center justify-between\">\n                            <div class=\"flex items-center space-x-3\">\n                                <div class=\"text-lg font-bold\">\n                                    Bumble \u279d\n                                <\/div>\n                            <\/div>\n                        <\/div>\n                    <\/div>\n                <\/a>\n                            <p class=\"text-xs text-gray-500 text-right\"\n            style=\"margin-left: 50%; margin-bottom: 50px; margin-top: 5px;\">\n            <!-- You will be redirected to another website -->\n        <\/p>\n    <\/section>\n\n\n\n\n<p class=\"has-text-align-right\"><em><strong><em><strong><em><strong><em><strong><em><strong><em><strong><em><strong><em><strong><em><strong><em><strong>\u00c1t leszel ir\u00e1ny\u00edtva egy m\u00e1sik oldalra!<\/strong><\/em><\/strong><\/em><\/strong><\/em><\/strong><\/em><\/strong><\/em><\/strong><\/em><\/strong><\/em><\/strong><\/em><\/strong><\/em><\/strong><\/em><\/p>\n\n\n\n<hr class=\"wp-block-separator has-alpha-channel-opacity is-style-wide\" \/>\n\n\n\n<p><\/p>\n\n\n\n<h2 class=\"wp-block-heading\">Hogyan hozzunk l\u00e9tre egy ellen\u00e1llhatatlan (\u00e9s hiteles) profilt<\/h2>\n\n\n\n<h3 class=\"wp-block-heading\">Nem arr\u00f3l van sz\u00f3, hogy \u201eeladd magad\u201d, hanem arr\u00f3l, hogy \u00f6nmagad legy\u00e9l.<\/h3>\n\n\n\n<p>A profilod a motiv\u00e1ci\u00f3s leveled. \u00cdme n\u00e9h\u00e1ny tipp, amelyek seg\u00edtenek kit\u0171nni a t\u00f6megb\u0151l, mik\u00f6zben meg\u0151rizheted \u00f6nmagad:<\/p>\n\n\n\n<ul>\n<li>Haszn\u00e1lj olyan fot\u00f3t, amelyen l\u00e1tszik a term\u00e9szetes mosolyod<\/li>\n\n\n\n<li>\u00cdrj egy r\u00f6vid, \u0151szinte le\u00edr\u00e1st: mit szeretsz, mir\u0151l \u00e1lmodsz, mit keresel<\/li>\n\n\n\n<li>Ne csak \u00fcres fr\u00e1zisokat haszn\u00e1lj. Mondj valami igazat: \u201eIm\u00e1dom a naplement\u00e9ket a tengerparton \u00e9s a hossz\u00fa besz\u00e9lget\u00e9seket k\u00e1v\u00e9z\u00e1s k\u00f6zben.\u201d<\/li>\n\n\n\n<li>Haszn\u00e1lj emojikat, ha t\u00e9ged k\u00e9pviselnek. Melegs\u00e9get sug\u00e1roznak.<\/li>\n\n\n\n<li>L\u00e9gy vil\u00e1gos a sz\u00e1nd\u00e9kaiddal kapcsolatban: bar\u00e1ts\u00e1got, szerelmet vagy valami laza kapcsolatot keresel?<\/li>\n<\/ul>\n\n\n\n<h3 class=\"wp-block-heading\">M\u0171k\u00f6d\u0151 kifejez\u00e9sek:<\/h3>\n\n\n\n<ul>\n<li>\u201eNyugodtan, de nyitott sz\u00edvvel gy\u00f3gyulva\u201d<\/li>\n\n\n\n<li>\u201eA mozi, az al pastoros tacos \u00e9s a laza besz\u00e9lget\u00e9sek szerelmese\u201d<\/li>\n\n\n\n<li>\u201eBefejeztem egy szakaszt, k\u00e9szen arra, hogy valami sz\u00e9pet \u00e9ljek \u00e1t\u201d<\/li>\n\n\n\n<li>\u201eAlig v\u00e1rom, hogy \u00fajra nevethessek. Csatlakozol hozz\u00e1m?\u201d<\/li>\n\n\n\n<li>\u201eVal\u00f3di kapcsolatokat keresek hiteles emberekkel\u201d<\/li>\n<\/ul>\n\n\n<div class=\"wp-block-image\">\n<figure class=\"aligncenter size-full\"><img loading=\"lazy\" decoding=\"async\" width=\"500\" height=\"350\" src=\"https:\/\/blog.universofamilia.com\/wp-content\/uploads\/sites\/154\/2025\/04\/DESTAQUE-BLOG-UNIVERSO-550-x-350-6.jpg\" alt=\"\" class=\"wp-image-741\" srcset=\"http:\/\/blog.universofamilia.com\/wp-content\/uploads\/sites\/154\/2025\/04\/DESTAQUE-BLOG-UNIVERSO-550-x-350-6.jpg 500w, http:\/\/blog.universofamilia.com\/wp-content\/uploads\/sites\/154\/2025\/04\/DESTAQUE-BLOG-UNIVERSO-550-x-350-6-300x210.jpg 300w, http:\/\/blog.universofamilia.com\/wp-content\/uploads\/sites\/154\/2025\/04\/DESTAQUE-BLOG-UNIVERSO-550-x-350-6-18x12.jpg 18w\" sizes=\"(max-width: 500px) 100vw, 500px\" \/><figcaption class=\"wp-element-caption\">V\u00e9get vetettem a kapcsolatomnak, \u00e9s t\u00e1rskeres\u0151 alkalmaz\u00e1sokon kereszt\u00fcl szeretn\u00e9k megismerkedni veled.<\/figcaption><\/figure><\/div>\n\n\n<h2 class=\"wp-block-heading\">Hogyan lehet \u0151szinte \u00e9s m\u00e9ly besz\u00e9lget\u00e9seket folytatni<\/h2>\n\n\n\n<h3 class=\"wp-block-heading\">Mondj b\u00facs\u00fat az unalmas \u201ehello\u201d-nak<\/h3>\n\n\n\n<ul>\n<li>\u201eMi volt az a hely, ami utolj\u00e1ra mosolyt csalt az arcodra?\u201d<\/li>\n\n\n\n<li>\u201eHa ma b\u00e1rhov\u00e1 elmehetn\u00e9l, hov\u00e1 menn\u00e9l?\u201d<\/li>\n\n\n\n<li>\u201eMi a kedvenc m\u00f3dja annak, hogy kikapcsol\u00f3djon a stresszt\u0151l?\u201d<\/li>\n\n\n\n<li>\u201eMilyen dalt hallgatt\u00e1l mostan\u00e1ban?\u201d<\/li>\n\n\n\n<li>&quot;Kuty\u00e1kat vagy macsk\u00e1kat szeretsz? Fontos k\u00e9rd\u00e9s!&quot;<\/li>\n<\/ul>\n\n\n\n<p>A j\u00f3 k\u00e9rd\u00e9sek ajt\u00f3kat nyitnak. Az \u0151szinte v\u00e1laszok sz\u00edveket nyitnak.<\/p>\n\n\n\n<h2 class=\"wp-block-heading\">Ker\u00fcld el ezeket a gyakori hib\u00e1kat randialkalmaz\u00e1sok haszn\u00e1latakor<\/h2>\n\n\n\n<h3 class=\"wp-block-heading\">Mert meg\u00e9rdemled a legjobbat<\/h3>\n\n\n\n<ul>\n<li>Ne idealiz\u00e1lj senkit a fot\u00f3ja alapj\u00e1n. El\u0151sz\u00f6r besz\u00e9lj.<\/li>\n\n\n\n<li>Ne ossz meg t\u00fal gyorsan szem\u00e9lyes adatokat (c\u00edm, telefonsz\u00e1m).<\/li>\n\n\n\n<li>Ha valaki nem okoz benned j\u00f3 \u00e9rz\u00e9st, l\u00e9pj egyet h\u00e1tra.<\/li>\n\n\n\n<li>B\u00edzz a meg\u00e9rz\u00e9seidben. Ha valami nem stimmel, akkor val\u00f3sz\u00edn\u0171leg nem is az.<\/li>\n\n\n\n<li>Tartsd fenn a m\u00e9rc\u00e9idet. Ne engedd le \u0151ket att\u00f3l f\u00e9lve, hogy egyed\u00fcl maradsz.<\/li>\n<\/ul>\n\n\n\n<h2 class=\"wp-block-heading\">Biztons\u00e1g az els\u0151: vigy\u00e1zz a sz\u00edvedre \u00e9s az integrit\u00e1sodra is<\/h2>\n\n\n\n<ul>\n<li>Haszn\u00e1lja az egyes alkalmaz\u00e1sok biztons\u00e1gi funkci\u00f3it (blokkol\u00e1s, jelent\u00e9s, ellen\u0151rz\u00e9s)<\/li>\n\n\n\n<li>Tal\u00e1lkozzatok nyilv\u00e1nos helyeken, ha \u00fagy d\u00f6nt\u00f6t\u00f6k, hogy tal\u00e1lkoztok valakivel<\/li>\n\n\n\n<li>Mondd el egy bar\u00e1todnak vagy csal\u00e1dtagodnak a tal\u00e1lkoz\u00f3dat<\/li>\n\n\n\n<li>Hozd magaddal a felt\u00f6ltve \u00e9s egyenleggel ell\u00e1tott mobiltelefonodat<\/li>\n\n\n\n<li>Soha ne egyezz bele, hogy otthon hozz fel az els\u0151 randin.<\/li>\n<\/ul>\n\n\n\n<h2 class=\"wp-block-heading\">Igaz t\u00f6rt\u00e9netek, amelyek inspir\u00e1lnak<\/h2>\n\n\n\n<h3 class=\"wp-block-heading\">Sofia, 29 \u00e9ves, Mexik\u00f3v\u00e1ros<\/h3>\n\n\n\n<blockquote class=\"wp-block-quote\">\n<p>\u201eEgy m\u00e9rgez\u0151 kapcsolat ut\u00e1n nem gondoltam, hogy \u00fajra megb\u00edzhatok valakiben. Dieg\u00f3val a Bumble-en ismerkedtem meg. Elkezdt\u00fcnk filmekr\u0151l besz\u00e9lgetni, \u00e9s ma\u2026 egy p\u00e1r vagyunk, \u00e9s \u00e9lett\u00e1rsak.\u201d<\/p>\n<\/blockquote>\n\n\n\n<h3 class=\"wp-block-heading\">Mariana, 38 \u00e9ves, Puebla<\/h3>\n\n\n\n<blockquote class=\"wp-block-quote\">\n<p>\u201eAnnyira bez\u00e1rk\u00f3zott voltam, hogy m\u00e9g alkalmaz\u00e1st sem akartam telep\u00edteni. Egy bar\u00e1tom gy\u0151z\u00f6tt meg. A Badoo-n olyan emberekre bukkantam, akik miatt \u00fajra \u00e9rt\u00e9kesnek \u00e9reztem magam. Nem vagyok p\u00e1rkapcsolatban, de t\u00e1mogat\u00e1st kapok.\u201d<\/p>\n<\/blockquote>\n\n\n\n<h3 class=\"wp-block-heading\">Laura, 25 \u00e9ves, Le\u00f3n<\/h3>\n\n\n\n<blockquote class=\"wp-block-quote\">\n<p>\u201eAz exem letiltott \u00e9s elt\u0171nt. Teljesen \u00f6sszet\u00f6rtnek \u00e9reztem magam. \u00d6sszeszedtem a b\u00e1tors\u00e1gomat, megnyitottam a Tindert, \u00e9s elkezdtem sz\u00f3rakoztat\u00f3 emberekkel besz\u00e9lgetni. M\u00e9g nem tal\u00e1ltam meg a szerelmet, de visszanyertem a nevet\u00e9semet.\u201d<\/p>\n<\/blockquote>\n\n\n\n<h2 class=\"wp-block-heading\">Az \u00faj t\u00f6rt\u00e9neted veled kezd\u0151dik<\/h2>\n\n\n\n<p>Van valami gy\u00f6ny\u00f6r\u0171 az \u00fajrakezd\u00e9sben. Lehet, hogy nem tudod, mit tal\u00e1lsz az alkalmaz\u00e1sokban, de azt igen, hogy mit \u00e9rdemelsz: tiszteletet, szeretetet, kapcsolatot, \u00f6r\u00f6m\u00f6t.<\/p>\n\n\n\n<p>Ma \u00e1tveheted az ir\u00e1ny\u00edt\u00e1st, magad v\u00e1laszthatod ki, \u00e9s k\u00edv\u00e1ncsian, rem\u00e9nnyel teheted meg az els\u0151 l\u00e9p\u00e9st.<\/p>\n\n\n\n<p>Nem vagy egyed\u00fcl. N\u0151k milli\u00f3i fedeznek fel \u00faj utakat, \u00e9s te is lehetsz egy k\u00f6z\u00fcl\u00fck.<\/p>\n\n\n\n<p>Mentes\u00edt\u00e9s <strong>Badoo<\/strong>, <strong>Tapl\u00f3<\/strong> b\u00e1rmelyik <strong>Z\u00fcmm\u00f6g<\/strong> \u00e9s kezdd magabiztosan ezt az \u00faj szakaszt. Ez nem csak egy alkalmaz\u00e1s. Ez egy \u00faj ajt\u00f3. \u00c9s ki tudja... tal\u00e1n az ajt\u00f3 m\u00f6g\u00f6tt van valaki, aki m\u00e1r r\u00e9g\u00f3ta v\u00e1r r\u00e1d.<\/p>","protected":false},"excerpt":{"rendered":"<p>Porque todo final tambi\u00e9n puede ser un nuevo principio Qu\u00e9 est\u00e1s buscando? \u00a1Permanecer\u00e1 en el mismo sitio! Termin\u00e9 mi relaci\u00f3n y quiero conocerte por apps de citas. Lo s\u00e9, no es f\u00e1cil decirlo, mucho menos sentirlo. Pero aqu\u00ed est\u00e1s, valiente, dispuesta a seguir adelante, a volver a sonre\u00edr, a permitirte la oportunidad de vivir algo [&hellip;]<\/p>","protected":false},"author":139,"featured_media":741,"comment_status":"closed","ping_status":"open","sticky":false,"template":"","format":"standard","meta":{"footnotes":""},"categories":[4],"tags":[357,465,418,463,464],"yoast_head":"<!-- This site is optimized with the Yoast SEO plugin v23.3 - https:\/\/yoast.com\/wordpress\/plugins\/seo\/ -->\n<title>Termin\u00e9 mi relaci\u00f3n y quiero conocerte por apps de citas - Blog Universo Fam\u00edlia<\/title>\n<meta name=\"description\" content=\"Termin\u00e9 mi relaci\u00f3n y quiero conocerte por apps de citas. Porque todo final tambi\u00e9n puede ser un nuevo principio...\" \/>\n<meta name=\"robots\" content=\"index, follow, max-snippet:-1, max-image-preview:large, max-video-preview:-1\" \/>\n<link rel=\"canonical\" href=\"https:\/\/blog.universofamilia.com\/hu\/termine-mi-relacion-y-quiero-conocerte-por-apps-de-citas\/\" \/>\n<meta property=\"og:locale\" content=\"hu_HU\" \/>\n<meta property=\"og:type\" content=\"article\" \/>\n<meta property=\"og:title\" content=\"Termin\u00e9 mi relaci\u00f3n y quiero conocerte por apps de citas - Blog Universo Fam\u00edlia\" \/>\n<meta property=\"og:description\" content=\"Termin\u00e9 mi relaci\u00f3n y quiero conocerte por apps de citas. Porque todo final tambi\u00e9n puede ser un nuevo principio...\" \/>\n<meta property=\"og:url\" content=\"https:\/\/blog.universofamilia.com\/hu\/termine-mi-relacion-y-quiero-conocerte-por-apps-de-citas\/\" \/>\n<meta property=\"og:site_name\" content=\"Blog Universo Fam\u00edlia\" \/>\n<meta property=\"article:published_time\" content=\"2025-04-14T19:15:44+00:00\" \/>\n<meta property=\"article:modified_time\" content=\"2025-04-15T13:21:37+00:00\" \/>\n<meta property=\"og:image\" content=\"https:\/\/blog.universofamilia.com\/wp-content\/uploads\/sites\/154\/2025\/04\/DESTAQUE-BLOG-UNIVERSO-550-x-350-6.jpg\" \/>\n\t<meta property=\"og:image:width\" content=\"500\" \/>\n\t<meta property=\"og:image:height\" content=\"350\" \/>\n\t<meta property=\"og:image:type\" content=\"image\/jpeg\" \/>\n<meta name=\"author\" content=\"Pedro Henrique\" \/>\n<meta name=\"twitter:card\" content=\"summary_large_image\" \/>\n<meta name=\"twitter:label1\" content=\"Written by\" \/>\n\t<meta name=\"twitter:data1\" content=\"Pedro Henrique\" \/>\n\t<meta name=\"twitter:label2\" content=\"Est. reading time\" \/>\n\t<meta name=\"twitter:data2\" content=\"8 perc\" \/>\n<script type=\"application\/ld+json\" class=\"yoast-schema-graph\">{\"@context\":\"https:\/\/schema.org\",\"@graph\":[{\"@type\":\"WebPage\",\"@id\":\"https:\/\/blog.universofamilia.com\/sr\/termine-mi-relacion-y-quiero-conocerte-por-apps-de-citas\/\",\"url\":\"https:\/\/blog.universofamilia.com\/sr\/termine-mi-relacion-y-quiero-conocerte-por-apps-de-citas\/\",\"name\":\"Termin\u00e9 mi relaci\u00f3n y quiero conocerte por apps de citas - Blog Universo Fam\u00edlia\",\"isPartOf\":{\"@id\":\"https:\/\/blog.universofamilia.com\/ko\/#website\"},\"primaryImageOfPage\":{\"@id\":\"https:\/\/blog.universofamilia.com\/sr\/termine-mi-relacion-y-quiero-conocerte-por-apps-de-citas\/#primaryimage\"},\"image\":{\"@id\":\"https:\/\/blog.universofamilia.com\/sr\/termine-mi-relacion-y-quiero-conocerte-por-apps-de-citas\/#primaryimage\"},\"thumbnailUrl\":\"http:\/\/blog.universofamilia.com\/wp-content\/uploads\/sites\/154\/2025\/04\/DESTAQUE-BLOG-UNIVERSO-550-x-350-6.jpg\",\"datePublished\":\"2025-04-14T19:15:44+00:00\",\"dateModified\":\"2025-04-15T13:21:37+00:00\",\"author\":{\"@id\":\"https:\/\/blog.universofamilia.com\/ko\/#\/schema\/person\/f07ce98187dd84d31154262e79b3b7ca\"},\"description\":\"Termin\u00e9 mi relaci\u00f3n y quiero conocerte por apps de citas. Porque todo final tambi\u00e9n puede ser un nuevo principio...\",\"breadcrumb\":{\"@id\":\"https:\/\/blog.universofamilia.com\/sr\/termine-mi-relacion-y-quiero-conocerte-por-apps-de-citas\/#breadcrumb\"},\"inLanguage\":\"hu\",\"potentialAction\":[{\"@type\":\"ReadAction\",\"target\":[\"https:\/\/blog.universofamilia.com\/sr\/termine-mi-relacion-y-quiero-conocerte-por-apps-de-citas\/\"]}]},{\"@type\":\"ImageObject\",\"inLanguage\":\"hu\",\"@id\":\"https:\/\/blog.universofamilia.com\/sr\/termine-mi-relacion-y-quiero-conocerte-por-apps-de-citas\/#primaryimage\",\"url\":\"http:\/\/blog.universofamilia.com\/wp-content\/uploads\/sites\/154\/2025\/04\/DESTAQUE-BLOG-UNIVERSO-550-x-350-6.jpg\",\"contentUrl\":\"http:\/\/blog.universofamilia.com\/wp-content\/uploads\/sites\/154\/2025\/04\/DESTAQUE-BLOG-UNIVERSO-550-x-350-6.jpg\",\"width\":500,\"height\":350,\"caption\":\"Termin\u00e9 mi relaci\u00f3n y quiero conocerte por apps de citas\"},{\"@type\":\"BreadcrumbList\",\"@id\":\"https:\/\/blog.universofamilia.com\/sr\/termine-mi-relacion-y-quiero-conocerte-por-apps-de-citas\/#breadcrumb\",\"itemListElement\":[{\"@type\":\"ListItem\",\"position\":1,\"name\":\"Home\",\"item\":\"https:\/\/blog.universofamilia.com\/ko\/\"},{\"@type\":\"ListItem\",\"position\":2,\"name\":\"Termin\u00e9 mi relaci\u00f3n y quiero conocerte por apps de citas\"}]},{\"@type\":\"WebSite\",\"@id\":\"https:\/\/blog.universofamilia.com\/ko\/#website\",\"url\":\"https:\/\/blog.universofamilia.com\/ko\/\",\"name\":\"Blog Universo Fam\u00edlia\",\"description\":\"\",\"potentialAction\":[{\"@type\":\"SearchAction\",\"target\":{\"@type\":\"EntryPoint\",\"urlTemplate\":\"https:\/\/blog.universofamilia.com\/ko\/?s={search_term_string}\"},\"query-input\":\"required name=search_term_string\"}],\"inLanguage\":\"hu\"},{\"@type\":\"Person\",\"@id\":\"https:\/\/blog.universofamilia.com\/ko\/#\/schema\/person\/f07ce98187dd84d31154262e79b3b7ca\",\"name\":\"Pedro Henrique\",\"image\":{\"@type\":\"ImageObject\",\"inLanguage\":\"hu\",\"@id\":\"https:\/\/blog.universofamilia.com\/ko\/#\/schema\/person\/image\/\",\"url\":\"http:\/\/0.gravatar.com\/avatar\/9edfeb808cb4e1599f64d6e45b130154?s=96&d=mm&r=g\",\"contentUrl\":\"http:\/\/0.gravatar.com\/avatar\/9edfeb808cb4e1599f64d6e45b130154?s=96&d=mm&r=g\",\"caption\":\"Pedro Henrique\"},\"url\":\"http:\/\/blog.universofamilia.com\/hu\/author\/editor01\/\"}]}<\/script>\n<!-- \/ Yoast SEO plugin. -->","yoast_head_json":{"title":"Termin\u00e9 mi relaci\u00f3n y quiero conocerte por apps de citas - Blog Universo Fam\u00edlia","description":"Termin\u00e9 mi relaci\u00f3n y quiero conocerte por apps de citas. Porque todo final tambi\u00e9n puede ser un nuevo principio...","robots":{"index":"index","follow":"follow","max-snippet":"max-snippet:-1","max-image-preview":"max-image-preview:large","max-video-preview":"max-video-preview:-1"},"canonical":"https:\/\/blog.universofamilia.com\/hu\/termine-mi-relacion-y-quiero-conocerte-por-apps-de-citas\/","og_locale":"hu_HU","og_type":"article","og_title":"Termin\u00e9 mi relaci\u00f3n y quiero conocerte por apps de citas - Blog Universo Fam\u00edlia","og_description":"Termin\u00e9 mi relaci\u00f3n y quiero conocerte por apps de citas. Porque todo final tambi\u00e9n puede ser un nuevo principio...","og_url":"https:\/\/blog.universofamilia.com\/hu\/termine-mi-relacion-y-quiero-conocerte-por-apps-de-citas\/","og_site_name":"Blog Universo Fam\u00edlia","article_published_time":"2025-04-14T19:15:44+00:00","article_modified_time":"2025-04-15T13:21:37+00:00","og_image":[{"width":500,"height":350,"url":"https:\/\/blog.universofamilia.com\/wp-content\/uploads\/sites\/154\/2025\/04\/DESTAQUE-BLOG-UNIVERSO-550-x-350-6.jpg","type":"image\/jpeg"}],"author":"Pedro Henrique","twitter_card":"summary_large_image","twitter_misc":{"Written by":"Pedro Henrique","Est. reading time":"8 perc"},"schema":{"@context":"https:\/\/schema.org","@graph":[{"@type":"WebPage","@id":"https:\/\/blog.universofamilia.com\/sr\/termine-mi-relacion-y-quiero-conocerte-por-apps-de-citas\/","url":"https:\/\/blog.universofamilia.com\/sr\/termine-mi-relacion-y-quiero-conocerte-por-apps-de-citas\/","name":"Termin\u00e9 mi relaci\u00f3n y quiero conocerte por apps de citas - Blog Universo Fam\u00edlia","isPartOf":{"@id":"https:\/\/blog.universofamilia.com\/ko\/#website"},"primaryImageOfPage":{"@id":"https:\/\/blog.universofamilia.com\/sr\/termine-mi-relacion-y-quiero-conocerte-por-apps-de-citas\/#primaryimage"},"image":{"@id":"https:\/\/blog.universofamilia.com\/sr\/termine-mi-relacion-y-quiero-conocerte-por-apps-de-citas\/#primaryimage"},"thumbnailUrl":"http:\/\/blog.universofamilia.com\/wp-content\/uploads\/sites\/154\/2025\/04\/DESTAQUE-BLOG-UNIVERSO-550-x-350-6.jpg","datePublished":"2025-04-14T19:15:44+00:00","dateModified":"2025-04-15T13:21:37+00:00","author":{"@id":"https:\/\/blog.universofamilia.com\/ko\/#\/schema\/person\/f07ce98187dd84d31154262e79b3b7ca"},"description":"Termin\u00e9 mi relaci\u00f3n y quiero conocerte por apps de citas. Porque todo final tambi\u00e9n puede ser un nuevo principio...","breadcrumb":{"@id":"https:\/\/blog.universofamilia.com\/sr\/termine-mi-relacion-y-quiero-conocerte-por-apps-de-citas\/#breadcrumb"},"inLanguage":"hu","potentialAction":[{"@type":"ReadAction","target":["https:\/\/blog.universofamilia.com\/sr\/termine-mi-relacion-y-quiero-conocerte-por-apps-de-citas\/"]}]},{"@type":"ImageObject","inLanguage":"hu","@id":"https:\/\/blog.universofamilia.com\/sr\/termine-mi-relacion-y-quiero-conocerte-por-apps-de-citas\/#primaryimage","url":"http:\/\/blog.universofamilia.com\/wp-content\/uploads\/sites\/154\/2025\/04\/DESTAQUE-BLOG-UNIVERSO-550-x-350-6.jpg","contentUrl":"http:\/\/blog.universofamilia.com\/wp-content\/uploads\/sites\/154\/2025\/04\/DESTAQUE-BLOG-UNIVERSO-550-x-350-6.jpg","width":500,"height":350,"caption":"Termin\u00e9 mi relaci\u00f3n y quiero conocerte por apps de citas"},{"@type":"BreadcrumbList","@id":"https:\/\/blog.universofamilia.com\/sr\/termine-mi-relacion-y-quiero-conocerte-por-apps-de-citas\/#breadcrumb","itemListElement":[{"@type":"ListItem","position":1,"name":"Home","item":"https:\/\/blog.universofamilia.com\/ko\/"},{"@type":"ListItem","position":2,"name":"Termin\u00e9 mi relaci\u00f3n y quiero conocerte por apps de citas"}]},{"@type":"WebSite","@id":"https:\/\/blog.universofamilia.com\/ko\/#website","url":"https:\/\/blog.universofamilia.com\/ko\/","name":"Blog Universo Fam\u00edlia","description":"","potentialAction":[{"@type":"SearchAction","target":{"@type":"EntryPoint","urlTemplate":"https:\/\/blog.universofamilia.com\/ko\/?s={search_term_string}"},"query-input":"required name=search_term_string"}],"inLanguage":"hu"},{"@type":"Person","@id":"https:\/\/blog.universofamilia.com\/ko\/#\/schema\/person\/f07ce98187dd84d31154262e79b3b7ca","name":"Pedro Henrique","image":{"@type":"ImageObject","inLanguage":"hu","@id":"https:\/\/blog.universofamilia.com\/ko\/#\/schema\/person\/image\/","url":"http:\/\/0.gravatar.com\/avatar\/9edfeb808cb4e1599f64d6e45b130154?s=96&d=mm&r=g","contentUrl":"http:\/\/0.gravatar.com\/avatar\/9edfeb808cb4e1599f64d6e45b130154?s=96&d=mm&r=g","caption":"Pedro Henrique"},"url":"http:\/\/blog.universofamilia.com\/hu\/author\/editor01\/"}]}},"_links":{"self":[{"href":"http:\/\/blog.universofamilia.com\/hu\/wp-json\/wp\/v2\/posts\/736"}],"collection":[{"href":"http:\/\/blog.universofamilia.com\/hu\/wp-json\/wp\/v2\/posts"}],"about":[{"href":"http:\/\/blog.universofamilia.com\/hu\/wp-json\/wp\/v2\/types\/post"}],"author":[{"embeddable":true,"href":"http:\/\/blog.universofamilia.com\/hu\/wp-json\/wp\/v2\/users\/139"}],"replies":[{"embeddable":true,"href":"http:\/\/blog.universofamilia.com\/hu\/wp-json\/wp\/v2\/comments?post=736"}],"version-history":[{"count":2,"href":"http:\/\/blog.universofamilia.com\/hu\/wp-json\/wp\/v2\/posts\/736\/revisions"}],"predecessor-version":[{"id":747,"href":"http:\/\/blog.universofamilia.com\/hu\/wp-json\/wp\/v2\/posts\/736\/revisions\/747"}],"wp:featuredmedia":[{"embeddable":true,"href":"http:\/\/blog.universofamilia.com\/hu\/wp-json\/wp\/v2\/media\/741"}],"wp:attachment":[{"href":"http:\/\/blog.universofamilia.com\/hu\/wp-json\/wp\/v2\/media?parent=736"}],"wp:term":[{"taxonomy":"category","embeddable":true,"href":"http:\/\/blog.universofamilia.com\/hu\/wp-json\/wp\/v2\/categories?post=736"},{"taxonomy":"post_tag","embeddable":true,"href":"http:\/\/blog.universofamilia.com\/hu\/wp-json\/wp\/v2\/tags?post=736"}],"curies":[{"name":"wp","href":"https:\/\/api.w.org\/{rel}","templated":true}]}}