{"id":261,"date":"2025-01-14T18:33:00","date_gmt":"2025-01-14T21:33:00","guid":{"rendered":"https:\/\/blog.universofamilia.com\/?p=261"},"modified":"2026-04-15T13:21:24","modified_gmt":"2026-04-15T13:21:24","slug":"aplicacion-de-ia-para-mejorar-tus-fotos","status":"publish","type":"post","link":"http:\/\/blog.universofamilia.com\/hu\/aplicacion-de-ia-para-mejorar-tus-fotos\/","title":{"rendered":"AI alkalmaz\u00e1s a f\u00e9nyk\u00e9pek jav\u00edt\u00e1s\u00e1hoz"},"content":{"rendered":"<p>Gondolt\u00e1l m\u00e1r arra, hogy a technol\u00f3gia hogyan tudja a h\u00e9tk\u00f6znapi fot\u00f3idat val\u00f3di m\u0171alkot\u00e1sokk\u00e1 alak\u00edtani?<\/p>\n\n\n\n<p>A mesters\u00e9ges intelligencia (MI) alkalmaz\u00e1sok t\u00e9rnyer\u00e9s\u00e9vel ez minden eddigin\u00e9l k\u00f6nnyebb.<\/p>\n\n\n\n<p>K\u00e9pzeld el, hogy k\u00e9sz\u00edtesz egy egyszer\u0171 fot\u00f3t a telefonoddal, \u00e9s m\u00e1sodpercek alatt bekeretezhet\u0151v\u00e9 alak\u00edtod!<\/p>\n\n\n\n<p>Ma azt vizsg\u00e1ljuk meg, hogyan seg\u00edthetnek a mesters\u00e9ges intelligencia alkalmaz\u00e1sai a f\u00e9nyk\u00e9pek jav\u00edt\u00e1s\u00e1ban \u00e9s az eml\u00e9kek m\u00e9g k\u00fcl\u00f6nlegesebb\u00e9 t\u00e9tel\u00e9ben.<\/p>\n\n\n\n<h3 class=\"wp-block-heading\">Alkalmaz\u00e1s, amely mesters\u00e9ges intelligencia seg\u00edts\u00e9g\u00e9vel jav\u00edtja fot\u00f3it: az alapok<\/h3>\n\n\n\n<p>A mesters\u00e9ges intelligenci\u00e1n alapul\u00f3 fot\u00f3alkalmaz\u00e1sok forradalmas\u00edtj\u00e1k a k\u00e9pszerkeszt\u00e9s m\u00f3dj\u00e1t.<\/p>\n\n\n\n<p>Fejlett algoritmusokat haszn\u00e1lnak a fot\u00f3 minden r\u00e9szlet\u00e9nek meg\u00e9rt\u00e9s\u00e9hez \u00e9s optimaliz\u00e1l\u00e1s\u00e1hoz.<\/p>\n\n\n\n<p>Ak\u00e1r a megvil\u00e1g\u00edt\u00e1s be\u00e1ll\u00edt\u00e1s\u00e1r\u00f3l, ak\u00e1r a nem k\u00edv\u00e1nt t\u00e1rgy elt\u00e1vol\u00edt\u00e1s\u00e1r\u00f3l a h\u00e1tt\u00e9rb\u0151l, ak\u00e1r m\u0171v\u00e9szi effektusok alkalmaz\u00e1s\u00e1r\u00f3l van sz\u00f3, ezek az alkalmaz\u00e1sok egyszer\u0171 \u00e9s hihetetlen\u00fcl hat\u00e9kony megold\u00e1sokat k\u00edn\u00e1lnak.<\/p>\n\n\n\n<p>Ha szeretsz minden pillanatot meg\u00f6r\u00f6k\u00edteni, de nincs id\u0151d vagy t\u00fcrelmed manu\u00e1lisan szerkeszteni, ezek az alkalmaz\u00e1sok igazi \u00e9letment\u0151k lehetnek.<\/p>\n\n\n\n<h3 class=\"wp-block-heading\">Mi a mesters\u00e9ges intelligencia a fot\u00f3z\u00e1sban?<\/h3>\n\n\n\n<p>Amikor a f\u00e9nyk\u00e9pez\u00e9sben a mesters\u00e9ges intelligenci\u00e1r\u00f3l besz\u00e9l\u00fcnk, olyan rendszerekre gondolunk, amelyek g\u00e9pi tanul\u00e1st haszn\u00e1lnak a k\u00e9pek elemz\u00e9s\u00e9re \u00e9s m\u00f3dos\u00edt\u00e1s\u00e1ra.<\/p>\n\n\n\n<p>Ez azt jelenti, hogy ahelyett, hogy manu\u00e1lisan kellene \u00e1ll\u00edtania a f\u00e9nyer\u0151t, a kontrasztot vagy a tel\u00edtetts\u00e9get, az alkalmaz\u00e1s automatikusan elv\u00e9gzi azokat a \u201etanult\u201d inform\u00e1ci\u00f3k alapj\u00e1n, amelyek vizu\u00e1lisan vonz\u00f3v\u00e1 teszik a fot\u00f3t.<\/p>\n\n\n\n<p>P\u00e9ld\u00e1ul \u00e9szrevetted m\u00e1r, hogy egyes alkalmaz\u00e1sok olyan sz\u0171r\u0151ket javasolnak, amelyek t\u00f6k\u00e9letesen illeszkednek a fot\u00f3n l\u00e1that\u00f3 jelenethez? Ez a mesters\u00e9ges intelligencia m\u0171k\u00f6d\u00e9s k\u00f6zben!<\/p>\n\n\n\n<h3 class=\"wp-block-heading has-text-align-center\">Mit keresel ma?<\/h3>\n\n\n\n<div class=\"wp-block-buttons is-content-justification-center is-layout-flex wp-container-core-buttons-layout-1 wp-block-buttons-is-layout-flex\">\n<div class=\"wp-block-button has-custom-width wp-block-button__width-100 is-style-outline\" style=\"text-decoration:none\"><a class=\"wp-block-button__link has-white-color has-vivid-cyan-blue-background-color has-text-color has-background has-link-color has-text-align-center wp-element-button\" href=\"https:\/\/blog.universofamilia.com\/hu\/180\/recuperando-fotos-perdidas-u-ocultas\/\" style=\"border-radius:6px\">Elveszett vagy rejtett f\u00e9nyk\u00e9pek vissza\u00e1ll\u00edt\u00e1sa \u27a1\ufe0f<\/a><\/div>\n<\/div>\n\n\n\n<div class=\"wp-block-buttons is-content-justification-center is-layout-flex wp-container-core-buttons-layout-2 wp-block-buttons-is-layout-flex\">\n<div class=\"wp-block-button has-custom-width wp-block-button__width-100 is-style-outline\" style=\"text-decoration:none\"><a class=\"wp-block-button__link has-white-color has-vivid-cyan-blue-background-color has-text-color has-background has-link-color has-text-align-center wp-element-button\" href=\"https:\/\/blog.universofamilia.com\/hu\/183\/encuentra-tu-celular-facilmente\/\" style=\"border-radius:6px\">Tal\u00e1ld meg k\u00f6nnyed\u00e9n a mobiltelefonodat\u27a1\ufe0f<\/a><\/div>\n<\/div>\n\n\n\n<div class=\"wp-block-buttons is-content-justification-center is-layout-flex wp-container-core-buttons-layout-3 wp-block-buttons-is-layout-flex\">\n<div class=\"wp-block-button has-custom-width wp-block-button__width-100 is-style-outline\" style=\"text-decoration:none\"><a class=\"wp-block-button__link has-white-color has-vivid-cyan-blue-background-color has-text-color has-background has-link-color has-text-align-center wp-element-button\" href=\"https:\/\/blog.universofamilia.com\/hu\/168\/advenimiento-de-los-coches-y-camiones-autonomos\/\" style=\"border-radius:6px\">Az \u00f6nvezet\u0151 aut\u00f3k \u00e9s teheraut\u00f3k megjelen\u00e9se \u27a1\ufe0f<\/a><\/div>\n<\/div>\n\n\n\n<p class=\"has-text-align-center\"><em><strong><em><strong><em><strong>Olvass tov\u00e1bb!<\/strong><\/em><\/strong><\/em><\/strong><\/em><\/p>\n\n\n\n<hr class=\"wp-block-separator has-text-color has-luminous-vivid-orange-color has-alpha-channel-opacity has-luminous-vivid-orange-background-color has-background is-style-wide\" \/>\n\n\n\n<p><\/p>\n\n\n\n<h3 class=\"wp-block-heading\">A mesters\u00e9ges intelligencia haszn\u00e1lat\u00e1nak el\u0151nyei a f\u00e9nyk\u00e9pek szerkeszt\u00e9s\u00e9ben<\/h3>\n\n\n\n<ul class=\"wp-block-list\">\n<li><strong>Jav\u00edtsa a fot\u00f3min\u0151s\u00e9get:<\/strong> K\u00e9pzeld el, hogy s\u00f6t\u00e9t k\u00f6rnyezetben k\u00e9sz\u00edtesz egy fot\u00f3t, \u00e9s n\u00e9zed, ahogy az tiszta, \u00e9les k\u00e9pp\u00e9 alakul. Ez mesters\u00e9ges intelligenci\u00e1val lehets\u00e9ges.<\/li>\n\n\n\n<li><strong>Nem k\u00edv\u00e1nt t\u00e1rgyak elt\u00e1vol\u00edt\u00e1sa:<\/strong> Az a szem\u00e9ly, aki v\u00e9letlen\u00fcl megjelent a fot\u00f3d h\u00e1tter\u00e9ben? Egy kattint\u00e1s, \u00e9s elt\u0171nik!<\/li>\n\n\n\n<li><strong>M\u0171v\u00e9szi effektek alkalmaz\u00e1sa:<\/strong> Szeretn\u00e9d Van Gogh ihlette festm\u00e9nny\u00e9 alak\u00edtani a fot\u00f3dat? N\u00e9h\u00e1ny alkalmaz\u00e1s m\u00e1sodpercek alatt megcsin\u00e1lja.<\/li>\n\n\n\n<li><strong>Id\u0151t \u00e9s energi\u00e1t takar\u00edthat meg:<\/strong> Oktat\u00f3anyagok vagy \u00f3r\u00e1kig tart\u00f3 manu\u00e1lis szerkeszt\u00e9s n\u00e9lk\u00fcl arra koncentr\u00e1lhatsz, ami igaz\u00e1n sz\u00e1m\u00edt: az eml\u00e9kek alkot\u00e1sa.<\/li>\n<\/ul>\n\n\n\n<h3 class=\"wp-block-heading\">Hogyan m\u0171k\u00f6dik a mesters\u00e9ges intelligencia technol\u00f3gia a k\u00e9pfeldolgoz\u00e1sban<\/h3>\n\n\n\n<p>A mesters\u00e9ges intelligencia neur\u00e1lis h\u00e1l\u00f3zatokat haszn\u00e1l a k\u00e9pekben tal\u00e1lhat\u00f3 mint\u00e1k \u201etanul\u00e1s\u00e1ra\u201d. Ez azt jelenti, hogy id\u0151vel egyre hat\u00e9konyabban azonos\u00edtja a sz\u00fcks\u00e9ges m\u00f3dos\u00edt\u00e1sokat.<\/p>\n\n\n\n<p>P\u00e9ld\u00e1ul, ha t\u00e1jk\u00e9pet fot\u00f3zunk, az alkalmaz\u00e1s automatikusan kiemelheti az \u00e9g sz\u00edneit \u00e9s l\u00e1gy\u00edthatja az \u00e1rny\u00e9kokat, hogy kiegyens\u00falyozottabb hat\u00e1st \u00e9rj\u00fcnk el.<\/p>\n\n\n\n<p>Egy m\u00e1sik gyakori funkci\u00f3 az arcfelismer\u00e9s. A mesters\u00e9ges intelligencia k\u00e9pes felismerni az arcokat, \u00e9s a megvil\u00e1g\u00edt\u00e1st, valamint a b\u0151rt\u00f3nusokat \u00fagy m\u00f3dos\u00edtani, hogy mindenki term\u00e9szetesnek \u00e9s ragyog\u00f3nak t\u0171nj\u00f6n.<\/p>\n\n\n\n<h3 class=\"wp-block-heading\">A mesters\u00e9ges intelligencia \u00e1ltal fejlesztett fot\u00f3alkalmaz\u00e1sok f\u0151bb jellemz\u0151i<\/h3>\n\n\n\n<ul class=\"wp-block-list\">\n<li><strong>Automatikus min\u0151s\u00e9gjav\u00edt\u00e1s:<\/strong> Tedd fot\u00f3idat tiszt\u00e1bb\u00e1, \u00e9lesebb\u00e9 \u00e9s kiegyens\u00falyozottabb\u00e1 egyetlen kattint\u00e1ssal.<\/li>\n\n\n\n<li><strong>Sz\u00edn- \u00e9s f\u00e9nyer\u0151korrekci\u00f3:<\/strong> Automatikus be\u00e1ll\u00edt\u00e1sok, amelyek \u00e9l\u00e9nkebb \u00e9s realisztikusabb sz\u00edneket biztos\u00edtanak.<\/li>\n\n\n\n<li><strong>M\u0171v\u00e9szeti eszk\u00f6z\u00f6k:<\/strong> Alak\u00edtsa k\u00e9peit festm\u00e9nyekk\u00e9, rajzokk\u00e1 vagy m\u00e1s kreat\u00edv st\u00edlusokk\u00e1.<\/li>\n\n\n\n<li><strong>Zajsz\u0171r\u00e9s:<\/strong> Jav\u00edtsa a szemcs\u00e9s vagy gyenge f\u00e9nyviszonyok k\u00f6z\u00f6tt k\u00e9sz\u00edtett f\u00e9nyk\u00e9peket.<\/li>\n\n\n\n<li><strong>R\u00e9szletes kiad\u00e1s:<\/strong> Fejlett vez\u00e9rl\u00e9s azok sz\u00e1m\u00e1ra, akik prec\u00edzebb manu\u00e1lis be\u00e1ll\u00edt\u00e1sokra v\u00e1gynak.<\/li>\n<\/ul>\n\n\n\n<h3 class=\"wp-block-heading\">Fot\u00f3k \u00e1talak\u00edt\u00e1sa mesters\u00e9ges intelligencia eszk\u00f6z\u00f6kkel<\/h3>\n\n\n\n<ul class=\"wp-block-list\">\n<li><strong>Automatikus min\u0151s\u00e9gjav\u00edt\u00e1s:<\/strong> T\u00f6k\u00e9letes azok sz\u00e1m\u00e1ra, akik gyors, leny\u0171g\u00f6z\u0151 eredm\u00e9nyeket szeretn\u00e9nek a min\u0151s\u00e9g fel\u00e1ldoz\u00e1sa n\u00e9lk\u00fcl.<\/li>\n\n\n\n<li><strong>Sz\u00edn- \u00e9s f\u00e9nyer\u0151korrekci\u00f3:<\/strong> Alapvet\u0151 az egyenetlen megvil\u00e1g\u00edt\u00e1s\u00fa k\u00e9pek kiegyens\u00falyoz\u00e1s\u00e1hoz.<\/li>\n<\/ul>\n\n\n\n<h4 class=\"wp-block-heading\">Tippek a legjobb eredm\u00e9nyek el\u00e9r\u00e9s\u00e9hez<\/h4>\n\n\n\n<ol class=\"wp-block-list\">\n<li><strong>V\u00e1laszd ki a megfelel\u0151 alkalmaz\u00e1st:<\/strong> Nem minden alkalmaz\u00e1s egyforma. Pr\u00f3b\u00e1ljon ki k\u00fcl\u00f6nb\u00f6z\u0151 lehet\u0151s\u00e9geket, hogy megtudja, melyik m\u0171k\u00f6dik a legjobban az \u00d6n sz\u00e1m\u00e1ra.<\/li>\n\n\n\n<li><strong>Term\u00e9szetes f\u00e9ny haszn\u00e1lata:<\/strong> M\u00e9g a mesters\u00e9ges intelligencia seg\u00edts\u00e9g\u00e9vel is sz\u00e1m\u00edt a j\u00f3 megvil\u00e1g\u00edt\u00e1s.<\/li>\n\n\n\n<li><strong>Ker\u00fcld a t\u00falz\u00e1sokat:<\/strong> A sz\u0171r\u0151k \u00e9s effektek leny\u0171g\u00f6z\u0151ek, de n\u00e9ha a kevesebb t\u00f6bb.<\/li>\n<\/ol>\n\n\n\n<figure class=\"wp-block-image alignwide size-full\"><img loading=\"lazy\" decoding=\"async\" width=\"500\" height=\"350\" src=\"http:\/\/blog.universofamilia.com\/wp-content\/uploads\/sites\/154\/2025\/01\/DESTAQUE-BLOG-UNIVERSO-550-x-350-7.jpg\" alt=\"\" class=\"wp-image-262\" srcset=\"http:\/\/blog.universofamilia.com\/wp-content\/uploads\/sites\/154\/2025\/01\/DESTAQUE-BLOG-UNIVERSO-550-x-350-7.jpg 500w, http:\/\/blog.universofamilia.com\/wp-content\/uploads\/sites\/154\/2025\/01\/DESTAQUE-BLOG-UNIVERSO-550-x-350-7-300x210.jpg 300w, http:\/\/blog.universofamilia.com\/wp-content\/uploads\/sites\/154\/2025\/01\/DESTAQUE-BLOG-UNIVERSO-550-x-350-7-18x12.jpg 18w\" sizes=\"(max-width: 500px) 100vw, 500px\" \/><\/figure>\n\n\n\n<h3 class=\"wp-block-heading\">A legjobb mesters\u00e9ges intelligencia alkalmaz\u00e1sok \u00f6sszehasonl\u00edt\u00e1sa fot\u00f3khoz<\/h3>\n\n\n\n<p><strong>Ingyenes vs. Pr\u00e9mium:<\/strong> Az ingyenes alkalmaz\u00e1sok alapvet\u0151 funkci\u00f3kat k\u00edn\u00e1lnak, de ha fejlettebb funkci\u00f3kat keresel, \u00e9rdemes lehet befektetni egy pr\u00e9mium verzi\u00f3ba.<\/p>\n\n\n\n<h4 class=\"wp-block-heading\">Az egyes alkalmaz\u00e1sok exkluz\u00edv funkci\u00f3i<\/h4>\n\n\n\n<ol class=\"wp-block-list\">\n<li><strong>K\u00e9pzeld el.MI:<\/strong> M\u0171v\u00e9szi \u00e1talak\u00edt\u00e1sokra szakosodtunk. V\u00e1ltsd h\u00e9tk\u00f6znapi f\u00e9nyk\u00e9peidet val\u00f3di m\u0171alkot\u00e1sokk\u00e1.<\/li>\n\n\n\n<li><strong>Tov\u00e1bbi p\u00e9ld\u00e1k:<\/strong> Az olyan alkalmaz\u00e1sok, mint a Snapseed \u00e9s az Adobe Lightroom, szint\u00e9n fejlett funkci\u00f3kat k\u00edn\u00e1lnak, bele\u00e9rtve a r\u00e9szletes be\u00e1ll\u00edt\u00e1sokat \u00e9s a kiv\u00e1l\u00f3 min\u0151s\u00e9g\u0171 export\u00e1l\u00e1si lehet\u0151s\u00e9geket.<\/li>\n<\/ol>\n\n\n\n<h3 class=\"wp-block-heading\">Mit mondanak a felhaszn\u00e1l\u00f3k?<\/h3>\n\n\n\n<p>\u201eAmi\u00f3ta elkezdtem haszn\u00e1lni az Imagine.AI-t, a fot\u00f3imra mindig felfigyelnek. A hat\u00e1sok hihetetlenek, a haszn\u00e1latuk pedig p\u00e1ratlanul egyszer\u0171!\u201d \u2013 Ana, Apple Store felhaszn\u00e1l\u00f3.<\/p>\n\n\n\n<p>\u201eNem tudtam, hogy egy alkalmaz\u00e1s ennyire meg tudja v\u00e1ltoztatni a k\u00e9peim min\u0151s\u00e9g\u00e9t. Melegen aj\u00e1nlom!\u201d \u2013 Paulo, Google Play felhaszn\u00e1l\u00f3.<\/p>\n\n\n\n<h3 class=\"wp-block-heading\">K\u00f6vetkeztet\u00e9s<\/h3>\n\n\n\n<p>A rengeteg mesters\u00e9ges intelligencia \u00e1ltal t\u00e1mogatott fot\u00f3alkalmaz\u00e1s-lehet\u0151s\u00e9g k\u00f6z\u00fcl megtal\u00e1lhatod a sz\u00e1modra t\u00f6k\u00e9letes megold\u00e1st, ak\u00e1r gyors m\u00f3dos\u00edt\u00e1sokra, ak\u00e1r kreat\u00edv \u00e1talak\u00edt\u00e1sokra v\u00e1gysz.<\/p>\n\n\n\n<p>Pr\u00f3b\u00e1lj ki k\u00fcl\u00f6nb\u00f6z\u0151 lehet\u0151s\u00e9geket, fedezd fel a funkci\u00f3kat, \u00e9s tal\u00e1ld meg, mi m\u0171k\u00f6dik a legjobban sz\u00e1modra. V\u00e9g\u00fcl is az eml\u00e9keid meg\u00e9rdemelnek egy k\u00fcl\u00f6nleges \u00e9rint\u00e9st.<\/p>\n\n\n\n<p>T\u00f6ltsd le az aj\u00e1nlott alkalmaz\u00e1sokat, hogy azonnal elkezdhesd a fot\u00f3id \u00e1talak\u00edt\u00e1s\u00e1t:<\/p>\n\n\n\n<ul class=\"wp-block-list\">\n<li><strong>K\u00e9pzeld el.AI<\/strong>: <a href=\"https:\/\/apps.apple.com\/br\/iphone\/today\">Let\u00f6lt\u00e9s az Apple Store-b\u00f3l<\/a><\/li>\n<\/ul>\n\n\n\n<h3 class=\"wp-block-heading\"><strong>Gyakran Ism\u00e9telt K\u00e9rd\u00e9sek<\/strong><\/h3>\n\n\n\n<p><strong>1. Mi az a mesters\u00e9ges intelligencia alap\u00fa fot\u00f3alkalmaz\u00e1s?<\/strong><br>Ez egy olyan szoftver, amely mesters\u00e9ges intelligenci\u00e1t haszn\u00e1l a f\u00e9nyk\u00e9pek automatikus jav\u00edt\u00e1s\u00e1ra, szerkeszt\u00e9s\u00e9re vagy \u00e1talak\u00edt\u00e1s\u00e1ra. Ezek az alkalmaz\u00e1sok olyan elemeket elemeznek, mint a megvil\u00e1g\u00edt\u00e1s, a sz\u00edn \u00e9s a kompoz\u00edci\u00f3, hogy manu\u00e1lis szerkeszt\u00e9s n\u00e9lk\u00fcl optimaliz\u00e1lj\u00e1k a k\u00e9peket.<\/p>\n\n\n\n<p><strong>2. K\u00f6nnyen haszn\u00e1lhat\u00f3ak ezek az alkalmaz\u00e1sok?<\/strong><br>Igen, ezeknek az alkalmaz\u00e1soknak a t\u00f6bbs\u00e9g\u00e9t \u00fagy tervezt\u00e9k, hogy intuit\u00edvak legyenek, m\u00e9g a kezd\u0151k sz\u00e1m\u00e1ra is. Gyakran tartalmaznak automatikus szerkeszt\u00e9si lehet\u0151s\u00e9geket \u00e9s k\u00f6nnyen haszn\u00e1lhat\u00f3 eszk\u00f6z\u00f6ket, \u00edgy b\u00e1rmely felhaszn\u00e1l\u00f3 sz\u00e1m\u00e1ra el\u00e9rhet\u0151ek.<\/p>\n\n\n\n<p><strong>3. Milyen el\u0151nyei vannak a mesters\u00e9ges intelligencia haszn\u00e1lat\u00e1nak a fot\u00f3szerkeszt\u00e9sben?<\/strong><br>A mesters\u00e9ges intelligencia lehet\u0151v\u00e9 teszi a f\u00e9nyk\u00e9pek min\u0151s\u00e9g\u00e9nek gyors \u00e9s pontos jav\u00edt\u00e1s\u00e1t. Korrig\u00e1lhatja a megvil\u00e1g\u00edt\u00e1st, elt\u00e1vol\u00edthatja a nem k\u00edv\u00e1nt objektumokat, m\u0171v\u00e9szi sz\u0171r\u0151ket alkalmazhat, \u00e9s id\u0151t takar\u00edthat meg a hagyom\u00e1nyos manu\u00e1lis szerkeszt\u00e9shez k\u00e9pest.<\/p>\n\n\n\n<p><strong>4. Biztons\u00e1gosak a mesters\u00e9ges intelligencia \u00e1ltal t\u00e1mogatott k\u00e9pszerkeszt\u0151 alkalmaz\u00e1sok?<\/strong><br>\u00c1ltal\u00e1ban igen. Azonban fontos elolvasni az adatv\u00e9delmi ir\u00e1nyelveket egy alkalmaz\u00e1s haszn\u00e1lata el\u0151tt, mivel egyesek szem\u00e9lyes adatokat gy\u0171jthetnek. V\u00e1lassz megb\u00edzhat\u00f3 fejleszt\u0151kt\u0151l sz\u00e1rmaz\u00f3 alkalmaz\u00e1sokat, \u00e9s ellen\u0151rizd a felhaszn\u00e1l\u00f3i v\u00e9lem\u00e9nyeket.<\/p>\n\n\n\n<p><strong>5. Mi a k\u00fcl\u00f6nbs\u00e9g az ingyenes \u00e9s a pr\u00e9mium alkalmaz\u00e1sok k\u00f6z\u00f6tt?<\/strong><br>Az ingyenes alkalmaz\u00e1sok jellemz\u0151en alapvet\u0151 funkci\u00f3kat k\u00edn\u00e1lnak, p\u00e9ld\u00e1ul a f\u00e9nyer\u0151 \u00e9s a kontraszt be\u00e1ll\u00edt\u00e1s\u00e1t. A pr\u00e9mium verzi\u00f3k olyan fejlett eszk\u00f6z\u00f6ket tartalmaznak, mint a zajsz\u0171r\u00e9s, a r\u00e9szletes szerkeszt\u00e9s \u00e9s az egyedi m\u0171v\u00e9szi effektek.<\/p>\n\n\n\n<p><strong>6. B\u00e1rmelyik eszk\u00f6z\u00f6n haszn\u00e1lhatom ezeket az alkalmaz\u00e1sokat?<\/strong><br>A legt\u00f6bb mesters\u00e9ges intelligencia alkalmaz\u00e1s iOS \u00e9s Android eszk\u00f6z\u00f6kre is el\u00e9rhet\u0151. Let\u00f6lt\u00e9s el\u0151tt mindenk\u00e9ppen ellen\u0151rizd az alkalmaz\u00e1sboltban a kompatibilit\u00e1st.<\/p>\n\n\n\n<p><strong>7. Melyek a legn\u00e9pszer\u0171bb mesters\u00e9ges intelligencia alkalmaz\u00e1sok?<\/strong><br>N\u00e9h\u00e1ny a legink\u00e1bb aj\u00e1nlottak k\u00f6z\u00fcl az Imagine.AI, a Snapseed \u00e9s az Adobe Lightroom. Mindegyik egyedi funkci\u00f3kat k\u00edn\u00e1l, az automatikus be\u00e1ll\u00edt\u00e1sokt\u00f3l a fejlett m\u0171v\u00e9szeti eszk\u00f6z\u00f6kig, ide\u00e1lisak a k\u00fcl\u00f6nb\u00f6z\u0151 ig\u00e9nyekhez.<\/p>","protected":false},"excerpt":{"rendered":"<p>\u00bfAlguna vez has pensado en c\u00f3mo la tecnolog\u00eda puede transformar tus fotos comunes en verdaderas obras de arte? Con el auge de las aplicaciones de inteligencia artificial (IA), esto es m\u00e1s f\u00e1cil que nunca. \u00a1Imagina tomar una foto simple con tu tel\u00e9fono y, en cuesti\u00f3n de segundos, convertirla en algo digno de enmarcar! Hoy exploraremos [&hellip;]<\/p>","protected":false},"author":219,"featured_media":262,"comment_status":"closed","ping_status":"open","sticky":false,"template":"","format":"standard","meta":{"footnotes":""},"categories":[4],"tags":[13,62,73,90,99],"yoast_head":"<!-- This site is optimized with the Yoast SEO plugin v23.3 - https:\/\/yoast.com\/wordpress\/plugins\/seo\/ -->\n<title>Aplicaci\u00f3n de IA para Mejorar tus Fotos - Blog Universo Fam\u00edlia<\/title>\n<meta name=\"description\" content=\"Aplicaci\u00f3n de IA para Mejorar tus Fotos. \u00bfAlguna vez has pensado en c\u00f3mo la tecnolog\u00eda puede transformar tus fotos comunes en verdaderas...\" \/>\n<meta name=\"robots\" content=\"index, follow, max-snippet:-1, max-image-preview:large, max-video-preview:-1\" \/>\n<link rel=\"canonical\" href=\"http:\/\/blog.universofamilia.com\/hu\/aplicacion-de-ia-para-mejorar-tus-fotos\/\" \/>\n<meta property=\"og:locale\" content=\"hu_HU\" \/>\n<meta property=\"og:type\" content=\"article\" \/>\n<meta property=\"og:title\" content=\"Aplicaci\u00f3n de IA para Mejorar tus Fotos - Blog Universo Fam\u00edlia\" \/>\n<meta property=\"og:description\" content=\"Aplicaci\u00f3n de IA para Mejorar tus Fotos. \u00bfAlguna vez has pensado en c\u00f3mo la tecnolog\u00eda puede transformar tus fotos comunes en verdaderas...\" \/>\n<meta property=\"og:url\" content=\"http:\/\/blog.universofamilia.com\/hu\/aplicacion-de-ia-para-mejorar-tus-fotos\/\" \/>\n<meta property=\"og:site_name\" content=\"Blog Universo Fam\u00edlia\" \/>\n<meta property=\"article:published_time\" content=\"2025-01-14T21:33:00+00:00\" \/>\n<meta property=\"article:modified_time\" content=\"2026-04-15T13:21:24+00:00\" \/>\n<meta property=\"og:image\" content=\"http:\/\/blog.universofamilia.com\/wp-content\/uploads\/sites\/154\/2025\/01\/DESTAQUE-BLOG-UNIVERSO-550-x-350-7.jpg\" \/>\n\t<meta property=\"og:image:width\" content=\"500\" \/>\n\t<meta property=\"og:image:height\" content=\"350\" \/>\n\t<meta property=\"og:image:type\" content=\"image\/jpeg\" \/>\n<meta name=\"author\" content=\"Matheus Sangaletti\" \/>\n<meta name=\"twitter:card\" content=\"summary_large_image\" \/>\n<meta name=\"twitter:label1\" content=\"Written by\" \/>\n\t<meta name=\"twitter:data1\" content=\"Matheus Sangaletti\" \/>\n\t<meta name=\"twitter:label2\" content=\"Est. reading time\" \/>\n\t<meta name=\"twitter:data2\" content=\"7 perc\" \/>\n<script type=\"application\/ld+json\" class=\"yoast-schema-graph\">{\"@context\":\"https:\/\/schema.org\",\"@graph\":[{\"@type\":\"WebPage\",\"@id\":\"http:\/\/blog.universofamilia.com\/sr\/aplicacion-de-ia-para-mejorar-tus-fotos\/\",\"url\":\"http:\/\/blog.universofamilia.com\/sr\/aplicacion-de-ia-para-mejorar-tus-fotos\/\",\"name\":\"Aplicaci\u00f3n de IA para Mejorar tus Fotos - Blog Universo Fam\u00edlia\",\"isPartOf\":{\"@id\":\"http:\/\/blog.universofamilia.com\/#website\"},\"primaryImageOfPage\":{\"@id\":\"http:\/\/blog.universofamilia.com\/sr\/aplicacion-de-ia-para-mejorar-tus-fotos\/#primaryimage\"},\"image\":{\"@id\":\"http:\/\/blog.universofamilia.com\/sr\/aplicacion-de-ia-para-mejorar-tus-fotos\/#primaryimage\"},\"thumbnailUrl\":\"http:\/\/blog.universofamilia.com\/wp-content\/uploads\/sites\/154\/2025\/01\/DESTAQUE-BLOG-UNIVERSO-550-x-350-7.jpg\",\"datePublished\":\"2025-01-14T21:33:00+00:00\",\"dateModified\":\"2026-04-15T13:21:24+00:00\",\"author\":{\"@id\":\"http:\/\/blog.universofamilia.com\/#\/schema\/person\/92fcd07e9b1f4323bf74f3170fc0f78a\"},\"description\":\"Aplicaci\u00f3n de IA para Mejorar tus Fotos. \u00bfAlguna vez has pensado en c\u00f3mo la tecnolog\u00eda puede transformar tus fotos comunes en verdaderas...\",\"breadcrumb\":{\"@id\":\"http:\/\/blog.universofamilia.com\/sr\/aplicacion-de-ia-para-mejorar-tus-fotos\/#breadcrumb\"},\"inLanguage\":\"hu\",\"potentialAction\":[{\"@type\":\"ReadAction\",\"target\":[\"http:\/\/blog.universofamilia.com\/sr\/aplicacion-de-ia-para-mejorar-tus-fotos\/\"]}]},{\"@type\":\"ImageObject\",\"inLanguage\":\"hu\",\"@id\":\"http:\/\/blog.universofamilia.com\/sr\/aplicacion-de-ia-para-mejorar-tus-fotos\/#primaryimage\",\"url\":\"http:\/\/blog.universofamilia.com\/wp-content\/uploads\/sites\/154\/2025\/01\/DESTAQUE-BLOG-UNIVERSO-550-x-350-7.jpg\",\"contentUrl\":\"http:\/\/blog.universofamilia.com\/wp-content\/uploads\/sites\/154\/2025\/01\/DESTAQUE-BLOG-UNIVERSO-550-x-350-7.jpg\",\"width\":500,\"height\":350,\"caption\":\"Aplicaci\u00f3n de IA para Mejorar tus Fotos\"},{\"@type\":\"BreadcrumbList\",\"@id\":\"http:\/\/blog.universofamilia.com\/sr\/aplicacion-de-ia-para-mejorar-tus-fotos\/#breadcrumb\",\"itemListElement\":[{\"@type\":\"ListItem\",\"position\":1,\"name\":\"Home\",\"item\":\"http:\/\/blog.universofamilia.com\/\"},{\"@type\":\"ListItem\",\"position\":2,\"name\":\"Aplicaci\u00f3n de IA para Mejorar tus Fotos\"}]},{\"@type\":\"WebSite\",\"@id\":\"http:\/\/blog.universofamilia.com\/#website\",\"url\":\"http:\/\/blog.universofamilia.com\/\",\"name\":\"Blog Universo Fam\u00edlia\",\"description\":\"\",\"potentialAction\":[{\"@type\":\"SearchAction\",\"target\":{\"@type\":\"EntryPoint\",\"urlTemplate\":\"http:\/\/blog.universofamilia.com\/?s={search_term_string}\"},\"query-input\":\"required name=search_term_string\"}],\"inLanguage\":\"hu\"},{\"@type\":\"Person\",\"@id\":\"http:\/\/blog.universofamilia.com\/#\/schema\/person\/92fcd07e9b1f4323bf74f3170fc0f78a\",\"name\":\"Matheus Sangaletti\",\"image\":{\"@type\":\"ImageObject\",\"inLanguage\":\"hu\",\"@id\":\"http:\/\/blog.universofamilia.com\/#\/schema\/person\/image\/\",\"url\":\"http:\/\/2.gravatar.com\/avatar\/280ea957a14a48e6a1ad2133d2cc27c9?s=96&d=mm&r=g\",\"contentUrl\":\"http:\/\/2.gravatar.com\/avatar\/280ea957a14a48e6a1ad2133d2cc27c9?s=96&d=mm&r=g\",\"caption\":\"Matheus Sangaletti\"},\"url\":\"http:\/\/blog.universofamilia.com\/hu\/author\/matheuss\/\"}]}<\/script>\n<!-- \/ Yoast SEO plugin. -->","yoast_head_json":{"title":"Aplicaci\u00f3n de IA para Mejorar tus Fotos - Blog Universo Fam\u00edlia","description":"Aplicaci\u00f3n de IA para Mejorar tus Fotos. \u00bfAlguna vez has pensado en c\u00f3mo la tecnolog\u00eda puede transformar tus fotos comunes en verdaderas...","robots":{"index":"index","follow":"follow","max-snippet":"max-snippet:-1","max-image-preview":"max-image-preview:large","max-video-preview":"max-video-preview:-1"},"canonical":"http:\/\/blog.universofamilia.com\/hu\/aplicacion-de-ia-para-mejorar-tus-fotos\/","og_locale":"hu_HU","og_type":"article","og_title":"Aplicaci\u00f3n de IA para Mejorar tus Fotos - Blog Universo Fam\u00edlia","og_description":"Aplicaci\u00f3n de IA para Mejorar tus Fotos. \u00bfAlguna vez has pensado en c\u00f3mo la tecnolog\u00eda puede transformar tus fotos comunes en verdaderas...","og_url":"http:\/\/blog.universofamilia.com\/hu\/aplicacion-de-ia-para-mejorar-tus-fotos\/","og_site_name":"Blog Universo Fam\u00edlia","article_published_time":"2025-01-14T21:33:00+00:00","article_modified_time":"2026-04-15T13:21:24+00:00","og_image":[{"width":500,"height":350,"url":"http:\/\/blog.universofamilia.com\/wp-content\/uploads\/sites\/154\/2025\/01\/DESTAQUE-BLOG-UNIVERSO-550-x-350-7.jpg","type":"image\/jpeg"}],"author":"Matheus Sangaletti","twitter_card":"summary_large_image","twitter_misc":{"Written by":"Matheus Sangaletti","Est. reading time":"7 perc"},"schema":{"@context":"https:\/\/schema.org","@graph":[{"@type":"WebPage","@id":"http:\/\/blog.universofamilia.com\/sr\/aplicacion-de-ia-para-mejorar-tus-fotos\/","url":"http:\/\/blog.universofamilia.com\/sr\/aplicacion-de-ia-para-mejorar-tus-fotos\/","name":"Aplicaci\u00f3n de IA para Mejorar tus Fotos - Blog Universo Fam\u00edlia","isPartOf":{"@id":"http:\/\/blog.universofamilia.com\/#website"},"primaryImageOfPage":{"@id":"http:\/\/blog.universofamilia.com\/sr\/aplicacion-de-ia-para-mejorar-tus-fotos\/#primaryimage"},"image":{"@id":"http:\/\/blog.universofamilia.com\/sr\/aplicacion-de-ia-para-mejorar-tus-fotos\/#primaryimage"},"thumbnailUrl":"http:\/\/blog.universofamilia.com\/wp-content\/uploads\/sites\/154\/2025\/01\/DESTAQUE-BLOG-UNIVERSO-550-x-350-7.jpg","datePublished":"2025-01-14T21:33:00+00:00","dateModified":"2026-04-15T13:21:24+00:00","author":{"@id":"http:\/\/blog.universofamilia.com\/#\/schema\/person\/92fcd07e9b1f4323bf74f3170fc0f78a"},"description":"Aplicaci\u00f3n de IA para Mejorar tus Fotos. \u00bfAlguna vez has pensado en c\u00f3mo la tecnolog\u00eda puede transformar tus fotos comunes en verdaderas...","breadcrumb":{"@id":"http:\/\/blog.universofamilia.com\/sr\/aplicacion-de-ia-para-mejorar-tus-fotos\/#breadcrumb"},"inLanguage":"hu","potentialAction":[{"@type":"ReadAction","target":["http:\/\/blog.universofamilia.com\/sr\/aplicacion-de-ia-para-mejorar-tus-fotos\/"]}]},{"@type":"ImageObject","inLanguage":"hu","@id":"http:\/\/blog.universofamilia.com\/sr\/aplicacion-de-ia-para-mejorar-tus-fotos\/#primaryimage","url":"http:\/\/blog.universofamilia.com\/wp-content\/uploads\/sites\/154\/2025\/01\/DESTAQUE-BLOG-UNIVERSO-550-x-350-7.jpg","contentUrl":"http:\/\/blog.universofamilia.com\/wp-content\/uploads\/sites\/154\/2025\/01\/DESTAQUE-BLOG-UNIVERSO-550-x-350-7.jpg","width":500,"height":350,"caption":"Aplicaci\u00f3n de IA para Mejorar tus Fotos"},{"@type":"BreadcrumbList","@id":"http:\/\/blog.universofamilia.com\/sr\/aplicacion-de-ia-para-mejorar-tus-fotos\/#breadcrumb","itemListElement":[{"@type":"ListItem","position":1,"name":"Home","item":"http:\/\/blog.universofamilia.com\/"},{"@type":"ListItem","position":2,"name":"Aplicaci\u00f3n de IA para Mejorar tus Fotos"}]},{"@type":"WebSite","@id":"http:\/\/blog.universofamilia.com\/#website","url":"http:\/\/blog.universofamilia.com\/","name":"Blog Universo Fam\u00edlia","description":"","potentialAction":[{"@type":"SearchAction","target":{"@type":"EntryPoint","urlTemplate":"http:\/\/blog.universofamilia.com\/?s={search_term_string}"},"query-input":"required name=search_term_string"}],"inLanguage":"hu"},{"@type":"Person","@id":"http:\/\/blog.universofamilia.com\/#\/schema\/person\/92fcd07e9b1f4323bf74f3170fc0f78a","name":"Matheus Sangaletti","image":{"@type":"ImageObject","inLanguage":"hu","@id":"http:\/\/blog.universofamilia.com\/#\/schema\/person\/image\/","url":"http:\/\/2.gravatar.com\/avatar\/280ea957a14a48e6a1ad2133d2cc27c9?s=96&d=mm&r=g","contentUrl":"http:\/\/2.gravatar.com\/avatar\/280ea957a14a48e6a1ad2133d2cc27c9?s=96&d=mm&r=g","caption":"Matheus Sangaletti"},"url":"http:\/\/blog.universofamilia.com\/hu\/author\/matheuss\/"}]}},"_links":{"self":[{"href":"http:\/\/blog.universofamilia.com\/hu\/wp-json\/wp\/v2\/posts\/261"}],"collection":[{"href":"http:\/\/blog.universofamilia.com\/hu\/wp-json\/wp\/v2\/posts"}],"about":[{"href":"http:\/\/blog.universofamilia.com\/hu\/wp-json\/wp\/v2\/types\/post"}],"author":[{"embeddable":true,"href":"http:\/\/blog.universofamilia.com\/hu\/wp-json\/wp\/v2\/users\/219"}],"replies":[{"embeddable":true,"href":"http:\/\/blog.universofamilia.com\/hu\/wp-json\/wp\/v2\/comments?post=261"}],"version-history":[{"count":3,"href":"http:\/\/blog.universofamilia.com\/hu\/wp-json\/wp\/v2\/posts\/261\/revisions"}],"predecessor-version":[{"id":1871,"href":"http:\/\/blog.universofamilia.com\/hu\/wp-json\/wp\/v2\/posts\/261\/revisions\/1871"}],"wp:featuredmedia":[{"embeddable":true,"href":"http:\/\/blog.universofamilia.com\/hu\/wp-json\/wp\/v2\/media\/262"}],"wp:attachment":[{"href":"http:\/\/blog.universofamilia.com\/hu\/wp-json\/wp\/v2\/media?parent=261"}],"wp:term":[{"taxonomy":"category","embeddable":true,"href":"http:\/\/blog.universofamilia.com\/hu\/wp-json\/wp\/v2\/categories?post=261"},{"taxonomy":"post_tag","embeddable":true,"href":"http:\/\/blog.universofamilia.com\/hu\/wp-json\/wp\/v2\/tags?post=261"}],"curies":[{"name":"wp","href":"https:\/\/api.w.org\/{rel}","templated":true}]}}