{"id":257,"date":"2025-01-08T18:05:33","date_gmt":"2025-01-08T21:05:33","guid":{"rendered":"https:\/\/blog.universofamilia.com\/?p=257"},"modified":"2025-01-08T18:05:33","modified_gmt":"2025-01-08T21:05:33","slug":"aplicaciones-para-aumentar-el-volumen-del-movil","status":"publish","type":"post","link":"http:\/\/blog.universofamilia.com\/hu\/aplicaciones-para-aumentar-el-volumen-del-movil\/","title":{"rendered":"Alkalmaz\u00e1sok a mobilforgalom n\u00f6vel\u00e9s\u00e9re"},"content":{"rendered":"<p>Halkabb a mobiltelefonod hangereje a k\u00edv\u00e1ntn\u00e1l?<\/p>\n\n\n\n<p>K\u00e9pzeld el ezt a jelenetet: kedvenc vide\u00f3dat n\u00e9zed, vagy nyugtat\u00f3 zen\u00e9t hallgatsz, de a hang nem el\u00e9g ahhoz, hogy bet\u00f6ltse a szob\u00e1t.<\/p>\n\n\n\n<p>Ilyenkor szinte elker\u00fclhetetlen, hogy azon gondolkodjunk, hogyan n\u00f6velhetj\u00fck a mobiltelefon hangerej\u00e9t a min\u0151s\u00e9g fel\u00e1ldoz\u00e1sa n\u00e9lk\u00fcl.<\/p>\n\n\n\n<p>Nos, erre vannak nagyon praktikus megold\u00e1sok \u2013 \u00e9s ezekhez nem mindig van sz\u00fcks\u00e9g k\u00fcls\u0151 hangsz\u00f3r\u00f3ra.<\/p>\n\n\n\n<p>Ha m\u00e1r kerest\u00e9l m\u00f3dot a k\u00e9sz\u00fcl\u00e9ked hangmin\u0151s\u00e9g\u00e9nek jav\u00edt\u00e1s\u00e1ra, val\u00f3sz\u00edn\u0171leg tal\u00e1lkozt\u00e1l m\u00e1r kifejezetten erre a c\u00e9lra tervezett alkalmaz\u00e1sokkal.<\/p>\n\n\n\n<p>De hogyan m\u0171k\u00f6dnek?<\/p>\n\n\n\n<p>\u00c9s ami m\u00e9g fontosabb, melyek a legjobb alkalmaz\u00e1sok a hangz\u00e1s felturb\u00f3z\u00e1s\u00e1hoz? Mindezt r\u00e9szletesen megvizsg\u00e1ljuk itt.<\/p>\n\n\n\n<h3 class=\"wp-block-heading\">Hogyan m\u0171k\u00f6dnek ezek az alkalmaz\u00e1sok?<\/h3>\n\n\n\n<p>Ezek az alkalmaz\u00e1sok \u00fagy vannak kialak\u00edtva, hogy a hanger\u0151t a k\u00e9sz\u00fcl\u00e9k gy\u00e1rt\u00f3ja \u00e1ltal be\u00e1ll\u00edtott alap\u00e9rtelmezett hat\u00e1r\u00e9rt\u00e9ken t\u00fal is n\u00f6velj\u00e9k.<\/p>\n\n\n\n<p>Kiegyenl\u00edt\u00e9si be\u00e1ll\u00edt\u00e1sokat \u00e9s digit\u00e1lis er\u0151s\u00edt\u00e9si technik\u00e1kat alkalmaznak a hanger\u0151 n\u00f6vel\u00e9s\u00e9re an\u00e9lk\u00fcl, hogy a hardvert m\u00f3dos\u00edtaniuk kellene.<\/p>\n\n\n\n<p>Fontos azonban megjegyezni, hogy ezen alkalmaz\u00e1sok haszn\u00e1latakor elengedhetetlen az \u00f3vatoss\u00e1g, hogy ne s\u00e9r\u00fcljenek a hangsz\u00f3r\u00f3k, \u00e9s ne romoljon a hangmin\u0151s\u00e9g.<\/p>\n\n\n\n<p>A m\u00e9rt\u00e9kletes haszn\u00e1lat a kulcs!<\/p>\n\n\n\n<h3 class=\"wp-block-heading has-text-align-center\">Mit keresel ma?<\/h3>\n\n\n\n<div class=\"wp-block-buttons is-content-justification-center is-layout-flex wp-container-core-buttons-layout-1 wp-block-buttons-is-layout-flex\">\n<div class=\"wp-block-button has-custom-width wp-block-button__width-100 is-style-outline\" style=\"text-decoration:none\"><a class=\"wp-block-button__link has-white-color has-vivid-cyan-blue-background-color has-text-color has-background has-link-color has-text-align-center wp-element-button\" href=\"https:\/\/blog.universofamilia.com\/hu\/180\/recuperando-fotos-perdidas-u-ocultas\/\" style=\"border-radius:6px\">Elveszett vagy rejtett f\u00e9nyk\u00e9pek vissza\u00e1ll\u00edt\u00e1sa \u27a1\ufe0f<\/a><\/div>\n<\/div>\n\n\n\n<div class=\"wp-block-buttons is-content-justification-center is-layout-flex wp-container-core-buttons-layout-2 wp-block-buttons-is-layout-flex\">\n<div class=\"wp-block-button has-custom-width wp-block-button__width-100 is-style-outline\" style=\"text-decoration:none\"><a class=\"wp-block-button__link has-white-color has-vivid-cyan-blue-background-color has-text-color has-background has-link-color has-text-align-center wp-element-button\" href=\"https:\/\/blog.universofamilia.com\/hu\/183\/encuentra-tu-celular-facilmente\/\" style=\"border-radius:6px\">Tal\u00e1ld meg k\u00f6nnyed\u00e9n a mobiltelefonodat\u27a1\ufe0f<\/a><\/div>\n<\/div>\n\n\n\n<div class=\"wp-block-buttons is-content-justification-center is-layout-flex wp-container-core-buttons-layout-3 wp-block-buttons-is-layout-flex\">\n<div class=\"wp-block-button has-custom-width wp-block-button__width-100 is-style-outline\" style=\"text-decoration:none\"><a class=\"wp-block-button__link has-white-color has-vivid-cyan-blue-background-color has-text-color has-background has-link-color has-text-align-center wp-element-button\" href=\"https:\/\/blog.universofamilia.com\/hu\/168\/advenimiento-de-los-coches-y-camiones-autonomos\/\" style=\"border-radius:6px\">Az \u00f6nvezet\u0151 aut\u00f3k \u00e9s teheraut\u00f3k megjelen\u00e9se \u27a1\ufe0f<\/a><\/div>\n<\/div>\n\n\n\n<p class=\"has-text-align-center\"><em><strong><em><strong><em><strong>Olvass tov\u00e1bb!<\/strong><\/em><\/strong><\/em><\/strong><\/em><\/p>\n\n\n\n<hr class=\"wp-block-separator has-text-color has-luminous-vivid-orange-color has-alpha-channel-opacity has-luminous-vivid-orange-background-color has-background is-style-wide\"\/>\n\n\n\n<p><\/p>\n\n\n\n<h3 class=\"wp-block-heading\">Az er\u0151s\u00edt\u00e9si alkalmaz\u00e1sok ereje<\/h3>\n\n\n\n<p>A hanger\u0151n\u00f6vel\u0151 alkalmaz\u00e1sok hihetetlen\u00fcl hasznosak sz\u00e1mos helyzetben.<\/p>\n\n\n\n<p>K\u00e9pzeld el, hogy a kedvenc m\u0171sorodat n\u00e9zed a metr\u00f3n, nagy zajban k\u00f6r\u00fcl\u00f6tted. Vagy fontos hanganyagokat hallgatsz egy videoh\u00edv\u00e1s k\u00f6zben egy zs\u00fafolt helyen.<\/p>\n\n\n\n<p>Ezek az alkalmaz\u00e1sok t\u00f6k\u00e9letes megold\u00e1st jelenthetnek arra, hogy mindent tiszt\u00e1n hallj.<\/p>\n\n\n\n<p>De mi\u00e9rt \u00e9rdemes egy alkalmaz\u00e1st v\u00e1lasztani egy k\u00fcls\u0151 hangsz\u00f3r\u00f3 helyett? \u00cdme n\u00e9h\u00e1ny ok:<\/p>\n\n\n\n<ul class=\"wp-block-list\">\n<li><strong>Gyakorlatiass\u00e1g:<\/strong> Sz\u00f3 szerint a tenyeredben vannak. Nincsenek vezet\u00e9kek vagy extra eszk\u00f6z\u00f6k, amiket cipelned kellene.<\/li>\n\n\n\n<li><strong>\u00c1r-\u00e9rt\u00e9k ar\u00e1ny:<\/strong> Sok alkalmaz\u00e1s ingyenes, vagy sokkal olcs\u00f3bb, mint egy hangsz\u00f3r\u00f3.<\/li>\n\n\n\n<li><strong>Szem\u00e9lyre szab\u00e1s:<\/strong> Lehet\u0151v\u00e9 teszik a r\u00e9szletes be\u00e1ll\u00edt\u00e1sokat, p\u00e9ld\u00e1ul a m\u00e9ly \u00e9s magas hangok kiegyenl\u00edt\u00e9s\u00e9t.<\/li>\n<\/ul>\n\n\n\n<h3 class=\"wp-block-heading\">Tippek az alkalmaz\u00e1sok maxim\u00e1lis kihaszn\u00e1l\u00e1s\u00e1hoz<\/h3>\n\n\n\n<p>Miel\u0151tt let\u00f6lten\u00e9l b\u00e1rmilyen alkalmaz\u00e1st, \u00edme n\u00e9h\u00e1ny tipp:<\/p>\n\n\n\n<ol class=\"wp-block-list\">\n<li><strong>Kompatibilit\u00e1s ellen\u0151rz\u00e9se:<\/strong> Nem minden alkalmaz\u00e1s m\u0171k\u00f6dik j\u00f3l minden eszk\u00f6z\u00f6n.<\/li>\n\n\n\n<li><strong>Olvasd el a v\u00e9lem\u00e9nyeket:<\/strong> N\u00e9zd meg, mit mondanak m\u00e1s felhaszn\u00e1l\u00f3k az alkalmaz\u00e1s teljes\u00edtm\u00e9ny\u00e9r\u0151l.<\/li>\n\n\n\n<li><strong>Vigy\u00e1zz a hanger\u0151vel:<\/strong> Ker\u00fclje a maxim\u00e1lis teljes\u00edtm\u00e9ny hosszabb ideig t\u00f6rt\u00e9n\u0151 haszn\u00e1lat\u00e1t, hogy elker\u00fclje a telefon hangsz\u00f3r\u00f3inak k\u00e1rosod\u00e1s\u00e1t.<\/li>\n\n\n\n<li><strong>A be\u00e1ll\u00edt\u00e1sok \u00e1ttekint\u00e9se:<\/strong> Ezen alkalmaz\u00e1sok k\u00f6z\u00fcl sok extra funkci\u00f3kkal rendelkezik, p\u00e9ld\u00e1ul fejlett hangsz\u00ednszab\u00e1lyz\u00f3kkal.<\/li>\n<\/ol>\n\n\n\n<h3 class=\"wp-block-heading\">Haszn\u00e1lati esetek: Mikor van sz\u00fcks\u00e9ge ezekre az alkalmaz\u00e1sokra?<\/h3>\n\n\n\n<p>\u00cdme n\u00e9h\u00e1ny mindennapi helyzet, amikor ezek az alkalmaz\u00e1sok hasznosak lehetnek:<\/p>\n\n\n\n<ul class=\"wp-block-list\">\n<li><strong>Kisebb esem\u00e9nyek:<\/strong> Szeretn\u00e9l egy lej\u00e1tsz\u00e1si list\u00e1t hallgatni a bar\u00e1taiddal an\u00e9lk\u00fcl, hogy k\u00fcls\u0151 hangsz\u00f3r\u00f3ra t\u00e1maszkodn\u00e1l.<\/li>\n\n\n\n<li><strong>Fontos hangf\u00e1jlok:<\/strong> Munkahelyi h\u00edv\u00e1sok vagy podcastok lej\u00e1tsz\u00e1sa k\u00f6zben.<\/li>\n\n\n\n<li><strong>Zajos k\u00f6rnyezet:<\/strong> Mint a forgalmas k\u00e1v\u00e9z\u00f3k vagy az \u00e9teludvarok.<\/li>\n<\/ul>\n\n\n\n<figure class=\"wp-block-image alignwide size-full\"><img loading=\"lazy\" decoding=\"async\" width=\"500\" height=\"350\" src=\"http:\/\/blog.universofamilia.com\/wp-content\/uploads\/sites\/154\/2025\/01\/DESTAQUE-BLOG-UNIVERSO-550-x-350-6.jpg\" alt=\"\" class=\"wp-image-258\" srcset=\"http:\/\/blog.universofamilia.com\/wp-content\/uploads\/sites\/154\/2025\/01\/DESTAQUE-BLOG-UNIVERSO-550-x-350-6.jpg 500w, http:\/\/blog.universofamilia.com\/wp-content\/uploads\/sites\/154\/2025\/01\/DESTAQUE-BLOG-UNIVERSO-550-x-350-6-300x210.jpg 300w, http:\/\/blog.universofamilia.com\/wp-content\/uploads\/sites\/154\/2025\/01\/DESTAQUE-BLOG-UNIVERSO-550-x-350-6-18x12.jpg 18w\" sizes=\"(max-width: 500px) 100vw, 500px\" \/><figcaption class=\"wp-element-caption\">Alkalmaz\u00e1sok a mobilforgalom n\u00f6vel\u00e9s\u00e9re<\/figcaption><\/figure>\n\n\n\n<h3 class=\"wp-block-heading\">Alkalmaz\u00e1sok: A legjobbak a hanger\u0151 n\u00f6vel\u00e9s\u00e9re<\/h3>\n\n\n\n<h4 class=\"wp-block-heading\"><strong>1. GOODEV hanger\u0151n\u00f6vel\u0151<\/strong><\/h4>\n\n\n\n<p>\u0150 <strong>GOODEV hanger\u0151n\u00f6vel\u0151<\/strong> Ez az egyik legn\u00e9pszer\u0171bb az Android-felhaszn\u00e1l\u00f3k k\u00f6r\u00e9ben.<\/p>\n\n\n\n<p>Egyszer\u0171, m\u00e9gis hat\u00e9kony fel\u00fcletet k\u00edn\u00e1l, amely lehet\u0151v\u00e9 teszi a rendszer hangerej\u00e9nek bonyodalmak n\u00e9lk\u00fcli be\u00e1ll\u00edt\u00e1s\u00e1t.<\/p>\n\n\n\n<ul class=\"wp-block-list\">\n<li><strong>El\u0151ny\u00f6k:<\/strong>\n<ul class=\"wp-block-list\">\n<li>K\u00f6nny\u0171 \u00e9s gyors.<\/li>\n\n\n\n<li>Egyszer\u0171 be\u00e1ll\u00edt\u00e1sok kezd\u0151 felhaszn\u00e1l\u00f3k sz\u00e1m\u00e1ra.<\/li>\n\n\n\n<li>T\u00f6bb okostelefon-modellen is j\u00f3l m\u0171k\u00f6dik.<\/li>\n<\/ul>\n<\/li>\n\n\n\n<li><strong>H\u00e1tr\u00e1nyok:<\/strong>\n<ul class=\"wp-block-list\">\n<li>Nagyon nagy hanger\u0151n torz\u00edt\u00e1st okozhat.<\/li>\n<\/ul>\n<\/li>\n<\/ul>\n\n\n\n<h4 class=\"wp-block-heading\"><strong>2. Boom: Basszuskiemel\u0151 \u00e9s hangsz\u00ednszab\u00e1lyz\u00f3<\/strong><\/h4>\n\n\n\n<p>\u0150 <strong>Boom: Basszuskiemel\u0151 \u00e9s hangsz\u00ednszab\u00e1lyz\u00f3<\/strong> Kiv\u00e1l\u00f3 v\u00e1laszt\u00e1s azok sz\u00e1m\u00e1ra, akik a kiv\u00e1l\u00f3 hangmin\u0151s\u00e9get \u00e9s az er\u0151teljesebb basszust keresik.<\/p>\n\n\n\n<p>Androidra \u00e9s iOS-re is el\u00e9rhet\u0151, \u00e9s a testreszabhat\u00f3s\u00e1ga miatt kiemelkedik.<\/p>\n\n\n\n<ul class=\"wp-block-list\">\n<li><strong>El\u0151ny\u00f6k:<\/strong>\n<ul class=\"wp-block-list\">\n<li>Fejlett hangsz\u00ednszab\u00e1lyz\u00f3 t\u00f6bb lehet\u0151s\u00e9ggel.<\/li>\n\n\n\n<li>Mag\u00e1val ragad\u00f3 fejhallgat\u00f3-\u00e9lm\u00e9ny.<\/li>\n\n\n\n<li>Modern \u00e9s intuit\u00edv fel\u00fclet.<\/li>\n<\/ul>\n<\/li>\n\n\n\n<li><strong>H\u00e1tr\u00e1nyok:<\/strong>\n<ul class=\"wp-block-list\">\n<li>T\u00f6bb akkumul\u00e1tort fogyaszt.<\/li>\n<\/ul>\n<\/li>\n<\/ul>\n\n\n\n<h3 class=\"wp-block-heading\">Mit mondanak a felhaszn\u00e1l\u00f3k?<\/h3>\n\n\n\n<p>\u201eElkezdtem haszn\u00e1lni a GOODEV-et, \u00e9s leny\u0171g\u00f6z\u00f6tt, hogy milyen egyszer\u0171 \u00e9s hat\u00e9kony az alkalmaz\u00e1s. Teljesen megv\u00e1ltoztatta a buszos utaz\u00e1somat!\u201d <strong>Paulo M., Android-felhaszn\u00e1l\u00f3<\/strong><\/p>\n\n\n\n<p>\u201eA Boom szenz\u00e1ci\u00f3s. Szeretek hangs\u00falyos basszus\u00fa zen\u00e9t hallgatni, \u00e9s az alkalmaz\u00e1s teljesen m\u00e1s \u00e9lm\u00e9nyt ny\u00fajtott a fejhallgat\u00f3val.\u201d <strong>Maria F., iOS-felhaszn\u00e1l\u00f3<\/strong><\/p>\n\n\n\n<h3 class=\"wp-block-heading\">K\u00f6vetkeztet\u00e9s<\/h3>\n\n\n\n<p>Ha a mobiltelefonod hangmin\u0151s\u00e9ge gyenge, ezek az alkalmaz\u00e1sok lehetnek a megold\u00e1s.<\/p>\n\n\n\n<p>Az egyszer\u0171bb opci\u00f3kt\u00f3l, mint p\u00e9ld\u00e1ul a GOODEV, a kifinomult alternat\u00edv\u00e1kig, mint p\u00e9ld\u00e1ul a Boom, mindenki tal\u00e1l mag\u00e1nak val\u00f3t.<\/p>\n\n\n\n<p>Mi\u00e9rt ne pr\u00f3b\u00e1ln\u00e1d ki \u0151ket most azonnal? \u00c9s ha ismersz valakit, akinek szint\u00e9n jav\u00edtania kellene a telefonja hangz\u00e1s\u00e1n, oszd meg ezt a posztot!<\/p>\n\n\n\n<p>V\u00e9g\u00fcl is a j\u00f3 tan\u00e1cs megosztott tan\u00e1cs, nem igaz?<\/p>\n\n\n\n<p><strong>Let\u00f6lt\u00e9si linkek:<\/strong><\/p>\n\n\n\n<ul class=\"wp-block-list\">\n<li>GOODEV hanger\u0151n\u00f6vel\u0151: <a href=\"https:\/\/play.google.com\/store\/apps\/details?id=com.goodev.volume.booster&amp;hl=pt_BR\">Android<\/a> \/ <a href=\"https:\/\/apps.apple.com\/br\/app\/volume-booster\/id1564277746\">iOS<\/a><\/li>\n\n\n\n<li>Boom: Basszuskiemel\u0151 \u00e9s hangsz\u00ednszab\u00e1lyz\u00f3: <a href=\"https:\/\/play.google.com\/store\/apps\/details?id=com.globaldelight.boom&amp;hl=pt_BR\">Android<\/a> \/ <a href=\"https:\/\/apps.apple.com\/br\/app\/boom-bass-booster-equalizer\/id1065511007\">iOS<\/a><\/li>\n<\/ul>\n\n\n\n<h3 class=\"wp-block-heading\">Gyakran ism\u00e9telt k\u00e9rd\u00e9sek a mobiltelefon hangerej\u00e9nek n\u00f6vel\u00e9s\u00e9re szolg\u00e1l\u00f3 alkalmaz\u00e1sokkal kapcsolatban<\/h3>\n\n\n\n<h4 class=\"wp-block-heading\">1. Milyen alkalmaz\u00e1sok vannak a mobiltelefon hangerej\u00e9nek n\u00f6vel\u00e9s\u00e9re?<\/h4>\n\n\n\n<p>Ezek olyan digit\u00e1lis eszk\u00f6z\u00f6k, amelyeket arra terveztek, hogy a gy\u00e1rt\u00f3 \u00e1ltal el\u0151re meghat\u00e1rozott hat\u00e1rokon t\u00fal is jav\u00edts\u00e1k az eszk\u00f6z hangz\u00e1s\u00e1t. Ezek az alkalmaz\u00e1sok a hangsz\u00ednszab\u00e1lyoz\u00e1st \u00e1ll\u00edtj\u00e1k be, \u00e9s digit\u00e1lis er\u0151s\u00edt\u00e9si technik\u00e1kat alkalmaznak a hangmin\u0151s\u00e9g \u00e9s a teljes\u00edtm\u00e9ny jav\u00edt\u00e1sa \u00e9rdek\u00e9ben.<\/p>\n\n\n\n<h4 class=\"wp-block-heading\">2. Biztons\u00e1gos alkalmaz\u00e1sokat haszn\u00e1lni a hanger\u0151 n\u00f6vel\u00e9s\u00e9re?<\/h4>\n\n\n\n<p>Igen, felt\u00e9ve, hogy m\u00e9rt\u00e9kkel haszn\u00e1lj\u00e1k \u0151ket. A t\u00fal nagy hanger\u0151 hosszabb ideig k\u00e1ros\u00edthatja a k\u00e9sz\u00fcl\u00e9k hangsz\u00f3r\u00f3it, vagy ak\u00e1r a hangmin\u0151s\u00e9get is befoly\u00e1solhatja. A 100% er\u0151s\u00edt\u00e9s\u00e9nek folyamatos haszn\u00e1lata nem aj\u00e1nlott.<\/p>\n\n\n\n<h4 class=\"wp-block-heading\">3. Ezek az alkalmaz\u00e1sok minden eszk\u00f6z\u00f6n m\u0171k\u00f6dnek?<\/h4>\n\n\n\n<p>A legt\u00f6bb alkalmaz\u00e1s kompatibilis az Android \u00e9s iOS rendszerekkel, de a let\u00f6lt\u00e9s el\u0151tt fontos ellen\u0151rizni a kompatibilit\u00e1st. Egyes eszk\u00f6zmodellekn\u00e9l hanger\u0151korl\u00e1toz\u00e1sok lehetnek.<\/p>\n\n\n\n<h4 class=\"wp-block-heading\">4. Ingyenesek a hanger\u0151n\u00f6vel\u0151 alkalmaz\u00e1sok?<\/h4>\n\n\n\n<p>Sokuk ingyenes \u00e9s alapvet\u0151 funkci\u00f3kat k\u00edn\u00e1l. N\u00e9h\u00e1ny azonban pr\u00e9mium verzi\u00f3t vagy alkalmaz\u00e1son bel\u00fcli v\u00e1s\u00e1rl\u00e1st is tartalmaz, amelyekkel olyan speci\u00e1lis funkci\u00f3kat oldhat fel, mint az egy\u00e9ni hangsz\u00ednszab\u00e1lyz\u00f3k \u00e9s a basszuskiemel\u00e9s.<\/p>\n\n\n\n<h4 class=\"wp-block-heading\">5. Jav\u00edthatj\u00e1k a hangmin\u0151s\u00e9get, vagy csak a hanger\u0151t n\u00f6velik?<\/h4>\n\n\n\n<p>Az alkalmaz\u00e1st\u00f3l f\u00fcgg. N\u00e9h\u00e1ny nemcsak a hanger\u0151t n\u00f6veli, hanem hangsz\u00ednszab\u00e1lyz\u00f3kat \u00e9s hangjav\u00edt\u00f3 funkci\u00f3kat is tartalmaz, p\u00e9ld\u00e1ul basszuskiemel\u00e9st \u00e9s magas hangok be\u00e1ll\u00edt\u00e1s\u00e1t, hogy optimaliz\u00e1lja a zenehallgat\u00e1si \u00e9lm\u00e9nyt.<\/p>\n\n\n\n<h4 class=\"wp-block-heading\">6. Milyen \u00f3vint\u00e9zked\u00e9seket kell tennem ezen alkalmaz\u00e1sok haszn\u00e1latakor?<\/h4>\n\n\n\n<p>Ker\u00fclje a hanger\u0151 hosszabb ideig tart\u00f3 maxim\u00e1lisra \u00e1ll\u00edt\u00e1s\u00e1t, \u00e9s figyeljen a hangban l\u00e9v\u0151 b\u00e1rmilyen torzul\u00e1sra. Probl\u00e9ma eset\u00e9n azonnal cs\u00f6kkentse az er\u0151s\u00edt\u00e9st a hangsz\u00f3r\u00f3k v\u00e9delme \u00e9rdek\u00e9ben.<\/p>\n\n\n\n<p><\/p>","protected":false},"excerpt":{"rendered":"<p>\u00bfTu m\u00f3vil tiene el sonido m\u00e1s bajo de lo que te gustar\u00eda? Imagina esta escena: est\u00e1s viendo tu video favorito o escuchando una m\u00fasica relajante, pero el sonido no es suficiente para llenar el ambiente. En esos momentos, pensar en c\u00f3mo aumentar el volumen del m\u00f3vil sin comprometer la calidad es casi inevitable. Pues bien, [&hellip;]<\/p>","protected":false},"author":0,"featured_media":258,"comment_status":"closed","ping_status":"open","sticky":false,"template":"","format":"standard","meta":{"footnotes":""},"categories":[4],"tags":[7,11,100],"yoast_head":"<!-- This site is optimized with the Yoast SEO plugin v23.3 - https:\/\/yoast.com\/wordpress\/plugins\/seo\/ -->\n<title>Aplicaciones para Aumentar el Volumen del M\u00f3vil - Blog Universo Fam\u00edlia<\/title>\n<meta name=\"description\" content=\"Aplicaciones para Aumentar el Volumen del M\u00f3vil. \u00bfTu m\u00f3vil tiene el sonido m\u00e1s bajo de lo que te gustar\u00eda?...\" \/>\n<meta name=\"robots\" content=\"index, follow, max-snippet:-1, max-image-preview:large, max-video-preview:-1\" \/>\n<link rel=\"canonical\" href=\"http:\/\/blog.universofamilia.com\/hu\/aplicaciones-para-aumentar-el-volumen-del-movil\/\" \/>\n<meta property=\"og:locale\" content=\"hu_HU\" \/>\n<meta property=\"og:type\" content=\"article\" \/>\n<meta property=\"og:title\" content=\"Aplicaciones para Aumentar el Volumen del M\u00f3vil - Blog Universo Fam\u00edlia\" \/>\n<meta property=\"og:description\" content=\"Aplicaciones para Aumentar el Volumen del M\u00f3vil. \u00bfTu m\u00f3vil tiene el sonido m\u00e1s bajo de lo que te gustar\u00eda?...\" \/>\n<meta property=\"og:url\" content=\"http:\/\/blog.universofamilia.com\/hu\/aplicaciones-para-aumentar-el-volumen-del-movil\/\" \/>\n<meta property=\"og:site_name\" content=\"Blog Universo Fam\u00edlia\" \/>\n<meta property=\"article:published_time\" content=\"2025-01-08T21:05:33+00:00\" \/>\n<meta property=\"og:image\" content=\"http:\/\/blog.universofamilia.com\/wp-content\/uploads\/sites\/154\/2025\/01\/DESTAQUE-BLOG-UNIVERSO-550-x-350-6.jpg\" \/>\n\t<meta property=\"og:image:width\" content=\"500\" \/>\n\t<meta property=\"og:image:height\" content=\"350\" \/>\n\t<meta property=\"og:image:type\" content=\"image\/jpeg\" \/>\n<meta name=\"twitter:card\" content=\"summary_large_image\" \/>\n<meta name=\"twitter:label1\" content=\"Est. reading time\" \/>\n\t<meta name=\"twitter:data1\" content=\"6 perc\" \/>\n<script type=\"application\/ld+json\" class=\"yoast-schema-graph\">{\"@context\":\"https:\/\/schema.org\",\"@graph\":[{\"@type\":\"WebPage\",\"@id\":\"http:\/\/blog.universofamilia.com\/da\/aplicaciones-para-aumentar-el-volumen-del-movil\/\",\"url\":\"http:\/\/blog.universofamilia.com\/da\/aplicaciones-para-aumentar-el-volumen-del-movil\/\",\"name\":\"Aplicaciones para Aumentar el Volumen del M\u00f3vil - Blog Universo Fam\u00edlia\",\"isPartOf\":{\"@id\":\"http:\/\/blog.universofamilia.com\/#website\"},\"primaryImageOfPage\":{\"@id\":\"http:\/\/blog.universofamilia.com\/da\/aplicaciones-para-aumentar-el-volumen-del-movil\/#primaryimage\"},\"image\":{\"@id\":\"http:\/\/blog.universofamilia.com\/da\/aplicaciones-para-aumentar-el-volumen-del-movil\/#primaryimage\"},\"thumbnailUrl\":\"http:\/\/blog.universofamilia.com\/wp-content\/uploads\/sites\/154\/2025\/01\/DESTAQUE-BLOG-UNIVERSO-550-x-350-6.jpg\",\"datePublished\":\"2025-01-08T21:05:33+00:00\",\"dateModified\":\"2025-01-08T21:05:33+00:00\",\"author\":{\"@id\":\"\"},\"description\":\"Aplicaciones para Aumentar el Volumen del M\u00f3vil. \u00bfTu m\u00f3vil tiene el sonido m\u00e1s bajo de lo que te gustar\u00eda?...\",\"breadcrumb\":{\"@id\":\"http:\/\/blog.universofamilia.com\/da\/aplicaciones-para-aumentar-el-volumen-del-movil\/#breadcrumb\"},\"inLanguage\":\"hu\",\"potentialAction\":[{\"@type\":\"ReadAction\",\"target\":[\"http:\/\/blog.universofamilia.com\/da\/aplicaciones-para-aumentar-el-volumen-del-movil\/\"]}]},{\"@type\":\"ImageObject\",\"inLanguage\":\"hu\",\"@id\":\"http:\/\/blog.universofamilia.com\/da\/aplicaciones-para-aumentar-el-volumen-del-movil\/#primaryimage\",\"url\":\"http:\/\/blog.universofamilia.com\/wp-content\/uploads\/sites\/154\/2025\/01\/DESTAQUE-BLOG-UNIVERSO-550-x-350-6.jpg\",\"contentUrl\":\"http:\/\/blog.universofamilia.com\/wp-content\/uploads\/sites\/154\/2025\/01\/DESTAQUE-BLOG-UNIVERSO-550-x-350-6.jpg\",\"width\":500,\"height\":350,\"caption\":\"Aplicaciones para Aumentar el Volumen del M\u00f3vil\"},{\"@type\":\"BreadcrumbList\",\"@id\":\"http:\/\/blog.universofamilia.com\/da\/aplicaciones-para-aumentar-el-volumen-del-movil\/#breadcrumb\",\"itemListElement\":[{\"@type\":\"ListItem\",\"position\":1,\"name\":\"Home\",\"item\":\"http:\/\/blog.universofamilia.com\/\"},{\"@type\":\"ListItem\",\"position\":2,\"name\":\"Aplicaciones para Aumentar el Volumen del M\u00f3vil\"}]},{\"@type\":\"WebSite\",\"@id\":\"http:\/\/blog.universofamilia.com\/#website\",\"url\":\"http:\/\/blog.universofamilia.com\/\",\"name\":\"Blog Universo Fam\u00edlia\",\"description\":\"\",\"potentialAction\":[{\"@type\":\"SearchAction\",\"target\":{\"@type\":\"EntryPoint\",\"urlTemplate\":\"http:\/\/blog.universofamilia.com\/?s={search_term_string}\"},\"query-input\":\"required name=search_term_string\"}],\"inLanguage\":\"hu\"}]}<\/script>\n<!-- \/ Yoast SEO plugin. -->","yoast_head_json":{"title":"Aplicaciones para Aumentar el Volumen del M\u00f3vil - Blog Universo Fam\u00edlia","description":"Aplicaciones para Aumentar el Volumen del M\u00f3vil. \u00bfTu m\u00f3vil tiene el sonido m\u00e1s bajo de lo que te gustar\u00eda?...","robots":{"index":"index","follow":"follow","max-snippet":"max-snippet:-1","max-image-preview":"max-image-preview:large","max-video-preview":"max-video-preview:-1"},"canonical":"http:\/\/blog.universofamilia.com\/hu\/aplicaciones-para-aumentar-el-volumen-del-movil\/","og_locale":"hu_HU","og_type":"article","og_title":"Aplicaciones para Aumentar el Volumen del M\u00f3vil - Blog Universo Fam\u00edlia","og_description":"Aplicaciones para Aumentar el Volumen del M\u00f3vil. \u00bfTu m\u00f3vil tiene el sonido m\u00e1s bajo de lo que te gustar\u00eda?...","og_url":"http:\/\/blog.universofamilia.com\/hu\/aplicaciones-para-aumentar-el-volumen-del-movil\/","og_site_name":"Blog Universo Fam\u00edlia","article_published_time":"2025-01-08T21:05:33+00:00","og_image":[{"width":500,"height":350,"url":"http:\/\/blog.universofamilia.com\/wp-content\/uploads\/sites\/154\/2025\/01\/DESTAQUE-BLOG-UNIVERSO-550-x-350-6.jpg","type":"image\/jpeg"}],"twitter_card":"summary_large_image","twitter_misc":{"Est. reading time":"6 perc"},"schema":{"@context":"https:\/\/schema.org","@graph":[{"@type":"WebPage","@id":"http:\/\/blog.universofamilia.com\/da\/aplicaciones-para-aumentar-el-volumen-del-movil\/","url":"http:\/\/blog.universofamilia.com\/da\/aplicaciones-para-aumentar-el-volumen-del-movil\/","name":"Aplicaciones para Aumentar el Volumen del M\u00f3vil - Blog Universo Fam\u00edlia","isPartOf":{"@id":"http:\/\/blog.universofamilia.com\/#website"},"primaryImageOfPage":{"@id":"http:\/\/blog.universofamilia.com\/da\/aplicaciones-para-aumentar-el-volumen-del-movil\/#primaryimage"},"image":{"@id":"http:\/\/blog.universofamilia.com\/da\/aplicaciones-para-aumentar-el-volumen-del-movil\/#primaryimage"},"thumbnailUrl":"http:\/\/blog.universofamilia.com\/wp-content\/uploads\/sites\/154\/2025\/01\/DESTAQUE-BLOG-UNIVERSO-550-x-350-6.jpg","datePublished":"2025-01-08T21:05:33+00:00","dateModified":"2025-01-08T21:05:33+00:00","author":{"@id":""},"description":"Aplicaciones para Aumentar el Volumen del M\u00f3vil. \u00bfTu m\u00f3vil tiene el sonido m\u00e1s bajo de lo que te gustar\u00eda?...","breadcrumb":{"@id":"http:\/\/blog.universofamilia.com\/da\/aplicaciones-para-aumentar-el-volumen-del-movil\/#breadcrumb"},"inLanguage":"hu","potentialAction":[{"@type":"ReadAction","target":["http:\/\/blog.universofamilia.com\/da\/aplicaciones-para-aumentar-el-volumen-del-movil\/"]}]},{"@type":"ImageObject","inLanguage":"hu","@id":"http:\/\/blog.universofamilia.com\/da\/aplicaciones-para-aumentar-el-volumen-del-movil\/#primaryimage","url":"http:\/\/blog.universofamilia.com\/wp-content\/uploads\/sites\/154\/2025\/01\/DESTAQUE-BLOG-UNIVERSO-550-x-350-6.jpg","contentUrl":"http:\/\/blog.universofamilia.com\/wp-content\/uploads\/sites\/154\/2025\/01\/DESTAQUE-BLOG-UNIVERSO-550-x-350-6.jpg","width":500,"height":350,"caption":"Aplicaciones para Aumentar el Volumen del M\u00f3vil"},{"@type":"BreadcrumbList","@id":"http:\/\/blog.universofamilia.com\/da\/aplicaciones-para-aumentar-el-volumen-del-movil\/#breadcrumb","itemListElement":[{"@type":"ListItem","position":1,"name":"Home","item":"http:\/\/blog.universofamilia.com\/"},{"@type":"ListItem","position":2,"name":"Aplicaciones para Aumentar el Volumen del M\u00f3vil"}]},{"@type":"WebSite","@id":"http:\/\/blog.universofamilia.com\/#website","url":"http:\/\/blog.universofamilia.com\/","name":"Blog Universo Fam\u00edlia","description":"","potentialAction":[{"@type":"SearchAction","target":{"@type":"EntryPoint","urlTemplate":"http:\/\/blog.universofamilia.com\/?s={search_term_string}"},"query-input":"required name=search_term_string"}],"inLanguage":"hu"}]}},"_links":{"self":[{"href":"http:\/\/blog.universofamilia.com\/hu\/wp-json\/wp\/v2\/posts\/257"}],"collection":[{"href":"http:\/\/blog.universofamilia.com\/hu\/wp-json\/wp\/v2\/posts"}],"about":[{"href":"http:\/\/blog.universofamilia.com\/hu\/wp-json\/wp\/v2\/types\/post"}],"replies":[{"embeddable":true,"href":"http:\/\/blog.universofamilia.com\/hu\/wp-json\/wp\/v2\/comments?post=257"}],"version-history":[{"count":0,"href":"http:\/\/blog.universofamilia.com\/hu\/wp-json\/wp\/v2\/posts\/257\/revisions"}],"wp:featuredmedia":[{"embeddable":true,"href":"http:\/\/blog.universofamilia.com\/hu\/wp-json\/wp\/v2\/media\/258"}],"wp:attachment":[{"href":"http:\/\/blog.universofamilia.com\/hu\/wp-json\/wp\/v2\/media?parent=257"}],"wp:term":[{"taxonomy":"category","embeddable":true,"href":"http:\/\/blog.universofamilia.com\/hu\/wp-json\/wp\/v2\/categories?post=257"},{"taxonomy":"post_tag","embeddable":true,"href":"http:\/\/blog.universofamilia.com\/hu\/wp-json\/wp\/v2\/tags?post=257"}],"curies":[{"name":"wp","href":"https:\/\/api.w.org\/{rel}","templated":true}]}}