{"id":254,"date":"2025-01-08T17:07:20","date_gmt":"2025-01-08T20:07:20","guid":{"rendered":"https:\/\/blog.universofamilia.com\/?p=254"},"modified":"2025-01-08T17:07:20","modified_gmt":"2025-01-08T20:07:20","slug":"descubre-quien-esta-visitando-tus-redes-sociales","status":"publish","type":"post","link":"http:\/\/blog.universofamilia.com\/hu\/descubre-quien-esta-visitando-tus-redes-sociales\/","title":{"rendered":"Tudd meg, kik l\u00e1togatj\u00e1k a k\u00f6z\u00f6ss\u00e9gi oldalaidat"},"content":{"rendered":"<p>El tudod k\u00e9pzelni, hogy valaki figyel t\u00e9ged a k\u00f6z\u00f6ss\u00e9gi m\u00e9di\u00e1ban, \u00e9s te m\u00e9g csak nem is tudsz r\u00f3la?<\/p>\n\n\n\n<p>Ahogy a vil\u00e1g egyre ink\u00e1bb \u00f6sszekapcsol\u00f3dik, term\u00e9szetes, hogy tudni szeretn\u00e9d, kik l\u00e1togatj\u00e1k a profilodat, ak\u00e1r k\u00edv\u00e1ncsis\u00e1gb\u00f3l, ak\u00e1r az\u00e9rt, hogy jobban meg\u00e9rtsd a bejegyz\u00e9seid hat\u00e1s\u00e1t.<\/p>\n\n\n\n<p>De vajon ez t\u00e9nyleg lehets\u00e9ges? Fedezz\u00fck fel a m\u00edtoszokat \u00e9s a val\u00f3s\u00e1got az olyan alkalmaz\u00e1sokkal kapcsolatban, amelyek azt \u00edg\u00e9rik, hogy felfedik, ki figyel minket, \u00e9s meg\u00e9rtj\u00fck, hogyan m\u0171k\u00f6dnek.<\/p>\n\n\n\n<h3 class=\"wp-block-heading\"><strong>Lehets\u00e9ges megtudni, hogy ki n\u00e9zi a profilodat?<\/strong><\/h3>\n\n\n\n<p>Ez a nagy k\u00e9rd\u00e9s, amit sokan feltesznek maguknak.<\/p>\n\n\n\n<p>A legt\u00f6bb k\u00f6z\u00f6ss\u00e9gi m\u00e9dia platform, p\u00e9ld\u00e1ul az Instagram, a Facebook \u00e9s a LinkedIn szab\u00e1lyzatai szerint a profilod l\u00e1togat\u00f3ival kapcsolatos inform\u00e1ci\u00f3k priv\u00e1tak, \u00e9s nem ker\u00fclnek megoszt\u00e1sra a felhaszn\u00e1l\u00f3val.<\/p>\n\n\n\n<p>N\u00e9h\u00e1ny alkalmaz\u00e1s azonban speci\u00e1lis algoritmusokat \u00e9s adatokat haszn\u00e1l, hogy betekint\u00e9st ny\u00fajtson az interakci\u00f3k, p\u00e9ld\u00e1ul a l\u00e1jkok, a hozz\u00e1sz\u00f3l\u00e1sok \u00e9s ak\u00e1r a t\u00f6rt\u00e9netmegtekint\u00e9sek alapj\u00e1n.<\/p>\n\n\n\n<h3 class=\"wp-block-heading\"><strong>Az alkalmaz\u00e1sok m\u00f6g\u00f6tt rejl\u0151 m\u00edtoszok \u00e9s val\u00f3s\u00e1gok<\/strong><\/h3>\n\n\n\n<p>Sz\u00e1mos olyan alkalmaz\u00e1s l\u00e9tezik, amelyek \u00edg\u00e9retet tesznek arra, hogy felfedik, kik l\u00e1togatj\u00e1k a k\u00f6z\u00f6ss\u00e9gi h\u00e1l\u00f3zataidat.<\/p>\n\n\n\n<p>Fontos azonban elk\u00fcl\u00f6n\u00edteni a m\u00edtoszokat a t\u00e9nyekt\u0151l. Ezen alkalmaz\u00e1sok k\u00f6z\u00fcl sok kiz\u00e1r\u00f3lag interakci\u00f3s statisztik\u00e1kon alapul, m\u00edg m\u00e1sok k\u00e9tes adatokat haszn\u00e1lnak fel \u201ehamis\u201d l\u00e1togat\u00f3i list\u00e1k l\u00e9trehoz\u00e1s\u00e1ra.<\/p>\n\n\n\n<p>Ez\u00e9rt elengedhetetlen a megb\u00edzhat\u00f3 eszk\u00f6z\u00f6k kiv\u00e1laszt\u00e1sa, \u00e9s mindig ellen\u0151rizze a megadott enged\u00e9lyeket b\u00e1rmilyen alkalmaz\u00e1s telep\u00edt\u00e9sekor.<\/p>\n\n\n\n<h3 class=\"wp-block-heading has-text-align-center\">Mit keresel ma?<\/h3>\n\n\n\n<div class=\"wp-block-buttons is-content-justification-center is-layout-flex wp-container-core-buttons-layout-1 wp-block-buttons-is-layout-flex\">\n<div class=\"wp-block-button has-custom-width wp-block-button__width-100 is-style-outline\" style=\"text-decoration:none\"><a class=\"wp-block-button__link has-white-color has-vivid-cyan-blue-background-color has-text-color has-background has-link-color has-text-align-center wp-element-button\" href=\"https:\/\/blog.universofamilia.com\/hu\/180\/recuperando-fotos-perdidas-u-ocultas\/\" style=\"border-radius:6px\">Elveszett vagy rejtett f\u00e9nyk\u00e9pek vissza\u00e1ll\u00edt\u00e1sa \u27a1\ufe0f<\/a><\/div>\n<\/div>\n\n\n\n<div class=\"wp-block-buttons is-content-justification-center is-layout-flex wp-container-core-buttons-layout-2 wp-block-buttons-is-layout-flex\">\n<div class=\"wp-block-button has-custom-width wp-block-button__width-100 is-style-outline\" style=\"text-decoration:none\"><a class=\"wp-block-button__link has-white-color has-vivid-cyan-blue-background-color has-text-color has-background has-link-color has-text-align-center wp-element-button\" href=\"https:\/\/blog.universofamilia.com\/hu\/183\/encuentra-tu-celular-facilmente\/\" style=\"border-radius:6px\">Tal\u00e1ld meg k\u00f6nnyed\u00e9n a mobiltelefonodat\u27a1\ufe0f<\/a><\/div>\n<\/div>\n\n\n\n<div class=\"wp-block-buttons is-content-justification-center is-layout-flex wp-container-core-buttons-layout-3 wp-block-buttons-is-layout-flex\">\n<div class=\"wp-block-button has-custom-width wp-block-button__width-100 is-style-outline\" style=\"text-decoration:none\"><a class=\"wp-block-button__link has-white-color has-vivid-cyan-blue-background-color has-text-color has-background has-link-color has-text-align-center wp-element-button\" href=\"https:\/\/blog.universofamilia.com\/hu\/168\/advenimiento-de-los-coches-y-camiones-autonomos\/\" style=\"border-radius:6px\">Az \u00f6nvezet\u0151 aut\u00f3k \u00e9s teheraut\u00f3k megjelen\u00e9se \u27a1\ufe0f<\/a><\/div>\n<\/div>\n\n\n\n<p class=\"has-text-align-center\"><em><strong><em><strong><em><strong>Olvass tov\u00e1bb!<\/strong><\/em><\/strong><\/em><\/strong><\/em><\/p>\n\n\n\n<hr class=\"wp-block-separator has-text-color has-luminous-vivid-orange-color has-alpha-channel-opacity has-luminous-vivid-orange-background-color has-background is-style-wide\"\/>\n\n\n\n<p><\/p>\n\n\n\n<h3 class=\"wp-block-heading\"><strong>Mi\u00e9rt \u00e9rdemes ezeket az alkalmaz\u00e1sokat haszn\u00e1lni?<\/strong><\/h3>\n\n\n\n<p>Az ilyen t\u00edpus\u00fa szolg\u00e1ltat\u00e1st k\u00edn\u00e1l\u00f3 alkalmaz\u00e1sok a k\u00f6vetkez\u0151k sz\u00e1m\u00e1ra lehetnek hasznosak:<\/p>\n\n\n\n<ul class=\"wp-block-list\">\n<li>\u00c9rtsd meg, kit \u00e9rdekel legink\u00e1bb a tartalmad.<\/li>\n\n\n\n<li>Elemezze kiadv\u00e1nyai el\u00e9r\u00e9s\u00e9t.<\/li>\n\n\n\n<li>Azonos\u00edts t\u00f6bb elk\u00f6telezett k\u00f6vet\u0151t.<\/li>\n\n\n\n<li>Figyelje a potenci\u00e1lisan nem megfelel\u0151 vagy gyan\u00fas viselked\u00e9st.<\/li>\n<\/ul>\n\n\n\n<p>Azonban fontos megjegyezni, hogy a mag\u00e1n\u00e9let nagyon fontos szempont, \u00e9s tiszteletben kell tartani.<\/p>\n\n\n\n<h3 class=\"wp-block-heading\"><strong>Mihez kezdjen a felfedezett inform\u00e1ci\u00f3kkal?<\/strong><\/h3>\n\n\n\n<p>Ha \u00fagy d\u00f6ntesz, hogy alkalmaz\u00e1st haszn\u00e1lsz a k\u00f6z\u00f6ss\u00e9gi m\u00e9dia figyel\u00e9s\u00e9re, haszn\u00e1ld ezt az inform\u00e1ci\u00f3t pozit\u00edv m\u00f3don. P\u00e9ld\u00e1ul:<\/p>\n\n\n\n<ul class=\"wp-block-list\">\n<li>L\u00e9pj kapcsolatba olyan emberekkel, akik \u00e9rdekl\u0151d\u00e9st mutatnak a munk\u00e1d ir\u00e1nt.<\/li>\n\n\n\n<li>Haszn\u00e1lj adatokat a tartalmaid fejleszt\u00e9s\u00e9hez \u00e9s a sz\u00e9lesebb k\u00f6z\u00f6ns\u00e9g el\u00e9r\u00e9s\u00e9hez.<\/li>\n\n\n\n<li>Figyeljen a gyan\u00fas viselked\u00e9sre, \u00e9s sz\u00fcks\u00e9g eset\u00e9n blokkolja vagy jelentse azt.<\/li>\n<\/ul>\n\n\n<div class=\"wp-block-image\">\n<figure class=\"aligncenter size-full\"><img loading=\"lazy\" decoding=\"async\" width=\"500\" height=\"350\" src=\"http:\/\/blog.universofamilia.com\/wp-content\/uploads\/sites\/154\/2025\/01\/DESTAQUE-BLOG-UNIVERSO-550-x-350-5.jpg\" alt=\"\" class=\"wp-image-255\" srcset=\"http:\/\/blog.universofamilia.com\/wp-content\/uploads\/sites\/154\/2025\/01\/DESTAQUE-BLOG-UNIVERSO-550-x-350-5.jpg 500w, http:\/\/blog.universofamilia.com\/wp-content\/uploads\/sites\/154\/2025\/01\/DESTAQUE-BLOG-UNIVERSO-550-x-350-5-300x210.jpg 300w, http:\/\/blog.universofamilia.com\/wp-content\/uploads\/sites\/154\/2025\/01\/DESTAQUE-BLOG-UNIVERSO-550-x-350-5-18x12.jpg 18w\" sizes=\"(max-width: 500px) 100vw, 500px\" \/><figcaption class=\"wp-element-caption\">Tudd meg, kik l\u00e1togatj\u00e1k a k\u00f6z\u00f6ss\u00e9gi oldalaidat<\/figcaption><\/figure><\/div>\n\n\n<h3 class=\"wp-block-heading\"><strong>Alkalmaz\u00e1sok, amelyek seg\u00edtenek t\u00f6bbet megtudni a l\u00e1togat\u00f3kr\u00f3l<\/strong><\/h3>\n\n\n\n<h4 class=\"wp-block-heading\"><strong>Ki k\u00f6vet<\/strong><\/h4>\n\n\n\n<p>A Who Stalks az egyik legismertebb alkalmaz\u00e1s erre a c\u00e9lra.<\/p>\n\n\n\n<p>R\u00e9szletes inform\u00e1ci\u00f3kat ny\u00fajt arr\u00f3l, hogy kik l\u00e9pnek kapcsolatba a profiloddal a legt\u00f6bbet, \u00e9s elk\u00f6telez\u0151d\u00e9si elemz\u00e9st is v\u00e9gez.<\/p>\n\n\n\n<p>Androidra \u00e9s iOS-re is el\u00e9rhet\u0151, meglehet\u0151sen intuit\u00edv \u00e9s j\u00f3 felhaszn\u00e1l\u00f3i \u00e9rt\u00e9kel\u00e9sekkel rendelkezik.<\/p>\n\n\n\n<p>Ezenk\u00edv\u00fcl id\u0151szakos jelent\u00e9sekhez is hozz\u00e1f\u00e9rhetsz, amelyek a k\u00f6vet\u0151id viselked\u00e9s\u00e9ben bek\u00f6vetkezett f\u0151bb v\u00e1ltoz\u00e1sokat mutatj\u00e1k.<\/p>\n\n\n\n<ul class=\"wp-block-list\">\n<li><strong>F\u0151 funkci\u00f3k:<\/strong>\n<ul class=\"wp-block-list\">\n<li>A legakt\u00edvabb k\u00f6vet\u0151k rangsorol\u00e1sa.<\/li>\n\n\n\n<li>Riaszt\u00e1sok gyan\u00fas interakci\u00f3kr\u00f3l.<\/li>\n\n\n\n<li>Testreszabott jelent\u00e9sek.<\/li>\n<\/ul>\n<\/li>\n<\/ul>\n\n\n\n<h4 class=\"wp-block-heading\"><strong>K\u00f6z\u00f6ss\u00e9gi n\u00e9zet<\/strong><\/h4>\n\n\n\n<p>Egy m\u00e1sik n\u00e9pszer\u0171 alkalmaz\u00e1s a SocialView, amelyet kiz\u00e1r\u00f3lag iOS-felhaszn\u00e1l\u00f3k sz\u00e1m\u00e1ra terveztek.<\/p>\n\n\n\n<p>Emellett r\u00e9szletes elemz\u00e9st k\u00edn\u00e1l a k\u00f6z\u00f6ss\u00e9gi m\u00e9dia interakci\u00f3idr\u00f3l, valamint vil\u00e1gos \u00e9s k\u00f6nnyen \u00e9rtelmezhet\u0151 jelent\u00e9seket.<\/p>\n\n\n\n<p>A SocialView kiemelkedik a k\u00f6nnyebb haszn\u00e1lat\u00e1val, \u00edgy kiv\u00e1l\u00f3 v\u00e1laszt\u00e1s azok sz\u00e1m\u00e1ra, akik a praktikumot keresik.<\/p>\n\n\n\n<ul class=\"wp-block-list\">\n<li><strong>F\u0151 funkci\u00f3k:<\/strong>\n<ul class=\"wp-block-list\">\n<li>Elk\u00f6telez\u0151d\u00e9si jelent\u00e9sek.<\/li>\n\n\n\n<li>Azonos\u00edtsd azokat a k\u00f6vet\u0151ket, akik gyakran l\u00e1togatj\u00e1k a profilodat.<\/li>\n\n\n\n<li>Egyszer\u0171 \u00e9s intuit\u00edv fel\u00fclet.<\/li>\n<\/ul>\n<\/li>\n<\/ul>\n\n\n\n<h3 class=\"wp-block-heading\"><strong>Mit gondolnak a felhaszn\u00e1l\u00f3k?<\/strong><\/h3>\n\n\n\n<p>A felhaszn\u00e1l\u00f3i v\u00e9lem\u00e9nyek elengedhetetlenek ezen alkalmaz\u00e1sok megb\u00edzhat\u00f3s\u00e1g\u00e1nak \u00e9s hat\u00e9konys\u00e1g\u00e1nak meg\u00e9rt\u00e9s\u00e9hez.<\/p>\n\n\n\n<p>A Who Stalks eset\u00e9ben a felhaszn\u00e1l\u00f3k kiemelik a jelent\u00e9sek pontoss\u00e1g\u00e1t \u00e9s a fejleszt\u0151csapat \u00e1ltal ny\u00fajtott hat\u00e9kony t\u00e1mogat\u00e1st.<\/p>\n\n\n\n<p>M\u00e1sr\u00e9szt a SocialView-t a praktikuss\u00e1g\u00e1\u00e9rt \u00e9s a modern diz\u00e1jnj\u00e1\u00e9rt dics\u00e9rik.<\/p>\n\n\n\n<ul class=\"wp-block-list\">\n<li>\u201eSoha nem gondoltam volna, hogy ennyi mindent megtudok a k\u00f6vet\u0151imr\u0151l. Most sokkal c\u00e9lzottabb tartalmat tudok l\u00e9trehozni.\u201d \u2013 Mar\u00eda, a Who Stalks felhaszn\u00e1l\u00f3ja.<\/li>\n\n\n\n<li>\u201eEgyszer\u0171 \u00e9s l\u00e9nyegre t\u00f6r\u0151. A SocialView seg\u00edtett jobban meg\u00e9rtenem, hogyan tekintik meg az emberek a profilomat.\u201d \u2013 Juan, SocialView felhaszn\u00e1l\u00f3.<\/li>\n<\/ul>\n\n\n\n<h3 class=\"wp-block-heading\"><strong>K\u00f6vetkeztet\u00e9s<\/strong><\/h3>\n\n\n\n<p>Az, hogy tudjuk, kik l\u00e1togatj\u00e1k a k\u00f6z\u00f6ss\u00e9gi oldalainkat, mindannyiunkban felkelti a k\u00edv\u00e1ncsis\u00e1got.<\/p>\n\n\n\n<p>B\u00e1r a platformok hivatalosan nem teszik k\u00f6zz\u00e9 ezt az inform\u00e1ci\u00f3t, az olyan alkalmaz\u00e1sok, mint a Who Stalks \u00e9s a SocialView, \u00e9rt\u00e9kes adatokat szolg\u00e1ltathatnak az interakci\u00f3k \u00e9s a statisztik\u00e1k alapj\u00e1n.<\/p>\n\n\n\n<p>Fontos azonban, hogy felel\u0151ss\u00e9gteljesen haszn\u00e1ljuk \u0151ket, \u00e9s mindig tiszteletben tartsuk m\u00e1sok mag\u00e1n\u00e9let\u00e9t.<\/p>\n\n\n\n<p>Sz\u00f3val, mi\u00e9rt ne pr\u00f3b\u00e1ln\u00e1d ki az egyik ilyen alkalmaz\u00e1st, \u00e9s osztan\u00e1d meg a tapasztalataidat? Meglep\u0151dhetsz, hogy mennyi inform\u00e1ci\u00f3t t\u00e1rnak fel.<\/p>\n\n\n\n<p><strong>Let\u00f6lt\u00e9si linkek:<\/strong><\/p>\n\n\n\n<ul class=\"wp-block-list\">\n<li><strong>Ki k\u00f6vet:<\/strong> <a href=\"https:\/\/play.google.com\/store\/apps\/details?id=com.tracker.profile.btrackerthree&amp;hl=en_US\">Android<\/a> \/ <a href=\"https:\/\/apps.apple.com\/br\/app\/who-profile-ai-analysis\/id1488595009\">iOS<\/a><\/li>\n\n\n\n<li><strong>K\u00f6z\u00f6ss\u00e9gi n\u00e9zet:<\/strong> <a href=\"https:\/\/apps.apple.com\/br\/app\/social-spy\/id1107522062\">iOS<\/a><\/li>\n<\/ul>\n\n\n\n<h3 class=\"wp-block-heading\"><strong>Gyakran ism\u00e9telt k\u00e9rd\u00e9sek a Who Stalks \u00e9s a SocialView alkalmaz\u00e1sokkal kapcsolatban<\/strong><\/h3>\n\n\n\n<p><strong>1. Megb\u00edzhat\u00f3ak a Who Stalks \u00e9s a SocialView?<\/strong><br>Mindk\u00e9t alkalmaz\u00e1s n\u00e9pszer\u0171 a felhaszn\u00e1l\u00f3k k\u00f6r\u00e9ben, mivel r\u00e9szletes inform\u00e1ci\u00f3kat ny\u00fajtanak a k\u00f6z\u00f6ss\u00e9gi m\u00e9dia interakci\u00f3kr\u00f3l. Azonban fontos, hogy csak hivatalos forr\u00e1sokb\u00f3l, p\u00e9ld\u00e1ul a Google Play \u00c1ruh\u00e1zb\u00f3l vagy az App Store-b\u00f3l t\u00f6lts\u00fck le \u0151ket, hogy biztos\u00edtsuk adataink biztons\u00e1g\u00e1t.<\/p>\n\n\n\n<p><strong>2. Val\u00f3ban tudhatom, hogy ki l\u00e1togatja a profilomat?<\/strong><br>Nem k\u00f6zvetlen\u00fcl. A k\u00f6z\u00f6ss\u00e9gi m\u00e9dia szab\u00e1lyzatai nem enged\u00e9lyezik a k\u00f6zvetlen hozz\u00e1f\u00e9r\u00e9st ezekhez az inform\u00e1ci\u00f3khoz. A Who Stalks \u00e9s a SocialView elemz\u00e9seket gener\u00e1l olyan interakci\u00f3k alapj\u00e1n, mint a l\u00e1jkok, hozz\u00e1sz\u00f3l\u00e1sok \u00e9s a t\u00f6rt\u00e9netek megtekint\u00e9sei.<\/p>\n\n\n\n<p><strong>3. Milyen eszk\u00f6z\u00f6k kompatibilisek ezekkel az alkalmaz\u00e1sokkal?<\/strong><br>A Who Stalks Android \u00e9s iOS eszk\u00f6z\u00f6k\u00f6n is el\u00e9rhet\u0151, m\u00edg a SocialView kiz\u00e1r\u00f3lag iOS rendszeren \u00e9rhet\u0151 el. A legjobb teljes\u00edtm\u00e9ny \u00e9rdek\u00e9ben gy\u0151z\u0151dj\u00f6n meg arr\u00f3l, hogy az oper\u00e1ci\u00f3s rendszer leg\u00fajabb verzi\u00f3j\u00e1t haszn\u00e1lja.<\/p>\n\n\n\n<p><strong>4. Biztons\u00e1gos megosztani az adataimat ezekkel az alkalmaz\u00e1sokkal?<\/strong><br>Igen, amennyiben minim\u00e1lis enged\u00e9lyeket adsz, \u00e9s haszn\u00e1lat el\u0151tt \u00e1ttekinted az adatv\u00e9delmi ir\u00e1nyelveiket. Ker\u00fcld azokat az alkalmaz\u00e1sokat, amelyek t\u00falzott hozz\u00e1f\u00e9r\u00e9st k\u00e9rnek a szem\u00e9lyes adataidhoz.<\/p>\n\n\n\n<p><strong>5. Vannak-e kapcsol\u00f3d\u00f3 k\u00f6lts\u00e9gek?<\/strong><br>A Who Stalks \u00e9s a SocialView ingyenes verzi\u00f3kat k\u00edn\u00e1l alapfunkci\u00f3kkal. A halad\u00f3bb opci\u00f3khoz, p\u00e9ld\u00e1ul a r\u00e9szletes jelent\u00e9sk\u00e9sz\u00edt\u00e9shez el\u0151fizet\u00e9s vagy alkalmaz\u00e1son bel\u00fcli v\u00e1s\u00e1rl\u00e1s sz\u00fcks\u00e9ges lehet.<\/p>\n\n\n\n<p><strong>6. Haszn\u00e1lhatom ezeket az alkalmaz\u00e1sokat t\u00f6bb k\u00f6z\u00f6ss\u00e9gi h\u00e1l\u00f3zaton is?<\/strong><br>A Who Stalkst \u00e9s a SocialView-t els\u0151sorban olyan platformokra tervezt\u00e9k, mint az Instagram. Ellen\u0151rizze mindegyik specifik\u00e1ci\u00f3j\u00e1t, hogy megbizonyosodjon a kompatibilit\u00e1sr\u00f3l m\u00e1s h\u00e1l\u00f3zatokkal.<\/p>\n\n\n\n<p><strong>7. Mit tegyek, ha gyan\u00fas tev\u00e9kenys\u00e9get \u00e9szlelek?<\/strong><br>Ha szokatlan vagy gyan\u00fas viselked\u00e9st \u00e9szlel, k\u00f6zvetlen\u00fcl a k\u00f6z\u00f6ss\u00e9gi oldalon blokkolhatja vagy jelentheti a felhaszn\u00e1l\u00f3t. Haszn\u00e1lja az alkalmaz\u00e1sok \u00e1ltal szolg\u00e1ltatott adatokat a megalapozott d\u00f6nt\u00e9sek meghozatal\u00e1hoz.<\/p>","protected":false},"excerpt":{"rendered":"<p>\u00bfTe imaginas que alguien te est\u00e1 observando en las redes sociales y ni siquiera lo sabes? Con el mundo cada vez m\u00e1s conectado, es natural querer saber qui\u00e9n est\u00e1 visitando tu perfil, ya sea por curiosidad o incluso para entender mejor el impacto de tus publicaciones. Pero \u00bfes esto realmente posible? Vamos a explorar los [&hellip;]<\/p>","protected":false},"author":0,"featured_media":255,"comment_status":"closed","ping_status":"open","sticky":false,"template":"","format":"standard","meta":{"footnotes":""},"categories":[4],"tags":[8,17,119],"yoast_head":"<!-- This site is optimized with the Yoast SEO plugin v23.3 - https:\/\/yoast.com\/wordpress\/plugins\/seo\/ -->\n<title>Descubre qui\u00e9n est\u00e1 visitando tus redes sociales - Blog Universo Fam\u00edlia<\/title>\n<meta name=\"description\" content=\"Descubre qui\u00e9n est\u00e1 visitando tus redes sociales. \u00bfTe imaginas que alguien te est\u00e1 observando en las redes sociales y ni siquiera lo sabes?\" \/>\n<meta name=\"robots\" content=\"index, follow, max-snippet:-1, max-image-preview:large, max-video-preview:-1\" \/>\n<link rel=\"canonical\" href=\"http:\/\/blog.universofamilia.com\/hu\/descubre-quien-esta-visitando-tus-redes-sociales\/\" \/>\n<meta property=\"og:locale\" content=\"hu_HU\" \/>\n<meta property=\"og:type\" content=\"article\" \/>\n<meta property=\"og:title\" content=\"Descubre qui\u00e9n est\u00e1 visitando tus redes sociales - Blog Universo Fam\u00edlia\" \/>\n<meta property=\"og:description\" content=\"Descubre qui\u00e9n est\u00e1 visitando tus redes sociales. \u00bfTe imaginas que alguien te est\u00e1 observando en las redes sociales y ni siquiera lo sabes?\" \/>\n<meta property=\"og:url\" content=\"http:\/\/blog.universofamilia.com\/hu\/descubre-quien-esta-visitando-tus-redes-sociales\/\" \/>\n<meta property=\"og:site_name\" content=\"Blog Universo Fam\u00edlia\" \/>\n<meta property=\"article:published_time\" content=\"2025-01-08T20:07:20+00:00\" \/>\n<meta property=\"og:image\" content=\"http:\/\/blog.universofamilia.com\/wp-content\/uploads\/sites\/154\/2025\/01\/DESTAQUE-BLOG-UNIVERSO-550-x-350-5.jpg\" \/>\n\t<meta property=\"og:image:width\" content=\"500\" \/>\n\t<meta property=\"og:image:height\" content=\"350\" \/>\n\t<meta property=\"og:image:type\" content=\"image\/jpeg\" \/>\n<meta name=\"twitter:card\" content=\"summary_large_image\" \/>\n<meta name=\"twitter:label1\" content=\"Est. reading time\" \/>\n\t<meta name=\"twitter:data1\" content=\"6 perc\" \/>\n<script type=\"application\/ld+json\" class=\"yoast-schema-graph\">{\"@context\":\"https:\/\/schema.org\",\"@graph\":[{\"@type\":\"WebPage\",\"@id\":\"http:\/\/blog.universofamilia.com\/sr\/descubre-quien-esta-visitando-tus-redes-sociales\/\",\"url\":\"http:\/\/blog.universofamilia.com\/sr\/descubre-quien-esta-visitando-tus-redes-sociales\/\",\"name\":\"Descubre qui\u00e9n est\u00e1 visitando tus redes sociales - Blog Universo Fam\u00edlia\",\"isPartOf\":{\"@id\":\"http:\/\/blog.universofamilia.com\/#website\"},\"primaryImageOfPage\":{\"@id\":\"http:\/\/blog.universofamilia.com\/sr\/descubre-quien-esta-visitando-tus-redes-sociales\/#primaryimage\"},\"image\":{\"@id\":\"http:\/\/blog.universofamilia.com\/sr\/descubre-quien-esta-visitando-tus-redes-sociales\/#primaryimage\"},\"thumbnailUrl\":\"http:\/\/blog.universofamilia.com\/wp-content\/uploads\/sites\/154\/2025\/01\/DESTAQUE-BLOG-UNIVERSO-550-x-350-5.jpg\",\"datePublished\":\"2025-01-08T20:07:20+00:00\",\"dateModified\":\"2025-01-08T20:07:20+00:00\",\"author\":{\"@id\":\"\"},\"description\":\"Descubre qui\u00e9n est\u00e1 visitando tus redes sociales. \u00bfTe imaginas que alguien te est\u00e1 observando en las redes sociales y ni siquiera lo sabes?\",\"breadcrumb\":{\"@id\":\"http:\/\/blog.universofamilia.com\/sr\/descubre-quien-esta-visitando-tus-redes-sociales\/#breadcrumb\"},\"inLanguage\":\"hu\",\"potentialAction\":[{\"@type\":\"ReadAction\",\"target\":[\"http:\/\/blog.universofamilia.com\/sr\/descubre-quien-esta-visitando-tus-redes-sociales\/\"]}]},{\"@type\":\"ImageObject\",\"inLanguage\":\"hu\",\"@id\":\"http:\/\/blog.universofamilia.com\/sr\/descubre-quien-esta-visitando-tus-redes-sociales\/#primaryimage\",\"url\":\"http:\/\/blog.universofamilia.com\/wp-content\/uploads\/sites\/154\/2025\/01\/DESTAQUE-BLOG-UNIVERSO-550-x-350-5.jpg\",\"contentUrl\":\"http:\/\/blog.universofamilia.com\/wp-content\/uploads\/sites\/154\/2025\/01\/DESTAQUE-BLOG-UNIVERSO-550-x-350-5.jpg\",\"width\":500,\"height\":350,\"caption\":\"Descubre qui\u00e9n est\u00e1 visitando tus redes sociales\"},{\"@type\":\"BreadcrumbList\",\"@id\":\"http:\/\/blog.universofamilia.com\/sr\/descubre-quien-esta-visitando-tus-redes-sociales\/#breadcrumb\",\"itemListElement\":[{\"@type\":\"ListItem\",\"position\":1,\"name\":\"Home\",\"item\":\"http:\/\/blog.universofamilia.com\/\"},{\"@type\":\"ListItem\",\"position\":2,\"name\":\"Descubre qui\u00e9n est\u00e1 visitando tus redes sociales\"}]},{\"@type\":\"WebSite\",\"@id\":\"http:\/\/blog.universofamilia.com\/#website\",\"url\":\"http:\/\/blog.universofamilia.com\/\",\"name\":\"Blog Universo Fam\u00edlia\",\"description\":\"\",\"potentialAction\":[{\"@type\":\"SearchAction\",\"target\":{\"@type\":\"EntryPoint\",\"urlTemplate\":\"http:\/\/blog.universofamilia.com\/?s={search_term_string}\"},\"query-input\":\"required name=search_term_string\"}],\"inLanguage\":\"hu\"}]}<\/script>\n<!-- \/ Yoast SEO plugin. -->","yoast_head_json":{"title":"Descubre qui\u00e9n est\u00e1 visitando tus redes sociales - Blog Universo Fam\u00edlia","description":"Descubre qui\u00e9n est\u00e1 visitando tus redes sociales. \u00bfTe imaginas que alguien te est\u00e1 observando en las redes sociales y ni siquiera lo sabes?","robots":{"index":"index","follow":"follow","max-snippet":"max-snippet:-1","max-image-preview":"max-image-preview:large","max-video-preview":"max-video-preview:-1"},"canonical":"http:\/\/blog.universofamilia.com\/hu\/descubre-quien-esta-visitando-tus-redes-sociales\/","og_locale":"hu_HU","og_type":"article","og_title":"Descubre qui\u00e9n est\u00e1 visitando tus redes sociales - Blog Universo Fam\u00edlia","og_description":"Descubre qui\u00e9n est\u00e1 visitando tus redes sociales. \u00bfTe imaginas que alguien te est\u00e1 observando en las redes sociales y ni siquiera lo sabes?","og_url":"http:\/\/blog.universofamilia.com\/hu\/descubre-quien-esta-visitando-tus-redes-sociales\/","og_site_name":"Blog Universo Fam\u00edlia","article_published_time":"2025-01-08T20:07:20+00:00","og_image":[{"width":500,"height":350,"url":"http:\/\/blog.universofamilia.com\/wp-content\/uploads\/sites\/154\/2025\/01\/DESTAQUE-BLOG-UNIVERSO-550-x-350-5.jpg","type":"image\/jpeg"}],"twitter_card":"summary_large_image","twitter_misc":{"Est. reading time":"6 perc"},"schema":{"@context":"https:\/\/schema.org","@graph":[{"@type":"WebPage","@id":"http:\/\/blog.universofamilia.com\/sr\/descubre-quien-esta-visitando-tus-redes-sociales\/","url":"http:\/\/blog.universofamilia.com\/sr\/descubre-quien-esta-visitando-tus-redes-sociales\/","name":"Descubre qui\u00e9n est\u00e1 visitando tus redes sociales - Blog Universo Fam\u00edlia","isPartOf":{"@id":"http:\/\/blog.universofamilia.com\/#website"},"primaryImageOfPage":{"@id":"http:\/\/blog.universofamilia.com\/sr\/descubre-quien-esta-visitando-tus-redes-sociales\/#primaryimage"},"image":{"@id":"http:\/\/blog.universofamilia.com\/sr\/descubre-quien-esta-visitando-tus-redes-sociales\/#primaryimage"},"thumbnailUrl":"http:\/\/blog.universofamilia.com\/wp-content\/uploads\/sites\/154\/2025\/01\/DESTAQUE-BLOG-UNIVERSO-550-x-350-5.jpg","datePublished":"2025-01-08T20:07:20+00:00","dateModified":"2025-01-08T20:07:20+00:00","author":{"@id":""},"description":"Descubre qui\u00e9n est\u00e1 visitando tus redes sociales. \u00bfTe imaginas que alguien te est\u00e1 observando en las redes sociales y ni siquiera lo sabes?","breadcrumb":{"@id":"http:\/\/blog.universofamilia.com\/sr\/descubre-quien-esta-visitando-tus-redes-sociales\/#breadcrumb"},"inLanguage":"hu","potentialAction":[{"@type":"ReadAction","target":["http:\/\/blog.universofamilia.com\/sr\/descubre-quien-esta-visitando-tus-redes-sociales\/"]}]},{"@type":"ImageObject","inLanguage":"hu","@id":"http:\/\/blog.universofamilia.com\/sr\/descubre-quien-esta-visitando-tus-redes-sociales\/#primaryimage","url":"http:\/\/blog.universofamilia.com\/wp-content\/uploads\/sites\/154\/2025\/01\/DESTAQUE-BLOG-UNIVERSO-550-x-350-5.jpg","contentUrl":"http:\/\/blog.universofamilia.com\/wp-content\/uploads\/sites\/154\/2025\/01\/DESTAQUE-BLOG-UNIVERSO-550-x-350-5.jpg","width":500,"height":350,"caption":"Descubre qui\u00e9n est\u00e1 visitando tus redes sociales"},{"@type":"BreadcrumbList","@id":"http:\/\/blog.universofamilia.com\/sr\/descubre-quien-esta-visitando-tus-redes-sociales\/#breadcrumb","itemListElement":[{"@type":"ListItem","position":1,"name":"Home","item":"http:\/\/blog.universofamilia.com\/"},{"@type":"ListItem","position":2,"name":"Descubre qui\u00e9n est\u00e1 visitando tus redes sociales"}]},{"@type":"WebSite","@id":"http:\/\/blog.universofamilia.com\/#website","url":"http:\/\/blog.universofamilia.com\/","name":"Blog Universo Fam\u00edlia","description":"","potentialAction":[{"@type":"SearchAction","target":{"@type":"EntryPoint","urlTemplate":"http:\/\/blog.universofamilia.com\/?s={search_term_string}"},"query-input":"required name=search_term_string"}],"inLanguage":"hu"}]}},"_links":{"self":[{"href":"http:\/\/blog.universofamilia.com\/hu\/wp-json\/wp\/v2\/posts\/254"}],"collection":[{"href":"http:\/\/blog.universofamilia.com\/hu\/wp-json\/wp\/v2\/posts"}],"about":[{"href":"http:\/\/blog.universofamilia.com\/hu\/wp-json\/wp\/v2\/types\/post"}],"replies":[{"embeddable":true,"href":"http:\/\/blog.universofamilia.com\/hu\/wp-json\/wp\/v2\/comments?post=254"}],"version-history":[{"count":0,"href":"http:\/\/blog.universofamilia.com\/hu\/wp-json\/wp\/v2\/posts\/254\/revisions"}],"wp:featuredmedia":[{"embeddable":true,"href":"http:\/\/blog.universofamilia.com\/hu\/wp-json\/wp\/v2\/media\/255"}],"wp:attachment":[{"href":"http:\/\/blog.universofamilia.com\/hu\/wp-json\/wp\/v2\/media?parent=254"}],"wp:term":[{"taxonomy":"category","embeddable":true,"href":"http:\/\/blog.universofamilia.com\/hu\/wp-json\/wp\/v2\/categories?post=254"},{"taxonomy":"post_tag","embeddable":true,"href":"http:\/\/blog.universofamilia.com\/hu\/wp-json\/wp\/v2\/tags?post=254"}],"curies":[{"name":"wp","href":"https:\/\/api.w.org\/{rel}","templated":true}]}}