{"id":244,"date":"2025-01-06T15:23:05","date_gmt":"2025-01-06T18:23:05","guid":{"rendered":"https:\/\/blog.universofamilia.com\/?p=244"},"modified":"2025-01-06T15:23:05","modified_gmt":"2025-01-06T18:23:05","slug":"ten-una-vision-nocturna-en-tu-telefono-y-ilumina-tus-aventuras","status":"publish","type":"post","link":"http:\/\/blog.universofamilia.com\/hu\/ten-una-vision-nocturna-en-tu-telefono-y-ilumina-tus-aventuras\/","title":{"rendered":"\u00c9jjell\u00e1t\u00f3 funkci\u00f3 a telefonodon, \u00e9s vil\u00e1g\u00edtsd meg kalandjaidat"},"content":{"rendered":"<p>Gondolt\u00e1l m\u00e1r arra, hogy s\u00f6t\u00e9t helyeket, p\u00e9ld\u00e1ul \u00e9jszakai \u00f6sv\u00e9nyeket vagy gyenge f\u00e9nyviszonyok k\u00f6z\u00f6tt fedezz fel dr\u00e1ga felszerel\u00e9s n\u00e9lk\u00fcl?<\/p>\n\n\n\n<p>A telefon \u00e9jjell\u00e1t\u00f3v\u00e1 alak\u00edt\u00e1sa egyszer\u0171bb \u00e9s megfizethet\u0151bb lehet, mint gondoln\u00e1d.<\/p>\n\n\n\n<p>Manaps\u00e1g okosalkalmaz\u00e1sok seg\u00edts\u00e9g\u00e9vel jav\u00edthatod a gyenge f\u00e9nyviszonyok melletti \u00e9lm\u00e9nyt, nagyobb biztons\u00e1got \u00e9s sz\u00f3rakoz\u00e1st biztos\u00edtva kalandjaid sor\u00e1n.<\/p>\n\n\n\n<p>Ha m\u00e9g soha nem hallott\u00e1l err\u0151l, k\u00e9sz\u00fclj fel a lehet\u0151s\u00e9gek vil\u00e1g\u00e1nak felfedez\u00e9s\u00e9re.<\/p>\n\n\n\n<p>Fedezz\u00fck fel egy\u00fctt, hogyan m\u0171k\u00f6dik az \u00e9jjell\u00e1t\u00f3 a telefonodon, milyen alkalmaz\u00e1sai vannak, \u00e9s melyek a legjobb alkalmaz\u00e1sok azok sz\u00e1m\u00e1ra, akik n\u00e9h\u00e1ny koppint\u00e1ssal szeretn\u00e9k beragyogni az \u00e9jszak\u00e1t.<\/p>\n\n\n\n<h3 class=\"wp-block-heading has-text-align-center\">Mit keresel ma?<\/h3>\n\n\n\n<div class=\"wp-block-buttons is-content-justification-center is-layout-flex wp-container-core-buttons-layout-1 wp-block-buttons-is-layout-flex\">\n<div class=\"wp-block-button has-custom-width wp-block-button__width-100 is-style-outline\" style=\"text-decoration:none\"><a class=\"wp-block-button__link has-white-color has-vivid-cyan-blue-background-color has-text-color has-background has-link-color has-text-align-center wp-element-button\" href=\"https:\/\/blog.universofamilia.com\/hu\/180\/recuperando-fotos-perdidas-u-ocultas\/\" style=\"border-radius:6px\">Elveszett vagy rejtett f\u00e9nyk\u00e9pek vissza\u00e1ll\u00edt\u00e1sa \u27a1\ufe0f<\/a><\/div>\n<\/div>\n\n\n\n<div class=\"wp-block-buttons is-content-justification-center is-layout-flex wp-container-core-buttons-layout-2 wp-block-buttons-is-layout-flex\">\n<div class=\"wp-block-button has-custom-width wp-block-button__width-100 is-style-outline\" style=\"text-decoration:none\"><a class=\"wp-block-button__link has-white-color has-vivid-cyan-blue-background-color has-text-color has-background has-link-color has-text-align-center wp-element-button\" href=\"https:\/\/blog.universofamilia.com\/hu\/183\/encuentra-tu-celular-facilmente\/\" style=\"border-radius:6px\">Tal\u00e1ld meg k\u00f6nnyed\u00e9n a mobiltelefonodat\u27a1\ufe0f<\/a><\/div>\n<\/div>\n\n\n\n<div class=\"wp-block-buttons is-content-justification-center is-layout-flex wp-container-core-buttons-layout-3 wp-block-buttons-is-layout-flex\">\n<div class=\"wp-block-button has-custom-width wp-block-button__width-100 is-style-outline\" style=\"text-decoration:none\"><a class=\"wp-block-button__link has-white-color has-vivid-cyan-blue-background-color has-text-color has-background has-link-color has-text-align-center wp-element-button\" href=\"https:\/\/blog.universofamilia.com\/hu\/168\/advenimiento-de-los-coches-y-camiones-autonomos\/\" style=\"border-radius:6px\">Az \u00f6nvezet\u0151 aut\u00f3k \u00e9s teheraut\u00f3k megjelen\u00e9se \u27a1\ufe0f<\/a><\/div>\n<\/div>\n\n\n\n<p class=\"has-text-align-center\"><em><strong><em><strong><em><strong>Olvass tov\u00e1bb!<\/strong><\/em><\/strong><\/em><\/strong><\/em><\/p>\n\n\n\n<hr class=\"wp-block-separator has-text-color has-luminous-vivid-orange-color has-alpha-channel-opacity has-luminous-vivid-orange-background-color has-background is-style-wide\"\/>\n\n\n\n<p><\/p>\n\n\n\n<h3 class=\"wp-block-heading\">Az \u00e9jjell\u00e1t\u00f3 funkci\u00f3 fontoss\u00e1ga a telefonodon<\/h3>\n\n\n\n<p>K\u00e9pzeld el, hogy \u00e9jszaka egy \u00f6sv\u00e9nyen vagy, \u00e9s megpr\u00f3b\u00e1lod elk\u00e9sz\u00edteni a t\u00f6k\u00e9letes fot\u00f3t, vagy egyszer\u0171en csak a visszautat keresed. Az \u00e9jjell\u00e1t\u00f3 l\u00e1t\u00e1s elengedhetetlen ezekben a pillanatokban.<\/p>\n\n\n\n<p>A l\u00e1that\u00f3s\u00e1g n\u00f6vel\u00e9se mellett ezek a funkci\u00f3k megel\u0151zhetik a baleseteket, biztons\u00e1gosabb\u00e1 tehetik az \u00e9lm\u00e9nyeket, \u00e9s olyan jeleneteket is meg\u00f6r\u00f6k\u00edthetnek, amelyeket egy hagyom\u00e1nyos kamer\u00e1val lehetetlen lenne r\u00f6gz\u00edteni.<\/p>\n\n\n\n<p>A modern telefonok hihetetlen platformot k\u00edn\u00e1lnak az \u00e9jjell\u00e1t\u00f3 eszk\u00f6z\u00f6k sz\u00e1m\u00e1ra.<\/p>\n\n\n\n<p>A technol\u00f3gia fejl\u0151d\u00e9s\u00e9nek k\u00f6sz\u00f6nhet\u0151en ma m\u00e1r nem kell speci\u00e1lis kamer\u00e1kba vagy strapab\u00edr\u00f3 berendez\u00e9sekbe befektetni.<\/p>\n\n\n\n<h4 class=\"wp-block-heading has-text-align-center\">Van b\u00e1rmilyen k\u00e9rd\u00e9se?<\/h4>\n\n\n\n<div class=\"wp-block-buttons is-content-justification-center is-layout-flex wp-container-core-buttons-layout-4 wp-block-buttons-is-layout-flex\">\n<div class=\"wp-block-button has-custom-width wp-block-button__width-100 has-custom-font-size is-style-outline has-large-font-size\" style=\"text-decoration:none\"><a class=\"wp-block-button__link has-white-color has-vivid-purple-background-color has-text-color has-background has-link-color has-border-color has-ast-global-color-5-border-color has-text-align-center wp-element-button\" href=\"https:\/\/www.messenger.com\/login.php?next=https%3A%2F%2Fwww.messenger.com%2Ft%2F110263563681990%2F%3Fref%3Dw30174560--utm_campaign%253D%257B%257Badset.id%257D%257D%26messaging_source%3Dsource%253Apages%253Amessage_shortlink%26source_id%3D1441792%26recurring_notification%3D0\" style=\"border-radius:6px\">\ud83d\udcac Besz\u00e9lgess vel\u00fcnk! \ud83d\udc69\u200d\ud83e\uddb0\u200d\ud83c\udfa7<\/a><\/div>\n<\/div>\n\n\n\n<p class=\"has-text-align-right\"><em><strong>\u00c1tir\u00e1ny\u00edtunk egy m\u00e1sik webhelyre<\/strong><\/em><\/p>\n\n\n\n<h3 class=\"wp-block-heading\">Mi az \u00e9jjell\u00e1t\u00f3?<\/h3>\n\n\n\n<h4 class=\"wp-block-heading\">Az \u00e9jjell\u00e1t\u00f3 defin\u00edci\u00f3ja \u00e9s m\u0171k\u00f6d\u00e9se<\/h4>\n\n\n\n<p>Az \u00e9jjell\u00e1t\u00f3 l\u00e1t\u00e1s az a k\u00e9pess\u00e9g, hogy gyenge vagy semmilyen f\u00e9nyviszonyok k\u00f6z\u00f6tt is l\u00e1ssunk.<\/p>\n\n\n\n<p>Ez az er\u0151forr\u00e1s olyan technol\u00f3gi\u00e1kon alapulhat, mint a marad\u00e9kf\u00e9ny-er\u0151s\u00edt\u00e9s, az infrav\u00f6r\u00f6s vagy a h\u0151\u00e9rz\u00e9kel\u00e9s.<\/p>\n\n\n\n<p>A telefonokon az \u00e9jjell\u00e1t\u00f3 rendszer jellemz\u0151en algoritmusokat haszn\u00e1l a kamera \u00e1ltal r\u00f6gz\u00edtett k\u00e9pek f\u00e9nyerej\u00e9nek n\u00f6vel\u00e9s\u00e9re.<\/p>\n\n\n\n<p>A speci\u00e1lis alkalmaz\u00e1sok a telefon kamer\u00e1j\u00e1nak \u00e9rz\u00e9kel\u0151it \u00e9s automatikus be\u00e1ll\u00edt\u00e1sait haszn\u00e1lj\u00e1k a f\u00e9ny feler\u0151s\u00edt\u00e9s\u00e9re \u00e9s a t\u00e1rgyak kiemel\u00e9s\u00e9re, m\u00e9g teljes s\u00f6t\u00e9ts\u00e9gben is.<\/p>\n\n\n\n<p>N\u00e9h\u00e1nyan infrav\u00f6r\u00f6s er\u0151forr\u00e1sokat is integr\u00e1lnak a teljes\u00edtm\u00e9ny tov\u00e1bbi jav\u00edt\u00e1sa \u00e9rdek\u00e9ben.<\/p>\n\n\n\n<h4 class=\"wp-block-heading\">Az \u00e9jjell\u00e1t\u00f3 gyakorlati alkalmaz\u00e1sai<\/h4>\n\n\n\n<p>Az \u00e9jjell\u00e1t\u00f3 hasznos lehet a mindennapi helyzetekben, p\u00e9ld\u00e1ul:<\/p>\n\n\n\n<ul class=\"wp-block-list\">\n<li>\ud83c\udf0c Fedezd fel a k\u00fclt\u00e9ri k\u00f6rnyezetet \u00e9jszaka.<\/li>\n\n\n\n<li>\ud83d\udd0d V\u00e9gezzen ellen\u0151rz\u00e9seket korl\u00e1tozott megvil\u00e1g\u00edt\u00e1s\u00fa helyeken, p\u00e9ld\u00e1ul pinc\u00e9kben vagy padl\u00e1sokon.<\/li>\n\n\n\n<li>\ud83d\udcf8 K\u00e9sz\u00edtsen m\u0171v\u00e9szi k\u00e9peket vagy vide\u00f3kat gyenge f\u00e9nyviszonyok mellett.<\/li>\n\n\n\n<li>\ud83d\udee1\ufe0f Fokozott biztons\u00e1got ny\u00fajt \u00e9jszakai v\u00e9szhelyzetek eset\u00e9n.<\/li>\n<\/ul>\n\n\n\n<h3 class=\"wp-block-heading\">Hogyan alak\u00edtsd \u00e1t a telefonodat \u00e9jjell\u00e1t\u00f3 eszk\u00f6zz\u00e9<\/h3>\n\n\n\n<h4 class=\"wp-block-heading\">L\u00e9p\u00e9sr\u0151l l\u00e9p\u00e9sre a telefon be\u00e1ll\u00edt\u00e1sa<\/h4>\n\n\n\n<ol class=\"wp-block-list\">\n<li>\ud83d\udcf2 <strong>T\u00f6lts\u00f6n le egy speci\u00e1lis alkalmaz\u00e1st<\/strong>V\u00e1lassz megb\u00edzhat\u00f3 alkalmaz\u00e1sokat, amelyekr\u0151l j\u00f3k a v\u00e9lem\u00e9nyek az alkalmaz\u00e1sboltban.<\/li>\n\n\n\n<li>\u2699\ufe0f <strong>M\u00f3dos\u00edtsa a be\u00e1ll\u00edt\u00e1sokat<\/strong>Sok alkalmaz\u00e1s lehet\u0151v\u00e9 teszi a f\u00e9nyer\u0151, a kontraszt \u00e9s egy\u00e9b sz\u0171r\u0151k testreszab\u00e1s\u00e1t a l\u00e1that\u00f3s\u00e1g optimaliz\u00e1l\u00e1sa \u00e9rdek\u00e9ben.<\/li>\n\n\n\n<li>\ud83c\udf19 <strong>Haszn\u00e1ld a megfelel\u0151 k\u00f6rnyezetet<\/strong>Gy\u0151z\u0151dj\u00f6n meg r\u00f3la, hogy olyan helyen van, ahol az er\u0151forr\u00e1s \u00f6sszegy\u0171jtheti a marad\u00e9k f\u00e9nyt, vagy a legjobb eredm\u00e9ny el\u00e9r\u00e9se \u00e9rdek\u00e9ben haszn\u00e1ljon infrav\u00f6r\u00f6s megvil\u00e1g\u00edt\u00e1si kieg\u00e9sz\u00edt\u0151t.<\/li>\n<\/ol>\n\n\n\n<p>Ezekkel a l\u00e9p\u00e9sekkel a telefonod hihetetlen eszk\u00f6zz\u00e9 v\u00e1lhat az esti kalandokban vagy a mindennapi \u00e9lethelyzetekben.<\/p>\n\n\n\n<h4 class=\"wp-block-heading\">P\u00e9ld\u00e1k olyan helyzetekre, amikor az \u00e9jjell\u00e1t\u00f3 hasznos<\/h4>\n\n\n\n<ul class=\"wp-block-list\">\n<li>\ud83d\udeb6 <strong>\u00c9jszakai s\u00e9t\u00e1k<\/strong>: Keress \u00f6sv\u00e9nyeket, vagy vizualiz\u00e1lj akad\u00e1lyokat s\u00f6t\u00e9t \u00f6sv\u00e9nyeken.<\/li>\n\n\n\n<li>\ud83c\udfa8 <strong>Kreat\u00edv fot\u00f3z\u00e1s<\/strong>: K\u00e9sz\u00edtsen leny\u0171g\u00f6z\u0151 k\u00e9peket v\u00e1rosi vagy vid\u00e9ki t\u00e1jakon \u00e9jszaka.<\/li>\n\n\n\n<li>\ud83c\udfe0 <strong>Otthoni biztons\u00e1g<\/strong>: Azonos\u00edtsa a mozg\u00e1sokat vagy a potenci\u00e1lis vesz\u00e9lyeket az udvaron vagy a gar\u00e1zsban.<\/li>\n<\/ul>\n\n\n\n<h3 class=\"wp-block-heading\">A legn\u00e9pszer\u0171bb \u00e9jjell\u00e1t\u00f3 alkalmaz\u00e1sok<\/h3>\n\n\n\n<p>Kiv\u00e1lasztottuk a legjobbra \u00e9rt\u00e9kelt alkalmaz\u00e1sokat, amelyekkel telefonodat \u00e9jjell\u00e1t\u00f3 sz\u00f6vets\u00e9gess\u00e9 alak\u00edthatod:<\/p>\n\n\n\n<h4 class=\"wp-block-heading\">Termikus Szem X<\/h4>\n\n\n\n<p>Ez az alkalmaz\u00e1s a telefon kamer\u00e1j\u00e1t haszn\u00e1lja h\u0151kamer\u00e1s k\u00e9pek k\u00e9sz\u00edt\u00e9s\u00e9re \u00e9s a l\u00e1that\u00f3s\u00e1g jav\u00edt\u00e1s\u00e1ra gyenge f\u00e9nyviszonyok k\u00f6z\u00f6tt.<\/p>\n\n\n\n<p>K\u00f6nny\u0171 kezelhet\u0151s\u00e9ge \u00e9s a l\u00e9trehozott k\u00e9pek min\u0151s\u00e9ge miatt t\u0171nik ki.<\/p>\n\n\n\n<p><strong>F\u0151bb jellemz\u0151k:<\/strong><\/p>\n\n\n\n<ul class=\"wp-block-list\">\n<li>\ud83d\udca1 Intuit\u00edv kezel\u0151fel\u00fclet.<\/li>\n\n\n\n<li>\u2699\ufe0f Speci\u00e1lis be\u00e1ll\u00edt\u00e1sok a f\u00e9nyer\u0151 \u00e9s a kontraszt be\u00e1ll\u00edt\u00e1s\u00e1hoz.<\/li>\n\n\n\n<li>\ud83d\udcf1 Kompatibilis a legt\u00f6bb Android-eszk\u00f6zzel.<\/li>\n<\/ul>\n\n\n\n<p><strong>Let\u00f6lt\u00e9si link:<\/strong> <a href=\"https:\/\/play.google.com\/store\/apps\/details\/Thermal_Eye_X?id=com.infisense.p2telephoto&amp;hl=en_US\">Thermal Olho X: Android<\/a>.<\/p>\n\n\n\n<h4 class=\"wp-block-heading\">Egy\u00e9b aj\u00e1nlott alkalmaz\u00e1sok<\/h4>\n\n\n\n<ul class=\"wp-block-list\">\n<li>\ud83c\udfa5 <strong>\u00c9jjell\u00e1t\u00f3 Pro<\/strong>: Speci\u00e1lis funkci\u00f3kat biztos\u00edt \u00e9jszakai videofelv\u00e9telhez.<\/li>\n\n\n\n<li>\ud83c\udf10 <strong>InfraV\u00edzi\u00f3<\/strong>Infrav\u00f6r\u00f6s felv\u00e9teli m\u00f3dokat \u00e9s sz\u0171r\u0151ket tartalmaz a r\u00e9szletek fokoz\u00e1sa \u00e9rdek\u00e9ben.<\/li>\n\n\n\n<li>\ud83d\udd26 <strong>\u00c9jszakai f\u00e9ny<\/strong>Egyszer\u0171 \u00e9s hat\u00e9kony s\u00f6t\u00e9t k\u00f6rnyezetek megvil\u00e1g\u00edt\u00e1s\u00e1ra.<\/li>\n<\/ul>\n\n\n\n<figure class=\"wp-block-image alignwide size-full\"><img loading=\"lazy\" decoding=\"async\" width=\"500\" height=\"350\" src=\"http:\/\/blog.universofamilia.com\/wp-content\/uploads\/sites\/154\/2025\/01\/DESTAQUE-BLOG-UNIVERSO-550-x-350-2-1.jpg\" alt=\"\" class=\"wp-image-245\" srcset=\"http:\/\/blog.universofamilia.com\/wp-content\/uploads\/sites\/154\/2025\/01\/DESTAQUE-BLOG-UNIVERSO-550-x-350-2-1.jpg 500w, http:\/\/blog.universofamilia.com\/wp-content\/uploads\/sites\/154\/2025\/01\/DESTAQUE-BLOG-UNIVERSO-550-x-350-2-1-300x210.jpg 300w, http:\/\/blog.universofamilia.com\/wp-content\/uploads\/sites\/154\/2025\/01\/DESTAQUE-BLOG-UNIVERSO-550-x-350-2-1-18x12.jpg 18w\" sizes=\"(max-width: 500px) 100vw, 500px\" \/><figcaption class=\"wp-element-caption\">\u00c9jjell\u00e1t\u00f3 funkci\u00f3 a telefonodon, \u00e9s vil\u00e1g\u00edtsd meg kalandjaidat<\/figcaption><\/figure>\n\n\n\n<h3 class=\"wp-block-heading\">Mit mondanak a felhaszn\u00e1l\u00f3k?<\/h3>\n\n\n\n<p>Sok felhaszn\u00e1l\u00f3 megjegyzi, hogy az olyan alkalmaz\u00e1sok, mint az Olho T\u00e9rmico X, hihetetlen\u00fcl praktikusak \u00e9s meglep\u0151ek.<\/p>\n\n\n\n<p>Egy p\u00e9lda erre Juan, aki az alkalmaz\u00e1st haszn\u00e1lja csillagok f\u00e9nyk\u00e9pez\u00e9s\u00e9re \u00e9jszakai s\u00e9t\u00e1i sor\u00e1n.<\/p>\n\n\n\n<p>\u201eSoha nem gondoltam volna, hogy a telefonom ennyire k\u00e9pes! A k\u00e9pek tiszt\u00e1k \u00e9s r\u00e9szletesek, m\u00e9g f\u00e9ny n\u00e9lk\u00fcl is\u201d \u2013 mondja.<\/p>\n\n\n\n<p>M\u00e1sr\u00e9szt viszont egyesek a korl\u00e1taira figyelmeztetnek. \u201eNem ugyanaz, mint egy profi kamera, de h\u00e9tk\u00f6znapi haszn\u00e1latra kiv\u00e1l\u00f3\u201d \u2013 mondja Mar\u00eda, aki a k\u00e9sz\u00fcl\u00e9ket otthona k\u00f6rnyezet\u00e9nek vizsg\u00e1lat\u00e1ra haszn\u00e1lja.<\/p>\n\n\n\n<h3 class=\"wp-block-heading\">Amikor az \u00e9jjell\u00e1t\u00e1s elengedhetetlenn\u00e9 v\u00e1lik<\/h3>\n\n\n\n<p>Az \u00e9jjell\u00e1t\u00f3 nem csak egy sz\u00f3rakoztat\u00f3 eszk\u00f6z; kulcsfontoss\u00e1g\u00fa lehet v\u00e9szhelyzetekben, p\u00e9ld\u00e1ul:<\/p>\n\n\n\n<ul class=\"wp-block-list\">\n<li>\u26a1 <strong>Elektromos hib\u00e1k<\/strong>: Azonos\u00edtsa a probl\u00e9m\u00e1kat a t\u00e1peloszt\u00f3kban vagy a kivil\u00e1g\u00edtatlan ter\u00fcleteken.<\/li>\n\n\n\n<li>\ud83d\udd0e <strong>Biztons\u00e1gi monitoroz\u00e1s<\/strong>: Haszn\u00e1ld a telefonodat r\u00f6gt\u00f6nz\u00f6tt kamerak\u00e9nt a k\u00fclt\u00e9ri ter\u00fcletek megfigyel\u00e9s\u00e9re.<\/li>\n<\/ul>\n\n\n\n<p>Ezek a pillanatok mutatj\u00e1k meg, mennyire hasznos lehet ez az er\u0151forr\u00e1s k\u00fcl\u00f6nb\u00f6z\u0151 helyzetekben.<\/p>\n\n\n\n<h3 class=\"wp-block-heading\">K\u00f6vetkeztet\u00e9s<\/h3>\n\n\n\n<p>Az, hogy telefonodat \u00e9jjell\u00e1t\u00f3 eszk\u00f6zz\u00e9 alak\u00edtod, t\u00f6bb mint \u00fajdons\u00e1g: praktikus \u00e9s megfizethet\u0151 megold\u00e1s, amivel feldobhatod az \u00e9letedet k\u00fcl\u00f6nf\u00e9le helyzetekben.<\/p>\n\n\n\n<p>Az olyan alkalmaz\u00e1sokkal, mint az Olho T\u00e9rmico X, gondoskodhatsz a biztons\u00e1gr\u00f3l, a kreativit\u00e1sr\u00f3l \u00e9s a funkcionalit\u00e1sr\u00f3l \u00e9jszakai kalandjaid sor\u00e1n.<\/p>\n\n\n\n<p>Most, hogy tudod, hogyan hozd ki a legt\u00f6bbet a telefonodb\u00f3l, mi\u00e9rt ne pr\u00f3b\u00e1ln\u00e1d ki ezeket az alkalmaz\u00e1sokat, \u00e9s osztan\u00e1d meg a tapasztalataidat?<\/p>\n\n\n\n<p>Ki tudja, tal\u00e1n m\u00e1sokat is arra inspir\u00e1lsz, hogy magabiztosabban fedezz\u00e9k fel az \u00e9jszakai vil\u00e1got. T\u00f6ltsd le most az Olho T\u00e9rmico X-et, \u00e9s kezdd el a kalandodat!<\/p>","protected":false},"excerpt":{"rendered":"<p>\u00bfHas pensado en explorar lugares oscuros, como senderos nocturnos o entornos con poca luz, sin necesidad de equipos costosos? Transformar tu tel\u00e9fono en un dispositivo de visi\u00f3n nocturna puede ser m\u00e1s simple y accesible de lo que imaginas. Hoy en d\u00eda, con la ayuda de aplicaciones inteligentes, puedes mejorar tu experiencia en entornos con poca [&hellip;]<\/p>","protected":false},"author":0,"featured_media":245,"comment_status":"closed","ping_status":"open","sticky":false,"template":"","format":"standard","meta":{"footnotes":""},"categories":[4],"tags":[24,135,151],"yoast_head":"<!-- This site is optimized with the Yoast SEO plugin v23.3 - https:\/\/yoast.com\/wordpress\/plugins\/seo\/ -->\n<title>Ten una visi\u00f3n nocturna en tu tel\u00e9fono y ilumina tus aventuras - Blog Universo Fam\u00edlia<\/title>\n<meta name=\"description\" content=\"Ten una visi\u00f3n nocturna en tu tel\u00e9fono y ilumina tus aventuras. \u00bfHas pensado en explorar lugares oscuros, como senderos nocturnos o...\" \/>\n<meta name=\"robots\" content=\"index, follow, max-snippet:-1, max-image-preview:large, max-video-preview:-1\" \/>\n<link rel=\"canonical\" href=\"http:\/\/blog.universofamilia.com\/hu\/ten-una-vision-nocturna-en-tu-telefono-y-ilumina-tus-aventuras\/\" \/>\n<meta property=\"og:locale\" content=\"hu_HU\" \/>\n<meta property=\"og:type\" content=\"article\" \/>\n<meta property=\"og:title\" content=\"Ten una visi\u00f3n nocturna en tu tel\u00e9fono y ilumina tus aventuras - Blog Universo Fam\u00edlia\" \/>\n<meta property=\"og:description\" content=\"Ten una visi\u00f3n nocturna en tu tel\u00e9fono y ilumina tus aventuras. \u00bfHas pensado en explorar lugares oscuros, como senderos nocturnos o...\" \/>\n<meta property=\"og:url\" content=\"http:\/\/blog.universofamilia.com\/hu\/ten-una-vision-nocturna-en-tu-telefono-y-ilumina-tus-aventuras\/\" \/>\n<meta property=\"og:site_name\" content=\"Blog Universo Fam\u00edlia\" \/>\n<meta property=\"article:published_time\" content=\"2025-01-06T18:23:05+00:00\" \/>\n<meta property=\"og:image\" content=\"http:\/\/blog.universofamilia.com\/wp-content\/uploads\/sites\/154\/2025\/01\/DESTAQUE-BLOG-UNIVERSO-550-x-350-2-1.jpg\" \/>\n\t<meta property=\"og:image:width\" content=\"500\" \/>\n\t<meta property=\"og:image:height\" content=\"350\" \/>\n\t<meta property=\"og:image:type\" content=\"image\/jpeg\" \/>\n<meta name=\"twitter:card\" content=\"summary_large_image\" \/>\n<meta name=\"twitter:label1\" content=\"Est. reading time\" \/>\n\t<meta name=\"twitter:data1\" content=\"6 perc\" \/>\n<script type=\"application\/ld+json\" class=\"yoast-schema-graph\">{\"@context\":\"https:\/\/schema.org\",\"@graph\":[{\"@type\":\"WebPage\",\"@id\":\"http:\/\/blog.universofamilia.com\/cs\/ten-una-vision-nocturna-en-tu-telefono-y-ilumina-tus-aventuras\/\",\"url\":\"http:\/\/blog.universofamilia.com\/cs\/ten-una-vision-nocturna-en-tu-telefono-y-ilumina-tus-aventuras\/\",\"name\":\"Ten una visi\u00f3n nocturna en tu tel\u00e9fono y ilumina tus aventuras - Blog Universo Fam\u00edlia\",\"isPartOf\":{\"@id\":\"http:\/\/blog.universofamilia.com\/#website\"},\"primaryImageOfPage\":{\"@id\":\"http:\/\/blog.universofamilia.com\/cs\/ten-una-vision-nocturna-en-tu-telefono-y-ilumina-tus-aventuras\/#primaryimage\"},\"image\":{\"@id\":\"http:\/\/blog.universofamilia.com\/cs\/ten-una-vision-nocturna-en-tu-telefono-y-ilumina-tus-aventuras\/#primaryimage\"},\"thumbnailUrl\":\"http:\/\/blog.universofamilia.com\/wp-content\/uploads\/sites\/154\/2025\/01\/DESTAQUE-BLOG-UNIVERSO-550-x-350-2-1.jpg\",\"datePublished\":\"2025-01-06T18:23:05+00:00\",\"dateModified\":\"2025-01-06T18:23:05+00:00\",\"author\":{\"@id\":\"\"},\"description\":\"Ten una visi\u00f3n nocturna en tu tel\u00e9fono y ilumina tus aventuras. \u00bfHas pensado en explorar lugares oscuros, como senderos nocturnos o...\",\"breadcrumb\":{\"@id\":\"http:\/\/blog.universofamilia.com\/cs\/ten-una-vision-nocturna-en-tu-telefono-y-ilumina-tus-aventuras\/#breadcrumb\"},\"inLanguage\":\"hu\",\"potentialAction\":[{\"@type\":\"ReadAction\",\"target\":[\"http:\/\/blog.universofamilia.com\/cs\/ten-una-vision-nocturna-en-tu-telefono-y-ilumina-tus-aventuras\/\"]}]},{\"@type\":\"ImageObject\",\"inLanguage\":\"hu\",\"@id\":\"http:\/\/blog.universofamilia.com\/cs\/ten-una-vision-nocturna-en-tu-telefono-y-ilumina-tus-aventuras\/#primaryimage\",\"url\":\"http:\/\/blog.universofamilia.com\/wp-content\/uploads\/sites\/154\/2025\/01\/DESTAQUE-BLOG-UNIVERSO-550-x-350-2-1.jpg\",\"contentUrl\":\"http:\/\/blog.universofamilia.com\/wp-content\/uploads\/sites\/154\/2025\/01\/DESTAQUE-BLOG-UNIVERSO-550-x-350-2-1.jpg\",\"width\":500,\"height\":350,\"caption\":\"Ten una visi\u00f3n nocturna en tu tel\u00e9fono y ilumina tus aventuras\"},{\"@type\":\"BreadcrumbList\",\"@id\":\"http:\/\/blog.universofamilia.com\/cs\/ten-una-vision-nocturna-en-tu-telefono-y-ilumina-tus-aventuras\/#breadcrumb\",\"itemListElement\":[{\"@type\":\"ListItem\",\"position\":1,\"name\":\"Home\",\"item\":\"http:\/\/blog.universofamilia.com\/\"},{\"@type\":\"ListItem\",\"position\":2,\"name\":\"Ten una visi\u00f3n nocturna en tu tel\u00e9fono y ilumina tus aventuras\"}]},{\"@type\":\"WebSite\",\"@id\":\"http:\/\/blog.universofamilia.com\/#website\",\"url\":\"http:\/\/blog.universofamilia.com\/\",\"name\":\"Blog Universo Fam\u00edlia\",\"description\":\"\",\"potentialAction\":[{\"@type\":\"SearchAction\",\"target\":{\"@type\":\"EntryPoint\",\"urlTemplate\":\"http:\/\/blog.universofamilia.com\/?s={search_term_string}\"},\"query-input\":\"required name=search_term_string\"}],\"inLanguage\":\"hu\"}]}<\/script>\n<!-- \/ Yoast SEO plugin. -->","yoast_head_json":{"title":"Ten una visi\u00f3n nocturna en tu tel\u00e9fono y ilumina tus aventuras - Blog Universo Fam\u00edlia","description":"Ten una visi\u00f3n nocturna en tu tel\u00e9fono y ilumina tus aventuras. \u00bfHas pensado en explorar lugares oscuros, como senderos nocturnos o...","robots":{"index":"index","follow":"follow","max-snippet":"max-snippet:-1","max-image-preview":"max-image-preview:large","max-video-preview":"max-video-preview:-1"},"canonical":"http:\/\/blog.universofamilia.com\/hu\/ten-una-vision-nocturna-en-tu-telefono-y-ilumina-tus-aventuras\/","og_locale":"hu_HU","og_type":"article","og_title":"Ten una visi\u00f3n nocturna en tu tel\u00e9fono y ilumina tus aventuras - Blog Universo Fam\u00edlia","og_description":"Ten una visi\u00f3n nocturna en tu tel\u00e9fono y ilumina tus aventuras. \u00bfHas pensado en explorar lugares oscuros, como senderos nocturnos o...","og_url":"http:\/\/blog.universofamilia.com\/hu\/ten-una-vision-nocturna-en-tu-telefono-y-ilumina-tus-aventuras\/","og_site_name":"Blog Universo Fam\u00edlia","article_published_time":"2025-01-06T18:23:05+00:00","og_image":[{"width":500,"height":350,"url":"http:\/\/blog.universofamilia.com\/wp-content\/uploads\/sites\/154\/2025\/01\/DESTAQUE-BLOG-UNIVERSO-550-x-350-2-1.jpg","type":"image\/jpeg"}],"twitter_card":"summary_large_image","twitter_misc":{"Est. reading time":"6 perc"},"schema":{"@context":"https:\/\/schema.org","@graph":[{"@type":"WebPage","@id":"http:\/\/blog.universofamilia.com\/cs\/ten-una-vision-nocturna-en-tu-telefono-y-ilumina-tus-aventuras\/","url":"http:\/\/blog.universofamilia.com\/cs\/ten-una-vision-nocturna-en-tu-telefono-y-ilumina-tus-aventuras\/","name":"Ten una visi\u00f3n nocturna en tu tel\u00e9fono y ilumina tus aventuras - Blog Universo Fam\u00edlia","isPartOf":{"@id":"http:\/\/blog.universofamilia.com\/#website"},"primaryImageOfPage":{"@id":"http:\/\/blog.universofamilia.com\/cs\/ten-una-vision-nocturna-en-tu-telefono-y-ilumina-tus-aventuras\/#primaryimage"},"image":{"@id":"http:\/\/blog.universofamilia.com\/cs\/ten-una-vision-nocturna-en-tu-telefono-y-ilumina-tus-aventuras\/#primaryimage"},"thumbnailUrl":"http:\/\/blog.universofamilia.com\/wp-content\/uploads\/sites\/154\/2025\/01\/DESTAQUE-BLOG-UNIVERSO-550-x-350-2-1.jpg","datePublished":"2025-01-06T18:23:05+00:00","dateModified":"2025-01-06T18:23:05+00:00","author":{"@id":""},"description":"Ten una visi\u00f3n nocturna en tu tel\u00e9fono y ilumina tus aventuras. \u00bfHas pensado en explorar lugares oscuros, como senderos nocturnos o...","breadcrumb":{"@id":"http:\/\/blog.universofamilia.com\/cs\/ten-una-vision-nocturna-en-tu-telefono-y-ilumina-tus-aventuras\/#breadcrumb"},"inLanguage":"hu","potentialAction":[{"@type":"ReadAction","target":["http:\/\/blog.universofamilia.com\/cs\/ten-una-vision-nocturna-en-tu-telefono-y-ilumina-tus-aventuras\/"]}]},{"@type":"ImageObject","inLanguage":"hu","@id":"http:\/\/blog.universofamilia.com\/cs\/ten-una-vision-nocturna-en-tu-telefono-y-ilumina-tus-aventuras\/#primaryimage","url":"http:\/\/blog.universofamilia.com\/wp-content\/uploads\/sites\/154\/2025\/01\/DESTAQUE-BLOG-UNIVERSO-550-x-350-2-1.jpg","contentUrl":"http:\/\/blog.universofamilia.com\/wp-content\/uploads\/sites\/154\/2025\/01\/DESTAQUE-BLOG-UNIVERSO-550-x-350-2-1.jpg","width":500,"height":350,"caption":"Ten una visi\u00f3n nocturna en tu tel\u00e9fono y ilumina tus aventuras"},{"@type":"BreadcrumbList","@id":"http:\/\/blog.universofamilia.com\/cs\/ten-una-vision-nocturna-en-tu-telefono-y-ilumina-tus-aventuras\/#breadcrumb","itemListElement":[{"@type":"ListItem","position":1,"name":"Home","item":"http:\/\/blog.universofamilia.com\/"},{"@type":"ListItem","position":2,"name":"Ten una visi\u00f3n nocturna en tu tel\u00e9fono y ilumina tus aventuras"}]},{"@type":"WebSite","@id":"http:\/\/blog.universofamilia.com\/#website","url":"http:\/\/blog.universofamilia.com\/","name":"Blog Universo Fam\u00edlia","description":"","potentialAction":[{"@type":"SearchAction","target":{"@type":"EntryPoint","urlTemplate":"http:\/\/blog.universofamilia.com\/?s={search_term_string}"},"query-input":"required name=search_term_string"}],"inLanguage":"hu"}]}},"_links":{"self":[{"href":"http:\/\/blog.universofamilia.com\/hu\/wp-json\/wp\/v2\/posts\/244"}],"collection":[{"href":"http:\/\/blog.universofamilia.com\/hu\/wp-json\/wp\/v2\/posts"}],"about":[{"href":"http:\/\/blog.universofamilia.com\/hu\/wp-json\/wp\/v2\/types\/post"}],"replies":[{"embeddable":true,"href":"http:\/\/blog.universofamilia.com\/hu\/wp-json\/wp\/v2\/comments?post=244"}],"version-history":[{"count":0,"href":"http:\/\/blog.universofamilia.com\/hu\/wp-json\/wp\/v2\/posts\/244\/revisions"}],"wp:featuredmedia":[{"embeddable":true,"href":"http:\/\/blog.universofamilia.com\/hu\/wp-json\/wp\/v2\/media\/245"}],"wp:attachment":[{"href":"http:\/\/blog.universofamilia.com\/hu\/wp-json\/wp\/v2\/media?parent=244"}],"wp:term":[{"taxonomy":"category","embeddable":true,"href":"http:\/\/blog.universofamilia.com\/hu\/wp-json\/wp\/v2\/categories?post=244"},{"taxonomy":"post_tag","embeddable":true,"href":"http:\/\/blog.universofamilia.com\/hu\/wp-json\/wp\/v2\/tags?post=244"}],"curies":[{"name":"wp","href":"https:\/\/api.w.org\/{rel}","templated":true}]}}