{"id":1285,"date":"2025-10-23T19:10:08","date_gmt":"2025-10-23T19:10:08","guid":{"rendered":"https:\/\/blog.universofamilia.com\/?p=1285"},"modified":"2025-10-23T19:10:10","modified_gmt":"2025-10-23T19:10:10","slug":"street-food-la-comida-callejera-mas-famosa-del-mundo","status":"publish","type":"post","link":"http:\/\/blog.universofamilia.com\/hu\/street-food-la-comida-callejera-mas-famosa-del-mundo\/","title":{"rendered":"Utcai \u00e9telek: a vil\u00e1g legh\u00edresebb utcai \u00e9telei"},"content":{"rendered":"<p class=\"has-text-align-center\">Utcai \u00e9telek: a vil\u00e1g legh\u00edresebb utcai \u00e9telei autentikus \u00e9s gyorsan elk\u00e9sz\u00edthet\u0151 \u00edzeikkel t\u00falmutatnak a mindennapokon.<\/p>\n\n\n\n<figure class=\"wp-block-gallery aligncenter has-nested-images columns-default is-cropped wp-block-gallery-1 is-layout-flex wp-block-gallery-is-layout-flex\">\n<figure class=\"wp-block-image size-full\"><img loading=\"lazy\" decoding=\"async\" width=\"500\" height=\"350\" data-id=\"1287\" src=\"https:\/\/blog.universofamilia.com\/wp-content\/uploads\/sites\/154\/2025\/10\/DESTAQUE-BLOG-UNIVERSO-550-x-350-38-1.jpg\" alt=\"\" class=\"wp-image-1287\" srcset=\"http:\/\/blog.universofamilia.com\/wp-content\/uploads\/sites\/154\/2025\/10\/DESTAQUE-BLOG-UNIVERSO-550-x-350-38-1.jpg 500w, http:\/\/blog.universofamilia.com\/wp-content\/uploads\/sites\/154\/2025\/10\/DESTAQUE-BLOG-UNIVERSO-550-x-350-38-1-300x210.jpg 300w, http:\/\/blog.universofamilia.com\/wp-content\/uploads\/sites\/154\/2025\/10\/DESTAQUE-BLOG-UNIVERSO-550-x-350-38-1-18x12.jpg 18w\" sizes=\"(max-width: 500px) 100vw, 500px\" \/><figcaption class=\"wp-element-caption\">CANVA<\/figcaption><\/figure>\n<\/figure>\n\n\n\n<p class=\"has-text-align-center\"><strong>Utcai \u00e9telek divatja<\/strong> Az utcai \u00e9telek \u00ednyenc v\u00e1ltozata a 2025-\u00f6s \u00e9v egyik legfontosabb glob\u00e1lis trendje.<\/p>\n\n\n\n<h3 class=\"wp-block-heading\">\u00d6sszefoglal\u00e1s<\/h3>\n\n\n\n<ul>\n<li>A meghat\u00e1roz\u00e1s \u00e9s a felemelked\u00e9s <strong>a vil\u00e1g legh\u00edresebb utcai \u00e9telei<\/strong><\/li>\n\n\n\n<li>A m\u00f6g\u00f6tte \u00e1ll\u00f3 t\u00e9nyez\u0151k (gazdas\u00e1gi, t\u00e1rsadalmi, kultur\u00e1lis)<\/li>\n\n\n\n<li>Kiemelked\u0151 p\u00e9ld\u00e1k k\u00fcl\u00f6nb\u00f6z\u0151 r\u00e9gi\u00f3kban<\/li>\n\n\n\n<li>Hogyan hat\u00e1rozza \u00fajra ez a trend a v\u00e1rosi \u00e9tkez\u00e9si \u00e9lm\u00e9nyt?<\/li>\n\n\n\n<li>K\u00f6vetkeztet\u00e9s \u00e9s GYIK<\/li>\n<\/ul>\n\n\n\n<h2 class=\"wp-block-heading\">Mit \u00e9rt\u00fcnk utcai \u00e9tel alatt, \u00e9s mi\u00e9rt jutott el id\u00e1ig?<\/h2>\n\n\n\n<p>Amikor arr\u00f3l besz\u00e9l\u00fcnk, hogy \u201e<strong>Utcai \u00e9telek divatja<\/strong>\u201eVagy egyszer\u0171en csak \u201eutcai \u00e9tel\u201d alatt azokat a pillanatokat \u00e9rtj\u00fck, amikor egy azonnal fogyaszthat\u00f3 \u00e9telt v\u00e1s\u00e1rolsz az utc\u00e1n, a piacon vagy \u00fatk\u00f6zben.<\/p>\n\n\n\n<p>De ez m\u00e9g nem minden: 2025-re az utcai \u00e9telek egy kifinomultabb \u00e9lm\u00e9nny\u00e9 fejl\u0151dtek, finom\u00edtott alapanyagokkal \u00e9s kifinomult technik\u00e1kkal, an\u00e9lk\u00fcl, hogy elvesz\u00edten\u00e9k megk\u00f6zel\u00edthet\u0151 l\u00e9nyeg\u00e9t.<\/p>\n\n\n\n<p>Egy kulcsfontoss\u00e1g\u00fa t\u00e9ny: az Innova Market Insights c\u00e9g szerint \u201eminden negyedik fogyaszt\u00f3 kipr\u00f3b\u00e1lt m\u00e1r utcai \u00e9teleket az elm\u00falt \u00e9vben\u201d, \u00e9s t\u00f6bb mint a fel\u00fck (55 %) ezt \u201ehavonta n\u00e9h\u00e1nyszor\u201d teszi meg.<\/p>\n\n\n\n<p>Ezek a sz\u00e1mok azt t\u00fckr\u00f6zik, hogy az utcai \u00e9telek a mindennapi \u00e9let r\u00e9sz\u00e9t k\u00e9pezik, nem csak n\u00e9h\u00e1ny konkr\u00e9t pillanatot.<\/p>\n\n\n\n<p>Az ok nem csak az, hogy finom:<\/p>\n\n\n\n<p>Reag\u00e1l a gazdas\u00e1gosabb modellekre is (infl\u00e1ci\u00f3 idej\u00e9n), az autentikuss\u00e1g keres\u00e9s\u00e9re kevesebb fellengz\u0151ss\u00e9ggel \u00e9s val\u00f3di \u00edzzel, valamint a gyors, de eml\u00e9kezetes \u00e9lm\u00e9nyek el\u0151nyben r\u00e9szes\u00edt\u00e9s\u00e9re.<\/p>\n\n\n\n<h2 class=\"wp-block-heading\">Az utcai \u00e9lelmiszer-jelens\u00e9g globaliz\u00e1ci\u00f3j\u00e1t el\u0151mozd\u00edt\u00f3 t\u00e9nyez\u0151k<\/h2>\n\n\n\n<h3 class=\"wp-block-heading\">1. Gazdas\u00e1gi el\u00e9rhet\u0151s\u00e9g<\/h3>\n\n\n\n<p>Amikor az \u00e9letk\u00f6lts\u00e9gek emelkednek, a fogyaszt\u00f3k az \u00e9rt\u00e9ket keresik, \u00e9s az utcai \u00e9telek ezt k\u00edn\u00e1lj\u00e1k: teljes \u00edzt, m\u00e9rs\u00e9kelt \u00e1rakat, \u00e9s ami a legjobb, m\u00e9gis k\u00fcl\u00f6nleges \u00e9rz\u00e9st ny\u00fajtanak.<\/p>\n\n\n\n<p>A \u201eStreet Food Couture\u201d trend visszat\u00e9r\u0151ben van, felismerve, hogy az utcai \u00e9telek m\u00e1r nem csak gyors\u00e9ttermi jelleg\u0171ek: egyre \u201efelemelked\u0151bbek\u201d.<\/p>\n\n\n\n<h3 class=\"wp-block-heading\">2. Kultur\u00e1lis befoly\u00e1s \u00e9s migr\u00e1ci\u00f3<\/h3>\n\n\n\n<p>A migr\u00e1ci\u00f3, az utaz\u00e1s \u00e9s a globaliz\u00e1ci\u00f3 lehet\u0151v\u00e9 tette, hogy Bangkok, Lima \u00e9s Mexik\u00f3v\u00e1ros hagyom\u00e1nyos \u00edzei eljussanak eur\u00f3pai \u00e9s \u00e9szak-amerikai v\u00e1rosokba.<\/p>\n\n\n\n<p>Minden taco, minden gomb\u00f3c, minden ny\u00e1rs a hagyom\u00e1nyr\u00f3l, az elmozdul\u00e1sr\u00f3l \u00e9s a helyi adapt\u00e1ci\u00f3kr\u00f3l mes\u00e9l.<\/p>\n\n\n\n<p>Ez a kultur\u00e1lis metsz\u00e9spont egyedi vonzer\u0151t k\u00f6lcs\u00f6n\u00f6z az utcai \u00e9teleknek.<\/p>\n\n\n\n<h3 class=\"wp-block-heading\">3. K\u00f6z\u00f6ss\u00e9gi h\u00e1l\u00f3zatok \u00e9s vizu\u00e1lis \u00e9lm\u00e9ny<\/h3>\n\n\n\n<p>2025-ben nem el\u00e9g, ha egy \u00e9tel finom: kommunik\u00e1lnia is kell valamit, \u201eInstagram-kompatibilisnek\u201d kell lennie.<\/p>\n\n\n\n<p>Az utcai piacok, az \u00e9tel\u00e1rusok \u00e9s a v\u00e1rosi v\u00e1s\u00e1rok olyan \u00e9lm\u00e9nyt ny\u00fajtanak, amely t\u00falmutat az ev\u00e9sen: l\u00e1t\u00e1s, szagl\u00e1s, v\u00e1rakoz\u00e1s \u00e9s k\u00f3stol\u00e1s.<\/p>\n\n\n\n<p>Ez a \u201eteljes\u00edtm\u00e9ny\u201d hajtja a jelens\u00e9get.<\/p>\n\n\n\n<h3 class=\"wp-block-heading\">4. Gasztron\u00f3miai innov\u00e1ci\u00f3 a mindennapi utcai \u00e9telekben<\/h3>\n\n\n\n<p>Az utcai \u00e9telek feljavulnak: min\u0151s\u00e9gi alapanyagok, szak\u00e1csi technik\u00e1k \u00e9s apr\u00f3l\u00e9kos t\u00e1lal\u00e1s.<\/p>\n\n\n\n<p>M\u00e9g mindig utcaias, de kifinomultabb.<\/p>\n\n\n\n<p>A h\u00edrek szerint sok konyha ezt a st\u00edlust alkalmazza, hogy megsz\u00f3l\u00edtsa a Z gener\u00e1ci\u00f3t, akik az autentikuss\u00e1got, de az \u201e\u00fajdons\u00e1got\u201d is keresik.<\/p>\n\n\n\n<h2 class=\"wp-block-heading\">Eredeti utcai \u00e9telek a vil\u00e1g minden t\u00e1j\u00e1r\u00f3l<\/h2>\n\n\n\n<h3 class=\"wp-block-heading\">1. p\u00e9lda: A taco al pastor Mexik\u00f3v\u00e1rosban<\/h3>\n\n\n\n<p>Semmi sem mondja jobban az utcai \u00e9teleket, mint egy stand, ahol tromp\u00f3t (egyfajta h\u00fasgomb\u00f3cot), anan\u00e1szt, koriandert \u00e9s v\u00f6r\u00f6s sz\u00f3szt szolg\u00e1lnak fel.<\/p>\n\n\n\n<p>Ebben a v\u00e1rosi v\u00e1ltozatban a taco al pastor mag\u00e1ban foglalja a t\u00f6rt\u00e9nelmet (a libanoni migr\u00e1nsok \u00e1ltal hozott shawarm\u00e1kat), az intenz\u00edv \u00edzeket, az anan\u00e1sz kef\u00e9l\u00e9s\u00e9nek ritu\u00e1l\u00e9j\u00e1t \u00e9s a frissen pattogatott kukorica text\u00far\u00e1j\u00e1t.<\/p>\n\n\n\n<p>Ez a taco st\u00edlus \u00e1tl\u00e9pte a hat\u00e1rokat, \u00e9s megtal\u00e1lhat\u00f3 az \u00ednyenc \u00e9tlapokon, v\u00e1rosi v\u00e1s\u00e1rokon \u00e9s food truckokon Eur\u00f3p\u00e1ban.<\/p>\n\n\n\n<h3 class=\"wp-block-heading\">2. p\u00e9lda: Szat\u00e9 ny\u00e1rsak Jakart\u00e1ban<\/h3>\n\n\n\n<p>\u00c9jszaka az indon\u00e9z szat\u00e9 b\u00f3d\u00e9k p\u00e1colt, grillezett h\u00fasny\u00e1rsakat k\u00edn\u00e1lnak, mogyor\u00f3sz\u00f3sszal \u00e9s piaci hangulattal.<\/p>\n\n\n\n<p>Ez az \u00e9lm\u00e9ny \u00f6tv\u00f6zi az \u00edzeket, a vizu\u00e1lis ritu\u00e1l\u00e9kat (a szabadt\u00e9ri grill), a megfizethet\u0151 \u00e1rat \u00e9s a helyi kult\u00far\u00e1t.<\/p>\n\n\n\n<p>Ez egy \u00fajabb p\u00e9lda az utcai \u00e9telekre, amelyek izgalmasak, \u00e9s amelyekre a turist\u00e1k \u201eautentikusk\u00e9nt\u201d eml\u00e9keznek.<\/p>\n\n\n\n<p>Ez a k\u00e9t eset j\u00f3l mutatja, hogy b\u00e1r az \u00f6sszetev\u0151k \u00e9s a st\u00edlusok v\u00e1ltoznak, a minta hasonl\u00f3: \u00edz, hozz\u00e1f\u00e9rhet\u0151s\u00e9g, \u00e9lm\u00e9ny.<\/p>\n\n\n\n<p>\u00c9s ez a minta az, ami <strong>a vil\u00e1g legh\u00edresebb utcai \u00e9telei<\/strong> glob\u00e1lis kateg\u00f3riak\u00e9nt l\u00e9tezik.<\/p>\n\n\n\n<h2 class=\"wp-block-heading\">Hogyan \u00e9rtelmezed \u00fajra a v\u00e1rosi \u00e9tkez\u00e9si \u00e9lm\u00e9nyt?<\/h2>\n\n\n\n<ul>\n<li><strong>\u00c1tmeneti ritu\u00e1l\u00e9<\/strong>A form\u00e1lis \u00fcl\u0151helyek helyett vissza\u00e1ll a \u201espont\u00e1n \u00e9tkez\u00e9s\u201d fogalma: v\u00e1s\u00e1rolsz, s\u00e9t\u00e1lsz, eszel. Ez kapcsol\u00f3dik a gyors temp\u00f3j\u00fa v\u00e1rosi \u00e9letm\u00f3dhoz.<\/li>\n\n\n\n<li><strong>Soksz\u00edn\u0171s\u00e9g k\u00e9zn\u00e9l<\/strong>Az egyik nap perui, a k\u00f6vetkez\u0151n koreai, p\u00e9nteken pedig szeneg\u00e1li \u00e9teleket k\u00f3stolhatsz. A v\u00e1ltozatoss\u00e1g a kulcs.<\/li>\n\n\n\n<li><strong>Emelked\u00e9s l\u00e9nyegveszt\u00e9s n\u00e9lk\u00fcl<\/strong>Egy \u00ednyenc alapanyagokb\u00f3l k\u00e9sz\u00fclt ib\u00e9riai sert\u00e9sgomb\u00f3cokat vagy taco-kat k\u00edn\u00e1l\u00f3 food truck bizony\u00edtja, hogy az utcai \u00e9telek is lehetnek kreat\u00edvak \u00e9s min\u0151s\u00e9giek.<\/li>\n\n\n\n<li><strong>Megoszt\u00e1sos gazdas\u00e1g \u00e9s mikrov\u00e1llalkoz\u00e1s<\/strong>Sok utcai \u00e1rus egy\u00e9ni v\u00e1llalkoz\u00f3, mikrov\u00e1llalkoz\u00f3, ami lehet\u0151v\u00e9 teszi, hogy az utcai \u00e9telek fontos t\u00e1rsadalmi dimenzi\u00f3val rendelkezzenek.<\/li>\n\n\n\n<li><strong>Technol\u00f3giai alkalmazkod\u00f3k\u00e9pess\u00e9g<\/strong>Rendel\u00e9s alkalmaz\u00e1sokon, k\u00f6z\u00f6ss\u00e9gi m\u00e9di\u00e1n, tematikus v\u00e1s\u00e1rokon kereszt\u00fcl: az utcai \u00e9telek moderniz\u00e1l\u00f3dnak, an\u00e9lk\u00fcl, hogy elvesz\u00edten\u00e9k identit\u00e1sukat.<\/li>\n<\/ul>\n\n\n\n<p>Az anal\u00f3gia, ami seg\u00edt meg\u00e9rteni ezt: k\u00e9pzelj\u00fck el az utcai \u00e9teleket \u00fagy, mint <em>egy v\u00e1rosi szimf\u00f3nia<\/em>.<\/p>\n\n\n\n<p>Az \u00e1rus az improviz\u00e1l\u00f3 sz\u00f3lista, a v\u00e1ros a sz\u00ednpad, te pedig, mik\u00f6zben eszel, a k\u00f6z\u00f6ns\u00e9g \u00e9s a r\u00e9sztvev\u0151 vagy.<\/p>\n\n\n\n<p>Ha a k\u00eds\u00e9ret (a hangulat, a l\u00e1tv\u00e1ny, az illat) nem siker\u00fcl, a szimf\u00f3nia befejezetlennek hangzik.<\/p>\n\n\n\n<p>Ha minden a hely\u00e9re ker\u00fcl, akkor egy eml\u00e9kezetes pillanatban lesz r\u00e9szed.<\/p>\n\n\n\n<h2 class=\"wp-block-heading\">St\u00edlusok, r\u00e9gi\u00f3k \u00e9s saj\u00e1toss\u00e1gok \u00f6sszefoglal\u00f3 t\u00e1bl\u00e1zata<\/h2>\n\n\n\n<figure class=\"wp-block-table\"><table><thead><tr><th>R\u00e9gi\u00f3<\/th><th>Utcai \u00e9tel t\u00edpusa<\/th><th>Megk\u00fcl\u00f6nb\u00f6ztet\u0151 jellemz\u0151<\/th><\/tr><\/thead><tbody><tr><td>Mexik\u00f3v\u00e1ros<\/td><td>Taco al pastor<\/td><td>Migr\u00e1ns t\u00f6rt\u00e9nelem + ikonikus \u00edzvil\u00e1g<\/td><\/tr><tr><td>Jakarta, Indon\u00e9zia<\/td><td>Grillezett h\u00fasos satay<\/td><td>K\u00fclt\u00e9ri grill + mogyor\u00f3sz\u00f3sz<\/td><\/tr><tr><td>Bangkok, Thaif\u00f6ld<\/td><td>Utcai \u00e9lelmiszerpiac \u00e9jszaka<\/td><td>Sz\u00e9lesk\u00f6r\u0171, \u00e9l\u00e9nk t\u00e1rsadalmi kontextus<\/td><\/tr><tr><td>Nairobi, Kenya<\/td><td>Csapati \u00e9s szamosz\u00e1k<\/td><td>Indiai + afrikai hat\u00e1s, gyors\u00e9tterem<\/td><\/tr><\/tbody><\/table><figcaption class=\"wp-element-caption\">Utcai \u00e9telek: a vil\u00e1g legh\u00edresebb utcai \u00e9telei<\/figcaption><\/figure>\n\n\n\n<figure class=\"wp-block-gallery aligncenter has-nested-images columns-default is-cropped wp-block-gallery-2 is-layout-flex wp-block-gallery-is-layout-flex\">\n<figure class=\"wp-block-image size-full\"><img loading=\"lazy\" decoding=\"async\" width=\"500\" height=\"350\" data-id=\"1288\" src=\"https:\/\/blog.universofamilia.com\/wp-content\/uploads\/sites\/154\/2025\/10\/DESTAQUE-BLOG-UNIVERSO-550-x-350-39.jpg\" alt=\"\" class=\"wp-image-1288\" srcset=\"http:\/\/blog.universofamilia.com\/wp-content\/uploads\/sites\/154\/2025\/10\/DESTAQUE-BLOG-UNIVERSO-550-x-350-39.jpg 500w, http:\/\/blog.universofamilia.com\/wp-content\/uploads\/sites\/154\/2025\/10\/DESTAQUE-BLOG-UNIVERSO-550-x-350-39-300x210.jpg 300w, http:\/\/blog.universofamilia.com\/wp-content\/uploads\/sites\/154\/2025\/10\/DESTAQUE-BLOG-UNIVERSO-550-x-350-39-18x12.jpg 18w\" sizes=\"(max-width: 500px) 100vw, 500px\" \/><figcaption class=\"wp-element-caption\">CANVA<\/figcaption><\/figure>\n<\/figure>\n\n\n\n<p>B\u0151vebben:&nbsp;<a href=\"http:\/\/blog.universofamilia.com\/hu\/cocina-italiana-las-recetas-mas-iconicas\/\">Olasz konyha: a legikonikusabb receptek<\/a><\/p>\n\n\n\n<h2 class=\"wp-block-heading\">\u00c9rvek arr\u00f3l, hogy az utcai \u00e9telek mi\u00e9rt v\u00e1ltak glob\u00e1lis szerepl\u0151v\u00e9<\/h2>\n\n\n\n<h3 class=\"wp-block-heading\">A. \u00c9rzelmi el\u00e9gedetts\u00e9g \u00e9s k\u00f6z\u00f6ss\u00e9gi \u00e9rz\u00e9s<\/h3>\n\n\n\n<p>Az utc\u00e1n enni annyit tesz, mint kapcsol\u00f3dni a v\u00e1roshoz, m\u00e1sokhoz, a mozg\u00e1shoz.<\/p>\n\n\n\n<p>Egy egyre ink\u00e1bb digit\u00e1lis vil\u00e1gban a meg\u00e1llni, v\u00e1lasztani, v\u00e1rni p\u00e1r percet, \u00e9s ott helyben elfogyasztani egy k\u00e9zzelfoghat\u00f3 \u00e9s emberi \u00e9lm\u00e9nyt teremt.<\/p>\n\n\n\n<h3 class=\"wp-block-heading\">B. Gazdas\u00e1gi alkalmazkod\u00e1s<\/h3>\n\n\n\n<p>Az utcai \u00e9telek kifinomult \u00edzeket k\u00edn\u00e1lnak m\u00e9rs\u00e9kelt \u00e1ron.<\/p>\n\n\n\n<p>A glob\u00e1lis infl\u00e1ci\u00f3 kontextus\u00e1ban a min\u0151s\u00e9g \u00e9s az \u00e9rt\u00e9k ezen kombin\u00e1ci\u00f3ja k\u00fcl\u00f6n\u00f6sen vonz\u00f3.<\/p>\n\n\n\n<p>P\u00e9ld\u00e1ul az Innova kutat\u00e1sa azt mutatja, hogy az \u201e\u00e1r-\u00e9rt\u00e9k ar\u00e1ny\u201d kulcsfontoss\u00e1g\u00fa az utcai \u00e9telek kiv\u00e1laszt\u00e1s\u00e1ban.<\/p>\n\n\n\n<h3 class=\"wp-block-heading\">C. V\u00e1llalkoz\u00f3i szellem el\u0151mozd\u00edt\u00e1sa<\/h3>\n\n\n\n<p>Az \u00e9tel\u00e1rus\u00edt\u00f3 standok, az \u00e9telkocsik \u00e9s a mobil piacok lehet\u0151s\u00e9geket k\u00edn\u00e1lnak a v\u00e1llalkoz\u00f3knak, er\u0151s\u00edtik a helyi gazdas\u00e1gokat \u00e9s dinamiz\u00e1lj\u00e1k a v\u00e1rosokat.<\/p>\n\n\n\n<h3 class=\"wp-block-heading\">D. Kultur\u00e1lis impulzus<\/h3>\n\n\n\n<p>Amikor taco al pastort vagy sat\u00e9 ny\u00e1rsat k\u00f3stolsz, egy hagyom\u00e1nyhoz, egy adott helyr\u0151l sz\u00e1rmaz\u00f3 alapanyagokhoz f\u00e9rsz hozz\u00e1.<\/p>\n\n\n\n<p>Ez a kultur\u00e1lis dimenzi\u00f3 jelent\u0151s\u00e9gteljesebb\u00e9 teszi az utcai \u00e9teleket, mint egy \u00e1ltal\u00e1nos gyors\u00e9ttereml\u00e1ncot.<\/p>\n\n\n\n<h3 class=\"wp-block-heading\">E. Gasztron\u00f3miai innov\u00e1ci\u00f3 a mindennapi \u00e9letben<\/h3>\n\n\n\n<p>Az a t\u00e9ny, hogy az utcai \u00e9telek sz\u00edvesen k\u00eds\u00e9rleteznek, v\u00e1rosi gasztron\u00f3miai laborat\u00f3riumm\u00e1 teszi \u0151ket.<\/p>\n\n\n\n<p>\u00c9s ahogy m\u00e1r eml\u00edtett\u00fck, az \u201eutcai \u00e9telhamis\u00edtv\u00e1ny\u201d pr\u00e9mium alapanyagokat \u00e9s kifinomult technik\u00e1kat ig\u00e9nyel.<\/p>\n\n\n\n<h2 class=\"wp-block-heading\">Mi\u00e9rt folytat\u00f3dik ez a tendencia 2025-ben?<\/h2>\n\n\n\n<p>A kulcs a rugalmass\u00e1g\u00e1ban \u00e9s az emberrel val\u00f3 kapcsolat\u00e1ban rejlik.<\/p>\n\n\n\n<p>A jelent\u00e9sek szerint a 2025-\u00f6s \u00e9v f\u0151 trendjei k\u00f6z\u00f6tt pontosan az \u201eutcai \u00e9telek divatja\u201d \u00e9s a \u201ehat\u00e1rok n\u00e9lk\u00fcli konyha\u201d szerepel.<\/p>\n\n\n\n<p>R\u00e1ad\u00e1sul egy olyan k\u00f6rnyezetben, ahol sokan \u201egyors, de eml\u00e9kezetes\u201d \u00e9lm\u00e9nyeket, t\u00e1pl\u00e1l\u00f3t, de k\u00e9nyeztet\u0151t keresnek, az utcai \u00e9telek jobban illeszkednek a form\u00e1lis \u00e9tkez\u00e9sekhez.<\/p>\n\n\n\n<p>Nem kell, hogy egy asztalter\u00edt\u0151s \u00e9tteremben t\u00f6rt\u00e9njen; ott t\u00f6rt\u00e9nik, az utc\u00e1n.<\/p>\n\n\n\n<h2 class=\"wp-block-heading\">K\u00f6vetkeztet\u00e9s<\/h2>\n\n\n\n<p>Egy olyan vil\u00e1gban, ahol a gasztron\u00f3mia az ultraform\u00e1lis fel\u00e9 halad, <strong>utcai \u00e9telek<\/strong> bizony\u00edtja, hogy az \u00edznek nincs sz\u00fcks\u00e9ge c\u00edmk\u00e9re ahhoz, hogy izgalmat keltsen.<\/p>\n\n\n\n<p>\u00c9pp ellenkez\u0151leg: hiteless\u00e9get, t\u00f6rt\u00e9nelmet, k\u00f6z\u00f6ss\u00e9get \u00e9s kreativit\u00e1st k\u00edn\u00e1l.<\/p>\n\n\n\n<p>A \u201e**\u201d kateg\u00f3ria<strong>Utcai \u00e9telek divatja<\/strong>\u201emeger\u0151s\u00edti ezt: utcai \u00e9telek, amelyek nagyszer\u0171 \u00edzre t\u00f6rekszenek an\u00e9lk\u00fcl, hogy elvesz\u00edten\u00e9k v\u00e1rosi lelk\u00e9t.\u201d<\/p>\n\n\n\n<p>Ha azon t\u0171n\u0151dsz, hol egy\u00e9l ma, vedd fontol\u00f3ra ezt: keress egy olyan helyet, ahol a s\u00e9f friss, helyi alapanyagokb\u00f3l improviz\u00e1l, ahol a hangulat laza, az \u00e1rak m\u00e9rs\u00e9kelt, \u00e9s az \u00edzek val\u00f3ban eml\u00e9kezetesek.<\/p>\n\n\n\n<p>Tal\u00e1n ez teszi az utcai \u00e9teleket igaz\u00e1n a vil\u00e1g legh\u00edresebbjeiv\u00e9.<\/p>\n\n\n\n<p>Mert nem csak az ev\u00e9sr\u0151l van sz\u00f3, hanem egy pillanat, egy t\u00f6rt\u00e9net, egy v\u00e1ros meg\u00e9l\u00e9s\u00e9r\u0151l.<\/p>\n\n\n\n<p>\u00c9s ha \u00edgy n\u00e9zz\u00fck: Mikor \u00e1llt meg utolj\u00e1ra egy utcai \u00e1rusn\u00e1l, \u00e9s gondolta, hogy valami t\u00f6bbet tapasztal, mint egy egyszer\u0171 \u00e9tkez\u00e9st?<\/p>\n\n\n\n<p>Ez a tal\u00e1lkoz\u00e1s az utcai \u00e9telek l\u00e9nyege, amely a bolyg\u00f3 minden szeglet\u00e9ben visszhangra tal\u00e1l.<\/p>\n\n\n\n<p>B\u0151vebben:&nbsp;<a href=\"http:\/\/blog.universofamilia.com\/hu\/mejores-vinos-italianos-para-acompanar-pasta\/\">A legjobb olasz borok t\u00e9szta mell\u00e9<\/a><\/p>\n\n\n\n<h2 class=\"wp-block-heading\">\u2753 Gyakran ism\u00e9telt k\u00e9rd\u00e9sek<\/h2>\n\n\n\n<p><strong>Mindenhol biztons\u00e1gos az utcai \u00e9tel?<\/strong><\/p>\n\n\n\n<p><br>Az \u00e9lelmiszerbiztons\u00e1g orsz\u00e1gonk\u00e9nt \u00e9s a helyi el\u0151\u00edr\u00e1sokt\u00f3l f\u00fcgg\u0151en v\u00e1ltozhat.<\/p>\n\n\n\n<p>Fontos olyan helyeket v\u00e1lasztani, ahol j\u00f3 a higi\u00e9nia, lehet\u0151leg helyiek vagy megb\u00edzhat\u00f3 idegenvezet\u0151k aj\u00e1nl\u00e1s\u00e1val.<\/p>\n\n\n\n<p><strong>\u00cdnyencnek tekinthet\u0151 annak ellen\u00e9re, hogy utcai \u00e9tel?<\/strong><\/p>\n\n\n\n<p><br>Igen. Az \u201eutcai \u00e9telek haute couture\u201d trend megmutatja, hogyan emelik a min\u0151s\u00e9gi alapanyagok \u00e9s a l\u00e1that\u00f3 technik\u00e1k az \u00e9lm\u00e9nyt an\u00e9lk\u00fcl, hogy levonn\u00e1k az utcai \u00e9telek hangulat\u00e1t.<\/p>\n\n\n\n<p><strong>Mi\u00e9rt ker\u00fcl kevesebbe, mint egy hivatalos \u00e9tteremben?<\/strong><\/p>\n\n\n\n<p><br>Mert az \u00fczemeltet\u00e9si modell egyszer\u0171bb: alacsonyabb infrastruktur\u00e1lis k\u00f6lts\u00e9gek, minimalista szolg\u00e1ltat\u00e1s, gyakran kisv\u00e1llalkoz\u00f3k \u00fczemeltetik.<\/p>\n\n\n\n<p><strong>Gyors\u00e9tteremnek sz\u00e1m\u00edt?<\/strong><\/p>\n\n\n\n<p><br>Igen, a gyors kiszolg\u00e1l\u00e1s \u00e9s a laza hangulat tekintet\u00e9ben, de ez nem jelenti a min\u0151s\u00e9g hi\u00e1ny\u00e1t.<\/p>\n\n\n\n<p>A kulcs a gyorsas\u00e1g \u00e9s az \u00edz.<\/p>\n\n\n\n<p><strong>Meg\u00e9ri az \u00e9telek szerelmeseinek?<\/strong><\/p>\n\n\n\n<p><br>Abszol\u00fat. Az utcai \u00e9telek lehet\u0151v\u00e9 teszik, hogy k\u00f6zvetlen\u00fcl fedezd fel a kultur\u00e1lis hagyom\u00e1nyokat, a helyi alapanyagokat \u00e9s az autentikus \u00edzeket, egy \u00e9tterem formalit\u00e1sai n\u00e9lk\u00fcl.<\/p>","protected":false},"excerpt":{"rendered":"<p>Street food: la comida callejera m\u00e1s famosa del mundo por sabores aut\u00e9nticos y r\u00e1pidos va m\u00e1s all\u00e1 de lo cotidiano. Street Food Couture una versi\u00f3n gourmet de la comida callejera se encuentre entre las tendencias globales m\u00e1s relevantes para 2025. Sumario \u00bfQu\u00e9 entendemos por Street food la comida callejera y por qu\u00e9 ha llegado tan [&hellip;]<\/p>","protected":false},"author":219,"featured_media":1286,"comment_status":"closed","ping_status":"open","sticky":false,"template":"","format":"standard","meta":{"footnotes":""},"categories":[3],"tags":[],"yoast_head":"<!-- This site is optimized with the Yoast SEO plugin v23.3 - https:\/\/yoast.com\/wordpress\/plugins\/seo\/ -->\n<title>Street food: la comida callejera m\u00e1s famosa del mundo - Blog Universo Fam\u00edlia<\/title>\n<meta name=\"description\" content=\"Street food: la comida callejera m\u00e1s famosa del mundo por sabores aut\u00e9nticos y r\u00e1pidos va m\u00e1s all\u00e1 de lo cotidiano.Street Food Couture una...\" \/>\n<meta name=\"robots\" content=\"index, follow, max-snippet:-1, max-image-preview:large, max-video-preview:-1\" \/>\n<link rel=\"canonical\" href=\"http:\/\/blog.universofamilia.com\/hu\/street-food-la-comida-callejera-mas-famosa-del-mundo\/\" \/>\n<meta property=\"og:locale\" content=\"hu_HU\" \/>\n<meta property=\"og:type\" content=\"article\" \/>\n<meta property=\"og:title\" content=\"Street food: la comida callejera m\u00e1s famosa del mundo - Blog Universo Fam\u00edlia\" \/>\n<meta property=\"og:description\" content=\"Street food: la comida callejera m\u00e1s famosa del mundo por sabores aut\u00e9nticos y r\u00e1pidos va m\u00e1s all\u00e1 de lo cotidiano.Street Food Couture una...\" \/>\n<meta property=\"og:url\" content=\"http:\/\/blog.universofamilia.com\/hu\/street-food-la-comida-callejera-mas-famosa-del-mundo\/\" \/>\n<meta property=\"og:site_name\" content=\"Blog Universo Fam\u00edlia\" \/>\n<meta property=\"article:published_time\" content=\"2025-10-23T19:10:08+00:00\" \/>\n<meta property=\"article:modified_time\" content=\"2025-10-23T19:10:10+00:00\" \/>\n<meta property=\"og:image\" content=\"http:\/\/blog.universofamilia.com\/wp-content\/uploads\/sites\/154\/2025\/10\/DESTAQUE-BLOG-UNIVERSO-550-x-350-38.jpg\" \/>\n\t<meta property=\"og:image:width\" content=\"500\" \/>\n\t<meta property=\"og:image:height\" content=\"350\" \/>\n\t<meta property=\"og:image:type\" content=\"image\/jpeg\" \/>\n<meta name=\"author\" content=\"Matheus Sangaletti\" \/>\n<meta name=\"twitter:card\" content=\"summary_large_image\" \/>\n<meta name=\"twitter:label1\" content=\"Written by\" \/>\n\t<meta name=\"twitter:data1\" content=\"Matheus Sangaletti\" \/>\n\t<meta name=\"twitter:label2\" content=\"Est. reading time\" \/>\n\t<meta name=\"twitter:data2\" content=\"10 perc\" \/>\n<script type=\"application\/ld+json\" class=\"yoast-schema-graph\">{\"@context\":\"https:\/\/schema.org\",\"@graph\":[{\"@type\":\"WebPage\",\"@id\":\"http:\/\/blog.universofamilia.com\/zh_hk\/street-food-la-comida-callejera-mas-famosa-del-mundo\/\",\"url\":\"http:\/\/blog.universofamilia.com\/zh_hk\/street-food-la-comida-callejera-mas-famosa-del-mundo\/\",\"name\":\"Street food: la comida callejera m\u00e1s famosa del mundo - Blog Universo Fam\u00edlia\",\"isPartOf\":{\"@id\":\"https:\/\/blog.universofamilia.com\/ko\/#website\"},\"primaryImageOfPage\":{\"@id\":\"http:\/\/blog.universofamilia.com\/zh_hk\/street-food-la-comida-callejera-mas-famosa-del-mundo\/#primaryimage\"},\"image\":{\"@id\":\"http:\/\/blog.universofamilia.com\/zh_hk\/street-food-la-comida-callejera-mas-famosa-del-mundo\/#primaryimage\"},\"thumbnailUrl\":\"http:\/\/blog.universofamilia.com\/wp-content\/uploads\/sites\/154\/2025\/10\/DESTAQUE-BLOG-UNIVERSO-550-x-350-38.jpg\",\"datePublished\":\"2025-10-23T19:10:08+00:00\",\"dateModified\":\"2025-10-23T19:10:10+00:00\",\"author\":{\"@id\":\"https:\/\/blog.universofamilia.com\/ko\/#\/schema\/person\/92fcd07e9b1f4323bf74f3170fc0f78a\"},\"description\":\"Street food: la comida callejera m\u00e1s famosa del mundo por sabores aut\u00e9nticos y r\u00e1pidos va m\u00e1s all\u00e1 de lo cotidiano.Street Food Couture una...\",\"breadcrumb\":{\"@id\":\"http:\/\/blog.universofamilia.com\/zh_hk\/street-food-la-comida-callejera-mas-famosa-del-mundo\/#breadcrumb\"},\"inLanguage\":\"hu\",\"potentialAction\":[{\"@type\":\"ReadAction\",\"target\":[\"http:\/\/blog.universofamilia.com\/zh_hk\/street-food-la-comida-callejera-mas-famosa-del-mundo\/\"]}]},{\"@type\":\"ImageObject\",\"inLanguage\":\"hu\",\"@id\":\"http:\/\/blog.universofamilia.com\/zh_hk\/street-food-la-comida-callejera-mas-famosa-del-mundo\/#primaryimage\",\"url\":\"http:\/\/blog.universofamilia.com\/wp-content\/uploads\/sites\/154\/2025\/10\/DESTAQUE-BLOG-UNIVERSO-550-x-350-38.jpg\",\"contentUrl\":\"http:\/\/blog.universofamilia.com\/wp-content\/uploads\/sites\/154\/2025\/10\/DESTAQUE-BLOG-UNIVERSO-550-x-350-38.jpg\",\"width\":500,\"height\":350},{\"@type\":\"BreadcrumbList\",\"@id\":\"http:\/\/blog.universofamilia.com\/zh_hk\/street-food-la-comida-callejera-mas-famosa-del-mundo\/#breadcrumb\",\"itemListElement\":[{\"@type\":\"ListItem\",\"position\":1,\"name\":\"Home\",\"item\":\"https:\/\/blog.universofamilia.com\/ko\/\"},{\"@type\":\"ListItem\",\"position\":2,\"name\":\"Street food: la comida callejera m\u00e1s famosa del mundo\"}]},{\"@type\":\"WebSite\",\"@id\":\"https:\/\/blog.universofamilia.com\/ko\/#website\",\"url\":\"https:\/\/blog.universofamilia.com\/ko\/\",\"name\":\"Blog Universo Fam\u00edlia\",\"description\":\"\",\"potentialAction\":[{\"@type\":\"SearchAction\",\"target\":{\"@type\":\"EntryPoint\",\"urlTemplate\":\"https:\/\/blog.universofamilia.com\/ko\/?s={search_term_string}\"},\"query-input\":\"required name=search_term_string\"}],\"inLanguage\":\"hu\"},{\"@type\":\"Person\",\"@id\":\"https:\/\/blog.universofamilia.com\/ko\/#\/schema\/person\/92fcd07e9b1f4323bf74f3170fc0f78a\",\"name\":\"Matheus Sangaletti\",\"image\":{\"@type\":\"ImageObject\",\"inLanguage\":\"hu\",\"@id\":\"https:\/\/blog.universofamilia.com\/ko\/#\/schema\/person\/image\/\",\"url\":\"http:\/\/2.gravatar.com\/avatar\/280ea957a14a48e6a1ad2133d2cc27c9?s=96&d=mm&r=g\",\"contentUrl\":\"http:\/\/2.gravatar.com\/avatar\/280ea957a14a48e6a1ad2133d2cc27c9?s=96&d=mm&r=g\",\"caption\":\"Matheus Sangaletti\"},\"url\":\"http:\/\/blog.universofamilia.com\/hu\/author\/matheuss\/\"}]}<\/script>\n<!-- \/ Yoast SEO plugin. -->","yoast_head_json":{"title":"Street food: la comida callejera m\u00e1s famosa del mundo - Blog Universo Fam\u00edlia","description":"Street food: la comida callejera m\u00e1s famosa del mundo por sabores aut\u00e9nticos y r\u00e1pidos va m\u00e1s all\u00e1 de lo cotidiano.Street Food Couture una...","robots":{"index":"index","follow":"follow","max-snippet":"max-snippet:-1","max-image-preview":"max-image-preview:large","max-video-preview":"max-video-preview:-1"},"canonical":"http:\/\/blog.universofamilia.com\/hu\/street-food-la-comida-callejera-mas-famosa-del-mundo\/","og_locale":"hu_HU","og_type":"article","og_title":"Street food: la comida callejera m\u00e1s famosa del mundo - Blog Universo Fam\u00edlia","og_description":"Street food: la comida callejera m\u00e1s famosa del mundo por sabores aut\u00e9nticos y r\u00e1pidos va m\u00e1s all\u00e1 de lo cotidiano.Street Food Couture una...","og_url":"http:\/\/blog.universofamilia.com\/hu\/street-food-la-comida-callejera-mas-famosa-del-mundo\/","og_site_name":"Blog Universo Fam\u00edlia","article_published_time":"2025-10-23T19:10:08+00:00","article_modified_time":"2025-10-23T19:10:10+00:00","og_image":[{"width":500,"height":350,"url":"http:\/\/blog.universofamilia.com\/wp-content\/uploads\/sites\/154\/2025\/10\/DESTAQUE-BLOG-UNIVERSO-550-x-350-38.jpg","type":"image\/jpeg"}],"author":"Matheus Sangaletti","twitter_card":"summary_large_image","twitter_misc":{"Written by":"Matheus Sangaletti","Est. reading time":"10 perc"},"schema":{"@context":"https:\/\/schema.org","@graph":[{"@type":"WebPage","@id":"http:\/\/blog.universofamilia.com\/zh_hk\/street-food-la-comida-callejera-mas-famosa-del-mundo\/","url":"http:\/\/blog.universofamilia.com\/zh_hk\/street-food-la-comida-callejera-mas-famosa-del-mundo\/","name":"Street food: la comida callejera m\u00e1s famosa del mundo - Blog Universo Fam\u00edlia","isPartOf":{"@id":"https:\/\/blog.universofamilia.com\/ko\/#website"},"primaryImageOfPage":{"@id":"http:\/\/blog.universofamilia.com\/zh_hk\/street-food-la-comida-callejera-mas-famosa-del-mundo\/#primaryimage"},"image":{"@id":"http:\/\/blog.universofamilia.com\/zh_hk\/street-food-la-comida-callejera-mas-famosa-del-mundo\/#primaryimage"},"thumbnailUrl":"http:\/\/blog.universofamilia.com\/wp-content\/uploads\/sites\/154\/2025\/10\/DESTAQUE-BLOG-UNIVERSO-550-x-350-38.jpg","datePublished":"2025-10-23T19:10:08+00:00","dateModified":"2025-10-23T19:10:10+00:00","author":{"@id":"https:\/\/blog.universofamilia.com\/ko\/#\/schema\/person\/92fcd07e9b1f4323bf74f3170fc0f78a"},"description":"Street food: la comida callejera m\u00e1s famosa del mundo por sabores aut\u00e9nticos y r\u00e1pidos va m\u00e1s all\u00e1 de lo cotidiano.Street Food Couture una...","breadcrumb":{"@id":"http:\/\/blog.universofamilia.com\/zh_hk\/street-food-la-comida-callejera-mas-famosa-del-mundo\/#breadcrumb"},"inLanguage":"hu","potentialAction":[{"@type":"ReadAction","target":["http:\/\/blog.universofamilia.com\/zh_hk\/street-food-la-comida-callejera-mas-famosa-del-mundo\/"]}]},{"@type":"ImageObject","inLanguage":"hu","@id":"http:\/\/blog.universofamilia.com\/zh_hk\/street-food-la-comida-callejera-mas-famosa-del-mundo\/#primaryimage","url":"http:\/\/blog.universofamilia.com\/wp-content\/uploads\/sites\/154\/2025\/10\/DESTAQUE-BLOG-UNIVERSO-550-x-350-38.jpg","contentUrl":"http:\/\/blog.universofamilia.com\/wp-content\/uploads\/sites\/154\/2025\/10\/DESTAQUE-BLOG-UNIVERSO-550-x-350-38.jpg","width":500,"height":350},{"@type":"BreadcrumbList","@id":"http:\/\/blog.universofamilia.com\/zh_hk\/street-food-la-comida-callejera-mas-famosa-del-mundo\/#breadcrumb","itemListElement":[{"@type":"ListItem","position":1,"name":"Home","item":"https:\/\/blog.universofamilia.com\/ko\/"},{"@type":"ListItem","position":2,"name":"Street food: la comida callejera m\u00e1s famosa del mundo"}]},{"@type":"WebSite","@id":"https:\/\/blog.universofamilia.com\/ko\/#website","url":"https:\/\/blog.universofamilia.com\/ko\/","name":"Blog Universo Fam\u00edlia","description":"","potentialAction":[{"@type":"SearchAction","target":{"@type":"EntryPoint","urlTemplate":"https:\/\/blog.universofamilia.com\/ko\/?s={search_term_string}"},"query-input":"required name=search_term_string"}],"inLanguage":"hu"},{"@type":"Person","@id":"https:\/\/blog.universofamilia.com\/ko\/#\/schema\/person\/92fcd07e9b1f4323bf74f3170fc0f78a","name":"Matheus Sangaletti","image":{"@type":"ImageObject","inLanguage":"hu","@id":"https:\/\/blog.universofamilia.com\/ko\/#\/schema\/person\/image\/","url":"http:\/\/2.gravatar.com\/avatar\/280ea957a14a48e6a1ad2133d2cc27c9?s=96&d=mm&r=g","contentUrl":"http:\/\/2.gravatar.com\/avatar\/280ea957a14a48e6a1ad2133d2cc27c9?s=96&d=mm&r=g","caption":"Matheus Sangaletti"},"url":"http:\/\/blog.universofamilia.com\/hu\/author\/matheuss\/"}]}},"_links":{"self":[{"href":"http:\/\/blog.universofamilia.com\/hu\/wp-json\/wp\/v2\/posts\/1285"}],"collection":[{"href":"http:\/\/blog.universofamilia.com\/hu\/wp-json\/wp\/v2\/posts"}],"about":[{"href":"http:\/\/blog.universofamilia.com\/hu\/wp-json\/wp\/v2\/types\/post"}],"author":[{"embeddable":true,"href":"http:\/\/blog.universofamilia.com\/hu\/wp-json\/wp\/v2\/users\/219"}],"replies":[{"embeddable":true,"href":"http:\/\/blog.universofamilia.com\/hu\/wp-json\/wp\/v2\/comments?post=1285"}],"version-history":[{"count":2,"href":"http:\/\/blog.universofamilia.com\/hu\/wp-json\/wp\/v2\/posts\/1285\/revisions"}],"predecessor-version":[{"id":1290,"href":"http:\/\/blog.universofamilia.com\/hu\/wp-json\/wp\/v2\/posts\/1285\/revisions\/1290"}],"wp:featuredmedia":[{"embeddable":true,"href":"http:\/\/blog.universofamilia.com\/hu\/wp-json\/wp\/v2\/media\/1286"}],"wp:attachment":[{"href":"http:\/\/blog.universofamilia.com\/hu\/wp-json\/wp\/v2\/media?parent=1285"}],"wp:term":[{"taxonomy":"category","embeddable":true,"href":"http:\/\/blog.universofamilia.com\/hu\/wp-json\/wp\/v2\/categories?post=1285"},{"taxonomy":"post_tag","embeddable":true,"href":"http:\/\/blog.universofamilia.com\/hu\/wp-json\/wp\/v2\/tags?post=1285"}],"curies":[{"name":"wp","href":"https:\/\/api.w.org\/{rel}","templated":true}]}}